{"id":30336,"date":"2018-12-28T17:12:54","date_gmt":"2018-12-28T20:12:54","guid":{"rendered":"http:\/\/blogdoeloiltoncajuhy.com.br\/site\/?p=30336"},"modified":"2018-12-28T17:13:01","modified_gmt":"2018-12-28T20:13:01","slug":"homem-acusado-da-morte-de-ze-da-zefa-e-preso-em-andorinha","status":"publish","type":"post","link":"https:\/\/blogdoeloiltoncajuhy.com.br\/site\/homem-acusado-da-morte-de-ze-da-zefa-e-preso-em-andorinha\/","title":{"rendered":"Homem acusado da morte de Z\u00e9 da Zefa \u00e9 preso em Andorinha"},"content":{"rendered":"\n<div class=\"wp-block-image\"><figure class=\"aligncenter is-resized\"><img data-recalc-dims=\"1\" fetchpriority=\"high\" decoding=\"async\" src=\"https:\/\/i0.wp.com\/blogdoeloiltoncajuhy.com.br\/site\/wp-content\/uploads\/2018\/12\/iargo-duarte.jpg?resize=360%2C480\" alt=\"\" class=\"wp-image-30337\" width=\"360\" height=\"480\" srcset=\"https:\/\/i0.wp.com\/blogdoeloiltoncajuhy.com.br\/site\/wp-content\/uploads\/2018\/12\/iargo-duarte.jpg?w=720&amp;ssl=1 720w, https:\/\/i0.wp.com\/blogdoeloiltoncajuhy.com.br\/site\/wp-content\/uploads\/2018\/12\/iargo-duarte.jpg?resize=225%2C300&amp;ssl=1 225w, https:\/\/i0.wp.com\/blogdoeloiltoncajuhy.com.br\/site\/wp-content\/uploads\/2018\/12\/iargo-duarte.jpg?resize=188%2C250&amp;ssl=1 188w\" sizes=\"(max-width: 360px) 100vw, 360px\" \/><figcaption><em>Iargo Duarte \u00e9 acusado da morte de Z\u00e9 da Zefa (Foto: Pol\u00edcia Civil)<\/em><\/figcaption><\/figure><\/div>\n\n\n\n<p>Policiais da cidade de Andorinha, prenderam, por volta das 10h50 desta sexta-feira (28), o homem acusado da morte de <strong>Jos\u00e9 Gon\u00e7alves Fernandes<\/strong>, mais conhecido como <strong>Z\u00e9 da Zefa<\/strong>, e que morava em Santa Rosa de Lima, munic\u00edpio de Jaguarari. <strong><em><a href=\"http:\/\/blogdoeloiltoncajuhy.com.br\/site\/bastante-conhecido-na-regiao-comerciante-de-santa-rosa-de-lima-e-encontrado-morto-em-sua-roca\/\">Relembre o caso clicando aqui<\/a><\/em><\/strong><\/p>\n\n\n\n<p><strong>Iargo Duarte de Oliveira<\/strong>, 24 anos, que mora na localidade S\u00edtio Bagaceira, em Jaguarari, foi preso ap\u00f3s a Justi\u00e7a expedir mandado de pris\u00e3o. O trabalho de investiga\u00e7\u00e3o que culminou com a pris\u00e3o do acusado, foi realizado pela Delegacia Territorial de Andorinha, com o apoio da Pol\u00edcia Civil de Senhor do Bonfim.<\/p>\n\n\n\n<p>Iargo Duarte se encontra \u00e0 disposi\u00e7\u00e3o da Justi\u00e7a na carceragem da Delegacia Territorial de Senhor do Bonfim.<\/p>\n\n\n\n<p><strong><em>BLOG DO ELOILTON CAJUHY &#8211; Com informa\u00e7\u00f5es da Delegacia Territorial de Andorinha e 19\u00aa Coorpin\/Senhor do Bonfim-BA<\/em><\/strong><\/p>\n","protected":false},"excerpt":{"rendered":"<p>Policiais da cidade de Andorinha, prenderam, por volta das 10h50 desta sexta-feira (28), o homem acusado da morte de Jos\u00e9 Gon\u00e7alves Fernandes, mais conhecido como Z\u00e9 da Zefa, e que morava em Santa Rosa de Lima, munic\u00edpio de Jaguarari. Relembre o caso clicando aqui Iargo Duarte de Oliveira, 24 anos, que mora na localidade S\u00edtio [&hellip;]<\/p>\n","protected":false},"author":2,"featured_media":30337,"comment_status":"open","ping_status":"open","sticky":false,"template":"","format":"standard","meta":{"_acf_changed":false,"_monsterinsights_skip_tracking":false,"_monsterinsights_sitenote_active":false,"_monsterinsights_sitenote_note":"","_monsterinsights_sitenote_category":0,"_jetpack_memberships_contains_paid_content":false,"footnotes":"","jetpack_publicize_message":"","jetpack_publicize_feature_enabled":true,"jetpack_social_post_already_shared":true,"jetpack_social_options":{"image_generator_settings":{"template":"highway","default_image_id":0,"font":"","enabled":false},"version":2}},"categories":[5,1,11],"tags":[],"class_list":["post-30336","post","type-post","status-publish","format-standard","has-post-thumbnail","hentry","category-cotidiano","category-noticias","category-regional"],"acf":[],"jetpack_publicize_connections":[],"jetpack_featured_media_url":"https:\/\/i0.wp.com\/blogdoeloiltoncajuhy.com.br\/site\/wp-content\/uploads\/2018\/12\/iargo-duarte.jpg?fit=720%2C960&ssl=1","jetpack_sharing_enabled":true,"publishpress_future_workflow_manual_trigger":{"enabledWorkflows":[]},"_links":{"self":[{"href":"https:\/\/blogdoeloiltoncajuhy.com.br\/site\/wp-json\/wp\/v2\/posts\/30336","targetHints":{"allow":["GET"]}}],"collection":[{"href":"https:\/\/blogdoeloiltoncajuhy.com.br\/site\/wp-json\/wp\/v2\/posts"}],"about":[{"href":"https:\/\/blogdoeloiltoncajuhy.com.br\/site\/wp-json\/wp\/v2\/types\/post"}],"author":[{"embeddable":true,"href":"https:\/\/blogdoeloiltoncajuhy.com.br\/site\/wp-json\/wp\/v2\/users\/2"}],"replies":[{"embeddable":true,"href":"https:\/\/blogdoeloiltoncajuhy.com.br\/site\/wp-json\/wp\/v2\/comments?post=30336"}],"version-history":[{"count":1,"href":"https:\/\/blogdoeloiltoncajuhy.com.br\/site\/wp-json\/wp\/v2\/posts\/30336\/revisions"}],"predecessor-version":[{"id":30338,"href":"https:\/\/blogdoeloiltoncajuhy.com.br\/site\/wp-json\/wp\/v2\/posts\/30336\/revisions\/30338"}],"wp:featuredmedia":[{"embeddable":true,"href":"https:\/\/blogdoeloiltoncajuhy.com.br\/site\/wp-json\/wp\/v2\/media\/30337"}],"wp:attachment":[{"href":"https:\/\/blogdoeloiltoncajuhy.com.br\/site\/wp-json\/wp\/v2\/media?parent=30336"}],"wp:term":[{"taxonomy":"category","embeddable":true,"href":"https:\/\/blogdoeloiltoncajuhy.com.br\/site\/wp-json\/wp\/v2\/categories?post=30336"},{"taxonomy":"post_tag","embeddable":true,"href":"https:\/\/blogdoeloiltoncajuhy.com.br\/site\/wp-json\/wp\/v2\/tags?post=30336"}],"curies":[{"name":"wp","href":"https:\/\/api.w.org\/{rel}","templated":true}]}}