{"id":30333,"date":"2018-12-28T12:33:39","date_gmt":"2018-12-28T15:33:39","guid":{"rendered":"http:\/\/blogdoeloiltoncajuhy.com.br\/site\/?p=30333"},"modified":"2018-12-28T12:33:45","modified_gmt":"2018-12-28T15:33:45","slug":"cantora-miucha-sera-sepultada-nesta-sexta-feira-no-cemiterio-sao-joao-batista","status":"publish","type":"post","link":"https:\/\/blogdoeloiltoncajuhy.com.br\/site\/cantora-miucha-sera-sepultada-nesta-sexta-feira-no-cemiterio-sao-joao-batista\/","title":{"rendered":"Cantora Mi\u00facha ser\u00e1 sepultada nesta sexta-feira no Cemit\u00e9rio S\u00e3o Jo\u00e3o Batista"},"content":{"rendered":"\n<h5 class=\"wp-block-heading\" style=\"text-align:center\"><em>Irm\u00e3 de Chico Buarque e m\u00e3e de Bebel Gilberto estava em tratamento contra um c\u00e2ncer e morreu ap\u00f3s ser internada nesta quinta-feira (27). Cerim\u00f4nia ter\u00e1 apenas amigos e familiares<\/em><\/h5>\n\n\n\n<figure class=\"wp-block-embed-youtube wp-block-embed is-type-video is-provider-youtube wp-embed-aspect-4-3 wp-has-aspect-ratio\"><div class=\"wp-block-embed__wrapper\">\n<iframe title=\"Pela Luz dos Olhos Teus   Tom Jobim, Miucha e Vinicius de Moraes\" width=\"800\" height=\"600\" src=\"https:\/\/www.youtube.com\/embed\/rs4ggz5aeVg?feature=oembed\" frameborder=\"0\" allow=\"accelerometer; autoplay; encrypted-media; gyroscope; picture-in-picture\" allowfullscreen><\/iframe>\n<\/div><\/figure>\n\n\n\n<p>A cantora e compositora Mi\u00facha ser\u00e1 sepultada nesta sexta-feira (28), no Cemit\u00e9rio S\u00e3o Jo\u00e3o Batista, em Botafogo, na Zona Sul do Rio. O vel\u00f3rio come\u00e7ou \u00e0s 11h (hor\u00e1rio da Bahia) e \u00e9 apenas para familiares e amigos. O sepultamento est\u00e1 marcado para as 15h30 (Bahia).<\/p>\n\n\n\n<p>Mi\u00facha morreu \u00e0s 17h30 desta quinta-feira (27), aos 81 anos, no Hospital Samaritano, no Rio. Irm\u00e3 de Chico Buarque, m\u00e3e de Bebel Gilberto, ela tratava de um c\u00e2ncer e sofreu uma parada respirat\u00f3ria. Ao longo de mais de 40 anos de carreira, lan\u00e7ou 14 discos e fez parcerias com artistas da bossa nova e da MPB.<\/p>\n\n\n\n<p>Mi\u00facha, apelido de Heloisa Maria Buarque de Holanda, nasceu no Rio, e era filha do historiador e jornalista S\u00e9rgio Buarque de Holanda e da pintora e pianista Maria Am\u00e9lia Ces\u00e1rio Alvim.<\/p>\n\n\n\n<p>Quando crian\u00e7a, formou um grupo vocal com seus seis irm\u00e3os, incluindo Chico Buarque. Nos anos 1960, foi estudar Hist\u00f3ria da Arte na Fran\u00e7a, onde come\u00e7ou a fazer apresenta\u00e7\u00f5es musicais.<\/p>\n\n\n\n<p>Na it\u00e1lia, conheceu a cantora chilena Violeta Parra, que a apresentou a Jo\u00e3o Gilberto, com quem se casou. Eles foram morar em Nova York, tiveram a filha Bebel e ficaram casados durante oito anos.<\/p>\n\n\n\n<div class=\"wp-block-image\"><figure class=\"aligncenter is-resized\"><img data-recalc-dims=\"1\" fetchpriority=\"high\" decoding=\"async\" src=\"https:\/\/i0.wp.com\/blogdoeloiltoncajuhy.com.br\/site\/wp-content\/uploads\/2018\/12\/miucha1989.jpg?resize=492%2C451\" alt=\"\" class=\"wp-image-30334\" width=\"492\" height=\"451\" srcset=\"https:\/\/i0.wp.com\/blogdoeloiltoncajuhy.com.br\/site\/wp-content\/uploads\/2018\/12\/miucha1989.jpg?w=984&amp;ssl=1 984w, https:\/\/i0.wp.com\/blogdoeloiltoncajuhy.com.br\/site\/wp-content\/uploads\/2018\/12\/miucha1989.jpg?resize=300%2C275&amp;ssl=1 300w, https:\/\/i0.wp.com\/blogdoeloiltoncajuhy.com.br\/site\/wp-content\/uploads\/2018\/12\/miucha1989.jpg?resize=768%2C703&amp;ssl=1 768w, https:\/\/i0.wp.com\/blogdoeloiltoncajuhy.com.br\/site\/wp-content\/uploads\/2018\/12\/miucha1989.jpg?resize=250%2C229&amp;ssl=1 250w\" sizes=\"(max-width: 492px) 100vw, 492px\" \/><figcaption><em>Mi\u00facha em capa de disco de 1989 \u2014 Foto: Reprodu\u00e7\u00e3o<\/em><\/figcaption><\/figure><\/div>\n\n\n\n<p>Entre as faixas mais conhecidas de Mi\u00facha est\u00e3o &#8220;Pela luz dos olhos teus&#8221;, &#8220;Maninha&#8221; e &#8220;Vai levando&#8221;. Sua estreia fonogr\u00e1fica foi em 1975, ao cantar no disco &#8220;The best of two worlds&#8221;, de Jo\u00e3o Gilberto e Stan Getz.<\/p>\n\n\n\n<p>Entre os trabalhos mais marcantes como int\u00e9rpretes est\u00e3o dois discos com Tom Jobim, em 1977 e 1979, e um \u00e1lbum solo, &#8220;Mi\u00facha&#8221; em 1989. Em 1977, ela participou do musical &#8220;Os Saltimbancos&#8221;.<\/p>\n\n\n\n<p>Ela ficou mais conhecida como int\u00e9rprete, mas tamb\u00e9m comp\u00f4s algumas m\u00fasicas como &#8220;Triste alegria&#8221; (1979), &#8220;Todo amor&#8221; (1980) e &#8220;No Carnaval de Olinda&#8221; (1982).<\/p>\n\n\n\n<p>Bebel Gilberto publicou uma homenagem \u00e0 m\u00e3e no Instagram: <em>&#8220;Pra sempre no meu cora\u00e7\u00e3o. Te amo muito. Descansa meu amor\u2026 Saudades&#8221;<\/em>.<\/p>\n\n\n\n<p><strong><em>Por G1<\/em><\/strong><\/p>\n","protected":false},"excerpt":{"rendered":"<p>Irm\u00e3 de Chico Buarque e m\u00e3e de Bebel Gilberto estava em tratamento contra um c\u00e2ncer e morreu ap\u00f3s ser internada nesta quinta-feira (27). Cerim\u00f4nia ter\u00e1 apenas amigos e familiares A cantora e compositora Mi\u00facha ser\u00e1 sepultada nesta sexta-feira (28), no Cemit\u00e9rio S\u00e3o Jo\u00e3o Batista, em Botafogo, na Zona Sul do Rio. O vel\u00f3rio come\u00e7ou \u00e0s [&hellip;]<\/p>\n","protected":false},"author":2,"featured_media":30334,"comment_status":"open","ping_status":"open","sticky":false,"template":"","format":"standard","meta":{"_acf_changed":false,"_monsterinsights_skip_tracking":false,"_monsterinsights_sitenote_active":false,"_monsterinsights_sitenote_note":"","_monsterinsights_sitenote_category":0,"_jetpack_memberships_contains_paid_content":false,"footnotes":"","jetpack_publicize_message":"","jetpack_publicize_feature_enabled":true,"jetpack_social_post_already_shared":true,"jetpack_social_options":{"image_generator_settings":{"template":"highway","default_image_id":0,"font":"","enabled":false},"version":2}},"categories":[8,1],"tags":[],"class_list":["post-30333","post","type-post","status-publish","format-standard","has-post-thumbnail","hentry","category-cultura","category-noticias"],"acf":[],"jetpack_publicize_connections":[],"jetpack_featured_media_url":"https:\/\/i0.wp.com\/blogdoeloiltoncajuhy.com.br\/site\/wp-content\/uploads\/2018\/12\/miucha1989.jpg?fit=984%2C901&ssl=1","jetpack_sharing_enabled":true,"publishpress_future_workflow_manual_trigger":{"enabledWorkflows":[]},"_links":{"self":[{"href":"https:\/\/blogdoeloiltoncajuhy.com.br\/site\/wp-json\/wp\/v2\/posts\/30333","targetHints":{"allow":["GET"]}}],"collection":[{"href":"https:\/\/blogdoeloiltoncajuhy.com.br\/site\/wp-json\/wp\/v2\/posts"}],"about":[{"href":"https:\/\/blogdoeloiltoncajuhy.com.br\/site\/wp-json\/wp\/v2\/types\/post"}],"author":[{"embeddable":true,"href":"https:\/\/blogdoeloiltoncajuhy.com.br\/site\/wp-json\/wp\/v2\/users\/2"}],"replies":[{"embeddable":true,"href":"https:\/\/blogdoeloiltoncajuhy.com.br\/site\/wp-json\/wp\/v2\/comments?post=30333"}],"version-history":[{"count":1,"href":"https:\/\/blogdoeloiltoncajuhy.com.br\/site\/wp-json\/wp\/v2\/posts\/30333\/revisions"}],"predecessor-version":[{"id":30335,"href":"https:\/\/blogdoeloiltoncajuhy.com.br\/site\/wp-json\/wp\/v2\/posts\/30333\/revisions\/30335"}],"wp:featuredmedia":[{"embeddable":true,"href":"https:\/\/blogdoeloiltoncajuhy.com.br\/site\/wp-json\/wp\/v2\/media\/30334"}],"wp:attachment":[{"href":"https:\/\/blogdoeloiltoncajuhy.com.br\/site\/wp-json\/wp\/v2\/media?parent=30333"}],"wp:term":[{"taxonomy":"category","embeddable":true,"href":"https:\/\/blogdoeloiltoncajuhy.com.br\/site\/wp-json\/wp\/v2\/categories?post=30333"},{"taxonomy":"post_tag","embeddable":true,"href":"https:\/\/blogdoeloiltoncajuhy.com.br\/site\/wp-json\/wp\/v2\/tags?post=30333"}],"curies":[{"name":"wp","href":"https:\/\/api.w.org\/{rel}","templated":true}]}}