{"id":30328,"date":"2018-12-28T12:23:37","date_gmt":"2018-12-28T15:23:37","guid":{"rendered":"http:\/\/blogdoeloiltoncajuhy.com.br\/site\/?p=30328"},"modified":"2018-12-28T12:23:43","modified_gmt":"2018-12-28T15:23:43","slug":"sem-poder-andar-beth-carvalho-se-muda-para-a-casa-da-filha","status":"publish","type":"post","link":"https:\/\/blogdoeloiltoncajuhy.com.br\/site\/sem-poder-andar-beth-carvalho-se-muda-para-a-casa-da-filha\/","title":{"rendered":"Sem poder andar, Beth Carvalho se muda para a casa da filha"},"content":{"rendered":"\n<div class=\"wp-block-image\"><figure class=\"aligncenter\"><img data-recalc-dims=\"1\" fetchpriority=\"high\" decoding=\"async\" width=\"640\" height=\"360\" src=\"https:\/\/i0.wp.com\/blogdoeloiltoncajuhy.com.br\/site\/wp-content\/uploads\/2018\/12\/beth-carvalho-filha01.jpg?resize=640%2C360\" alt=\"\" class=\"wp-image-30329\" srcset=\"https:\/\/i0.wp.com\/blogdoeloiltoncajuhy.com.br\/site\/wp-content\/uploads\/2018\/12\/beth-carvalho-filha01.jpg?w=640&amp;ssl=1 640w, https:\/\/i0.wp.com\/blogdoeloiltoncajuhy.com.br\/site\/wp-content\/uploads\/2018\/12\/beth-carvalho-filha01.jpg?resize=300%2C169&amp;ssl=1 300w, https:\/\/i0.wp.com\/blogdoeloiltoncajuhy.com.br\/site\/wp-content\/uploads\/2018\/12\/beth-carvalho-filha01.jpg?resize=250%2C141&amp;ssl=1 250w\" sizes=\"(max-width: 640px) 100vw, 640px\" \/><figcaption> <br><em>Beth Carvalho com a filha, Luana: &#8216;Minha nova colega de quarto&#8217; (Foto: reprodu\u00e7\u00e3o\/ instagram)<\/em><\/figcaption><\/figure><\/div>\n\n\n\n<p>O ano n\u00e3o foi f\u00e1cil para Beth Carvalho. Mas a sambista, uma das maiores do Brasil, termina 2018 com um sorriso no rosto. E, agora, bem perto da fam\u00edlia.<\/p>\n\n\n\n<p>A cantora de 72 anos se mudou para a casa da filha, Luana, e da netinha, Mia, de 11 meses. Beth permanece a maior parte do tempo deitada e est\u00e1 impossibilitada de andar por causa de problemas na coluna.<\/p>\n\n\n\n<div class=\"wp-block-image\"><figure class=\"aligncenter\"><img data-recalc-dims=\"1\" decoding=\"async\" width=\"448\" height=\"336\" src=\"https:\/\/i0.wp.com\/blogdoeloiltoncajuhy.com.br\/site\/wp-content\/uploads\/2018\/12\/beth-carvalho-neta.jpg?resize=448%2C336\" alt=\"\" class=\"wp-image-30330\" srcset=\"https:\/\/i0.wp.com\/blogdoeloiltoncajuhy.com.br\/site\/wp-content\/uploads\/2018\/12\/beth-carvalho-neta.jpg?w=448&amp;ssl=1 448w, https:\/\/i0.wp.com\/blogdoeloiltoncajuhy.com.br\/site\/wp-content\/uploads\/2018\/12\/beth-carvalho-neta.jpg?resize=300%2C225&amp;ssl=1 300w, https:\/\/i0.wp.com\/blogdoeloiltoncajuhy.com.br\/site\/wp-content\/uploads\/2018\/12\/beth-carvalho-neta.jpg?resize=250%2C188&amp;ssl=1 250w\" sizes=\"(max-width: 448px) 100vw, 448px\" \/><figcaption><em>Beth Carvalho com a neta, Mia (Foto: reprodu\u00e7\u00e3o\/instagram)<\/em><\/figcaption><\/figure><\/div>\n\n\n\n<p>Filha \u00fanica da artista, Luana Carvalho postou uma foto ao lado da m\u00e3e e legendou, em ingl\u00eas: &#8220;Minha nova colega de quarto&#8221;.<\/p>\n\n\n\n<p>No in\u00edcio de setembro, Beth Carvalho emocionou o p\u00fablico ao fazer um show deitada numa cama no palco de uma casa de espet\u00e1culos no Rio. Ela tamb\u00e9m \u00e9 esperada no desfile da Mangueira no carnaval do ano que vem, e deve passar pela Avenida deitada numa cama, num carro aleg\u00f3rico.<\/p>\n\n\n\n<div class=\"wp-block-image\"><figure class=\"aligncenter\"><img data-recalc-dims=\"1\" decoding=\"async\" width=\"448\" height=\"448\" src=\"https:\/\/i0.wp.com\/blogdoeloiltoncajuhy.com.br\/site\/wp-content\/uploads\/2018\/12\/beth-carvalho.jpg?resize=448%2C448\" alt=\"\" class=\"wp-image-30331\" srcset=\"https:\/\/i0.wp.com\/blogdoeloiltoncajuhy.com.br\/site\/wp-content\/uploads\/2018\/12\/beth-carvalho.jpg?w=448&amp;ssl=1 448w, https:\/\/i0.wp.com\/blogdoeloiltoncajuhy.com.br\/site\/wp-content\/uploads\/2018\/12\/beth-carvalho.jpg?resize=150%2C150&amp;ssl=1 150w, https:\/\/i0.wp.com\/blogdoeloiltoncajuhy.com.br\/site\/wp-content\/uploads\/2018\/12\/beth-carvalho.jpg?resize=300%2C300&amp;ssl=1 300w, https:\/\/i0.wp.com\/blogdoeloiltoncajuhy.com.br\/site\/wp-content\/uploads\/2018\/12\/beth-carvalho.jpg?resize=250%2C250&amp;ssl=1 250w, https:\/\/i0.wp.com\/blogdoeloiltoncajuhy.com.br\/site\/wp-content\/uploads\/2018\/12\/beth-carvalho.jpg?resize=48%2C48&amp;ssl=1 48w\" sizes=\"(max-width: 448px) 100vw, 448px\" \/><figcaption><em>Beth Carvalho fez um show no Rio deitada (Foto: Marluci Martins)<\/em><\/figcaption><\/figure><\/div>\n\n\n\n<p><strong><em>Extra<\/em><\/strong><\/p>\n","protected":false},"excerpt":{"rendered":"<p>O ano n\u00e3o foi f\u00e1cil para Beth Carvalho. Mas a sambista, uma das maiores do Brasil, termina 2018 com um sorriso no rosto. E, agora, bem perto da fam\u00edlia. A cantora de 72 anos se mudou para a casa da filha, Luana, e da netinha, Mia, de 11 meses. Beth permanece a maior parte do [&hellip;]<\/p>\n","protected":false},"author":2,"featured_media":30331,"comment_status":"open","ping_status":"open","sticky":false,"template":"","format":"standard","meta":{"_acf_changed":false,"_monsterinsights_skip_tracking":false,"_monsterinsights_sitenote_active":false,"_monsterinsights_sitenote_note":"","_monsterinsights_sitenote_category":0,"_jetpack_memberships_contains_paid_content":false,"footnotes":"","jetpack_publicize_message":"","jetpack_publicize_feature_enabled":true,"jetpack_social_post_already_shared":true,"jetpack_social_options":{"image_generator_settings":{"template":"highway","default_image_id":0,"font":"","enabled":false},"version":2}},"categories":[8,1],"tags":[],"class_list":["post-30328","post","type-post","status-publish","format-standard","has-post-thumbnail","hentry","category-cultura","category-noticias"],"acf":[],"jetpack_publicize_connections":[],"jetpack_featured_media_url":"https:\/\/i0.wp.com\/blogdoeloiltoncajuhy.com.br\/site\/wp-content\/uploads\/2018\/12\/beth-carvalho.jpg?fit=448%2C448&ssl=1","jetpack_sharing_enabled":true,"publishpress_future_workflow_manual_trigger":{"enabledWorkflows":[]},"_links":{"self":[{"href":"https:\/\/blogdoeloiltoncajuhy.com.br\/site\/wp-json\/wp\/v2\/posts\/30328","targetHints":{"allow":["GET"]}}],"collection":[{"href":"https:\/\/blogdoeloiltoncajuhy.com.br\/site\/wp-json\/wp\/v2\/posts"}],"about":[{"href":"https:\/\/blogdoeloiltoncajuhy.com.br\/site\/wp-json\/wp\/v2\/types\/post"}],"author":[{"embeddable":true,"href":"https:\/\/blogdoeloiltoncajuhy.com.br\/site\/wp-json\/wp\/v2\/users\/2"}],"replies":[{"embeddable":true,"href":"https:\/\/blogdoeloiltoncajuhy.com.br\/site\/wp-json\/wp\/v2\/comments?post=30328"}],"version-history":[{"count":1,"href":"https:\/\/blogdoeloiltoncajuhy.com.br\/site\/wp-json\/wp\/v2\/posts\/30328\/revisions"}],"predecessor-version":[{"id":30332,"href":"https:\/\/blogdoeloiltoncajuhy.com.br\/site\/wp-json\/wp\/v2\/posts\/30328\/revisions\/30332"}],"wp:featuredmedia":[{"embeddable":true,"href":"https:\/\/blogdoeloiltoncajuhy.com.br\/site\/wp-json\/wp\/v2\/media\/30331"}],"wp:attachment":[{"href":"https:\/\/blogdoeloiltoncajuhy.com.br\/site\/wp-json\/wp\/v2\/media?parent=30328"}],"wp:term":[{"taxonomy":"category","embeddable":true,"href":"https:\/\/blogdoeloiltoncajuhy.com.br\/site\/wp-json\/wp\/v2\/categories?post=30328"},{"taxonomy":"post_tag","embeddable":true,"href":"https:\/\/blogdoeloiltoncajuhy.com.br\/site\/wp-json\/wp\/v2\/tags?post=30328"}],"curies":[{"name":"wp","href":"https:\/\/api.w.org\/{rel}","templated":true}]}}