{"id":30315,"date":"2018-12-27T21:36:19","date_gmt":"2018-12-28T00:36:19","guid":{"rendered":"http:\/\/blogdoeloiltoncajuhy.com.br\/site\/?p=30315"},"modified":"2018-12-27T21:36:25","modified_gmt":"2018-12-28T00:36:25","slug":"policia-baiana-alcanca-maior-reducao-de-crimes-violentos-dos-ultimos-6-anos","status":"publish","type":"post","link":"https:\/\/blogdoeloiltoncajuhy.com.br\/site\/policia-baiana-alcanca-maior-reducao-de-crimes-violentos-dos-ultimos-6-anos\/","title":{"rendered":"Pol\u00edcia Baiana alcan\u00e7a maior redu\u00e7\u00e3o de crimes violentos dos \u00faltimos 6 anos"},"content":{"rendered":"\n<div class=\"wp-block-image\"><figure class=\"aligncenter is-resized\"><img data-recalc-dims=\"1\" fetchpriority=\"high\" decoding=\"async\" src=\"https:\/\/i0.wp.com\/blogdoeloiltoncajuhy.com.br\/site\/wp-content\/uploads\/2018\/12\/mauricio-barbosa.jpg?resize=489%2C285\" alt=\"\" class=\"wp-image-30316\" width=\"489\" height=\"285\" srcset=\"https:\/\/i0.wp.com\/blogdoeloiltoncajuhy.com.br\/site\/wp-content\/uploads\/2018\/12\/mauricio-barbosa.jpg?w=300&amp;ssl=1 300w, https:\/\/i0.wp.com\/blogdoeloiltoncajuhy.com.br\/site\/wp-content\/uploads\/2018\/12\/mauricio-barbosa.jpg?resize=250%2C146&amp;ssl=1 250w\" sizes=\"(max-width: 489px) 100vw, 489px\" \/><\/figure><\/div>\n\n\n\n<p>As for\u00e7as de seguran\u00e7a da Bahia alcan\u00e7aram em 2018 o menor n\u00famero de Crimes Violentos Letais Intencionais (Homic\u00eddio, Latroc\u00ednio e Les\u00e3o Corporal Seguida de Morte) dos \u00faltimos seis anos. Este ano teve o menor registro de CVLIs desde 2012, com 5.506 casos em todo o estado, entre 1 de janeiro a 25 de dezembro, 715 a menos que o mesmo per\u00edodo do ano passado.<\/p>\n\n\n\n<p>Com isso, al\u00e9m de baterem a meta de redu\u00e7\u00e3o estabelecida pelo Governo do Estado, que \u00e9 de 6%, as equipes conseguiram subir para 11,5% a redu\u00e7\u00e3o dos crimes contra a vida. Os dados foram apresentados na manh\u00e3 desta quinta-feira (27), pelo secret\u00e1rio da Seguran\u00e7a P\u00fablica, Maur\u00edcio Teles Barbosa.<\/p>\n\n\n\n<p><em>\u201cSem d\u00favidas creditamos esse resultado a um trabalho \u00e1rduo e conjunto, com foco na quebra do poderio do tr\u00e1fico de drogas. Tivemos grandes opera\u00e7\u00f5es ao longo do ano, que n\u00e3o s\u00f3 retiraram dos grupos criminosos a mat\u00e9ria-prima do com\u00e9rcio il\u00edcito com a apreens\u00e3o de v\u00e1rias toneladas de drogas, mas, principalmente ajudaram a enfraquecer o poder financeiro que essas quadrilhas detinham\u201d<\/em>, afirmou Barbosa.<\/p>\n\n\n\n<p>Disse ainda que s\u00f3 a \u00faltima grande opera\u00e7\u00e3o, deflagrada no m\u00eas de dezembro, desarticulou uma quadrilha que movimentava cerca de R$ 1 milh\u00e3o por m\u00eas. Ao longo do ano, cerca de R$ 5 milh\u00f5es foram retidos apenas de uma quadrilha, entre dinheiro apreendido, contas congeladas, im\u00f3veis sequestrados. Vinte e nove ve\u00edculos tamb\u00e9m foram recolhidos.<\/p>\n\n\n\n<p class=\"has-medium-font-size\"><strong>Crimes contra o Patrim\u00f4nio<\/strong><\/p>\n\n\n\n<p>O ano de 2018 tamb\u00e9m foi marcado pelas redu\u00e7\u00f5es nos \u00edndices de roubo de ve\u00edculos, a \u00f4nibus, ataques a bancos e a estabelecimentos comerciais. No comparativo com o mesmo per\u00edodo do ano passado, o n\u00famero de ve\u00edculos tomados de assalto caiu 5,7%, passando de 5.656 em 2017 para 5.332 em 2018, menos 324.<\/p>\n\n\n\n<p>A tend\u00eancia de redu\u00e7\u00e3o tamb\u00e9m seguiu para os casos de roubos a \u00f4nibus, que passou de 2.601 para 1.988, representando uma diminui\u00e7\u00e3o de 23,6%, menos 613 casos. Os casos de ataques a bancos, reunindo as a\u00e7\u00f5es tentadas e consumadas foram de 65, 41 a menos que em 2017, representando a queda de 38,7%.<\/p>\n\n\n\n<p class=\"has-medium-font-size\"><strong>Produtividade Policial<\/strong><\/p>\n\n\n\n<p>Entre os principais destaques do ano est\u00e1 a quantidade de drogas apreendidas: Mais de 31 toneladas, a maioria alcan\u00e7ada gra\u00e7as \u00e0s opera\u00e7\u00f5es conjuntas entre as pol\u00edcias Militar, Civil e Federal. O n\u00famero \u00e9 um marco nos \u00faltimos anos.<\/p>\n\n\n\n<p>A quantidade de armas de fogo retiradas das ruas tamb\u00e9m foi expressiva. No total foram 4.687 pe\u00e7as, de diversos calibres, dentre elas 24 fuzis.<\/p>\n\n\n\n<p>O trabalho policial tamb\u00e9m foi respons\u00e1vel por tirar de circula\u00e7\u00e3o mais de 22 mil pessoas, atrav\u00e9s da 18.954 pris\u00f5es em flagrante e do cumprimento de 3.622 mandados de pris\u00e3o. Mais de 5 mil adolescentes foram apreendidos no per\u00edodo.<\/p>\n\n\n\n<p>No trabalho ostensivo foram realizadas 15 milh\u00f5es de abordagens a pessoas e 5,9 milh\u00f5es a ve\u00edculos, sendo 153 mil a T\u00e1xis, Uber e demais ve\u00edculos de transporte.<\/p>\n\n\n\n<p class=\"has-medium-font-size\"><strong>Efetivo, tecnologia e investimento<\/strong><\/p>\n\n\n\n<p>Foram convocados em 2018 mais 3.582 profissionais de seguran\u00e7a para ampliar o efetivo das quatro for\u00e7as, dentre 2.680 policiais militares, 44 civis, 23 t\u00e9cnicos e 835 bombeiros militares.<\/p>\n\n\n\n<p>Dentre as novidades lan\u00e7adas pela pasta este ano aparece o V\u00eddeo Policiamento, sistema inteligente que contribuir\u00e1 para a localiza\u00e7\u00e3o de criminosos atrav\u00e9s da identifica\u00e7\u00e3o de rostos e de ve\u00edculos com restri\u00e7\u00f5es por meio das placas. As informa\u00e7\u00f5es captadas ser\u00e3o repassadas em tempo real para o Centro de Opera\u00e7\u00f5es e Intelig\u00eancia. Cerca de 18 milh\u00f5es foram empregados na tecnologia.<\/p>\n\n\n\n<p><strong><em>Fonte: Ascom\/SSP<\/em><\/strong><\/p>\n","protected":false},"excerpt":{"rendered":"<p>As for\u00e7as de seguran\u00e7a da Bahia alcan\u00e7aram em 2018 o menor n\u00famero de Crimes Violentos Letais Intencionais (Homic\u00eddio, Latroc\u00ednio e Les\u00e3o Corporal Seguida de Morte) dos \u00faltimos seis anos. Este ano teve o menor registro de CVLIs desde 2012, com 5.506 casos em todo o estado, entre 1 de janeiro a 25 de dezembro, 715 [&hellip;]<\/p>\n","protected":false},"author":2,"featured_media":30316,"comment_status":"open","ping_status":"open","sticky":false,"template":"","format":"standard","meta":{"_acf_changed":false,"_monsterinsights_skip_tracking":false,"_monsterinsights_sitenote_active":false,"_monsterinsights_sitenote_note":"","_monsterinsights_sitenote_category":0,"_jetpack_memberships_contains_paid_content":false,"footnotes":"","jetpack_publicize_message":"","jetpack_publicize_feature_enabled":true,"jetpack_social_post_already_shared":true,"jetpack_social_options":{"image_generator_settings":{"template":"highway","default_image_id":0,"font":"","enabled":false},"version":2}},"categories":[5,1],"tags":[],"class_list":["post-30315","post","type-post","status-publish","format-standard","has-post-thumbnail","hentry","category-cotidiano","category-noticias"],"acf":[],"jetpack_publicize_connections":[],"jetpack_featured_media_url":"https:\/\/i0.wp.com\/blogdoeloiltoncajuhy.com.br\/site\/wp-content\/uploads\/2018\/12\/mauricio-barbosa.jpg?fit=300%2C175&ssl=1","jetpack_sharing_enabled":true,"publishpress_future_workflow_manual_trigger":{"enabledWorkflows":[]},"_links":{"self":[{"href":"https:\/\/blogdoeloiltoncajuhy.com.br\/site\/wp-json\/wp\/v2\/posts\/30315","targetHints":{"allow":["GET"]}}],"collection":[{"href":"https:\/\/blogdoeloiltoncajuhy.com.br\/site\/wp-json\/wp\/v2\/posts"}],"about":[{"href":"https:\/\/blogdoeloiltoncajuhy.com.br\/site\/wp-json\/wp\/v2\/types\/post"}],"author":[{"embeddable":true,"href":"https:\/\/blogdoeloiltoncajuhy.com.br\/site\/wp-json\/wp\/v2\/users\/2"}],"replies":[{"embeddable":true,"href":"https:\/\/blogdoeloiltoncajuhy.com.br\/site\/wp-json\/wp\/v2\/comments?post=30315"}],"version-history":[{"count":1,"href":"https:\/\/blogdoeloiltoncajuhy.com.br\/site\/wp-json\/wp\/v2\/posts\/30315\/revisions"}],"predecessor-version":[{"id":30317,"href":"https:\/\/blogdoeloiltoncajuhy.com.br\/site\/wp-json\/wp\/v2\/posts\/30315\/revisions\/30317"}],"wp:featuredmedia":[{"embeddable":true,"href":"https:\/\/blogdoeloiltoncajuhy.com.br\/site\/wp-json\/wp\/v2\/media\/30316"}],"wp:attachment":[{"href":"https:\/\/blogdoeloiltoncajuhy.com.br\/site\/wp-json\/wp\/v2\/media?parent=30315"}],"wp:term":[{"taxonomy":"category","embeddable":true,"href":"https:\/\/blogdoeloiltoncajuhy.com.br\/site\/wp-json\/wp\/v2\/categories?post=30315"},{"taxonomy":"post_tag","embeddable":true,"href":"https:\/\/blogdoeloiltoncajuhy.com.br\/site\/wp-json\/wp\/v2\/tags?post=30315"}],"curies":[{"name":"wp","href":"https:\/\/api.w.org\/{rel}","templated":true}]}}