{"id":30313,"date":"2018-12-27T21:15:34","date_gmt":"2018-12-28T00:15:34","guid":{"rendered":"http:\/\/blogdoeloiltoncajuhy.com.br\/site\/?p=30313"},"modified":"2018-12-27T21:15:40","modified_gmt":"2018-12-28T00:15:40","slug":"comece-a-sexta-feira-meditando-mt-213-18","status":"publish","type":"post","link":"https:\/\/blogdoeloiltoncajuhy.com.br\/site\/comece-a-sexta-feira-meditando-mt-213-18\/","title":{"rendered":"Comece a sexta-feira meditando (Mt 2,13-18)"},"content":{"rendered":"\n<div class=\"wp-block-image\"><figure class=\"aligncenter is-resized\"><img data-recalc-dims=\"1\" fetchpriority=\"high\" decoding=\"async\" src=\"https:\/\/i0.wp.com\/blogdoeloiltoncajuhy.com.br\/site\/wp-content\/uploads\/2016\/09\/liturgia_set_16-2.jpg?resize=380%2C214\" alt=\"\" class=\"wp-image-12279\" width=\"380\" height=\"214\" srcset=\"https:\/\/i0.wp.com\/blogdoeloiltoncajuhy.com.br\/site\/wp-content\/uploads\/2016\/09\/liturgia_set_16-2.jpg?w=320&amp;ssl=1 320w, https:\/\/i0.wp.com\/blogdoeloiltoncajuhy.com.br\/site\/wp-content\/uploads\/2016\/09\/liturgia_set_16-2.jpg?resize=300%2C169&amp;ssl=1 300w, https:\/\/i0.wp.com\/blogdoeloiltoncajuhy.com.br\/site\/wp-content\/uploads\/2016\/09\/liturgia_set_16-2.jpg?resize=250%2C141&amp;ssl=1 250w\" sizes=\"(max-width: 380px) 100vw, 380px\" \/><\/figure><\/div>\n\n\n\n<p>Depois que os magos partiram, o Anjo do Senhor apareceu em sonho a Jos\u00e9 e lhe disse: <em>&#8220;Levanta-te, pega o menino e sua m\u00e3e e foge para o Egito! Fica l\u00e1 at\u00e9 que eu te avise! Porque Herodes vai procurar o menino para mat\u00e1-lo&#8221;<\/em>.<br><\/p>\n\n\n\n<p>Jos\u00e9 levantou-se de noite, pegou o menino e sua m\u00e3e, e partiu para o Egito. Ali ficou at\u00e9 \u00e0 morte de Herodes, para se cumprir o que o Senhor havia dito pelo profeta: <em>&#8220;Do Egito chamei o meu Filho&#8221;<\/em>.<br><\/p>\n\n\n\n<p>Quando Herodes percebeu que os magos o haviam enganado, ficou muito furioso. Mandou matar todos os meninos de Bel\u00e9m e de todo o territ\u00f3rio vizinho, de dois anos para baixo, exatamente conforme o tempo indicado pelos magos.<br><\/p>\n\n\n\n<p>Ent\u00e3o se cumpriu o que foi dito pelo profeta Jeremias: <em>&#8220;Ouviu-se um grito em Ram\u00e1, choro e grande lamento: \u00e9 Raquel que chora seus filhos, e n\u00e3o quer ser consolada, porque eles n\u00e3o existem mais&#8221;<\/em>.<br><\/p>\n\n\n\n<p><strong>Palavra da Salva\u00e7\u00e3o!<\/strong><\/p>\n\n\n\n<p><strong><em><a href=\"http:\/\/liturgiadiaria.cnbb.org.br\/app\/user\/user\/UserView.php?ano=2018&amp;mes=12&amp;dia=28\">CNBB<\/a><\/em><\/strong><\/p>\n","protected":false},"excerpt":{"rendered":"<p>Depois que os magos partiram, o Anjo do Senhor apareceu em sonho a Jos\u00e9 e lhe disse: &#8220;Levanta-te, pega o menino e sua m\u00e3e e foge para o Egito! Fica l\u00e1 at\u00e9 que eu te avise! Porque Herodes vai procurar o menino para mat\u00e1-lo&#8221;. Jos\u00e9 levantou-se de noite, pegou o menino e sua m\u00e3e, e [&hellip;]<\/p>\n","protected":false},"author":2,"featured_media":0,"comment_status":"open","ping_status":"open","sticky":false,"template":"","format":"standard","meta":{"_acf_changed":false,"_monsterinsights_skip_tracking":false,"_monsterinsights_sitenote_active":false,"_monsterinsights_sitenote_note":"","_monsterinsights_sitenote_category":0,"_jetpack_memberships_contains_paid_content":false,"footnotes":"","jetpack_publicize_message":"","jetpack_publicize_feature_enabled":true,"jetpack_social_post_already_shared":true,"jetpack_social_options":{"image_generator_settings":{"template":"highway","default_image_id":0,"font":"","enabled":false},"version":2}},"categories":[1,9],"tags":[],"class_list":["post-30313","post","type-post","status-publish","format-standard","hentry","category-noticias","category-reflexao"],"acf":[],"jetpack_publicize_connections":[],"jetpack_featured_media_url":"","jetpack_sharing_enabled":true,"publishpress_future_workflow_manual_trigger":{"enabledWorkflows":[]},"_links":{"self":[{"href":"https:\/\/blogdoeloiltoncajuhy.com.br\/site\/wp-json\/wp\/v2\/posts\/30313","targetHints":{"allow":["GET"]}}],"collection":[{"href":"https:\/\/blogdoeloiltoncajuhy.com.br\/site\/wp-json\/wp\/v2\/posts"}],"about":[{"href":"https:\/\/blogdoeloiltoncajuhy.com.br\/site\/wp-json\/wp\/v2\/types\/post"}],"author":[{"embeddable":true,"href":"https:\/\/blogdoeloiltoncajuhy.com.br\/site\/wp-json\/wp\/v2\/users\/2"}],"replies":[{"embeddable":true,"href":"https:\/\/blogdoeloiltoncajuhy.com.br\/site\/wp-json\/wp\/v2\/comments?post=30313"}],"version-history":[{"count":1,"href":"https:\/\/blogdoeloiltoncajuhy.com.br\/site\/wp-json\/wp\/v2\/posts\/30313\/revisions"}],"predecessor-version":[{"id":30314,"href":"https:\/\/blogdoeloiltoncajuhy.com.br\/site\/wp-json\/wp\/v2\/posts\/30313\/revisions\/30314"}],"wp:attachment":[{"href":"https:\/\/blogdoeloiltoncajuhy.com.br\/site\/wp-json\/wp\/v2\/media?parent=30313"}],"wp:term":[{"taxonomy":"category","embeddable":true,"href":"https:\/\/blogdoeloiltoncajuhy.com.br\/site\/wp-json\/wp\/v2\/categories?post=30313"},{"taxonomy":"post_tag","embeddable":true,"href":"https:\/\/blogdoeloiltoncajuhy.com.br\/site\/wp-json\/wp\/v2\/tags?post=30313"}],"curies":[{"name":"wp","href":"https:\/\/api.w.org\/{rel}","templated":true}]}}