{"id":30299,"date":"2018-12-27T16:22:28","date_gmt":"2018-12-27T19:22:28","guid":{"rendered":"http:\/\/blogdoeloiltoncajuhy.com.br\/site\/?p=30299"},"modified":"2018-12-27T16:22:34","modified_gmt":"2018-12-27T19:22:34","slug":"empregos-vagas-do-sinebahia-no-interior-do-estado-para-esta-sexta-feira-28","status":"publish","type":"post","link":"https:\/\/blogdoeloiltoncajuhy.com.br\/site\/empregos-vagas-do-sinebahia-no-interior-do-estado-para-esta-sexta-feira-28\/","title":{"rendered":"EMPREGOS: Vagas do Sinebahia no interior do estado para esta sexta-feira (28)"},"content":{"rendered":"\n<p><em><strong>DOCUMENTA\u00c7\u00c3O NECESS\u00c1RIA:<\/strong> Obrigat\u00f3rio portar Carteira de Trabalho, RG, CPF, comprovante de resid\u00eancia e certificado de escolaridade. Essas s\u00e3o apenas algumas vagas dispon\u00edveis. Para consultar a lista completa, o trabalhador deve comparecer \u00e0 unidade de seu munic\u00edpio.<\/em><\/p>\n\n\n\n<div class=\"wp-block-image\"><figure class=\"aligncenter is-resized\"><img data-recalc-dims=\"1\" fetchpriority=\"high\" decoding=\"async\" src=\"https:\/\/i0.wp.com\/blogdoeloiltoncajuhy.com.br\/site\/wp-content\/uploads\/2017\/11\/sinebahia_logo_nov17.jpg?resize=605%2C310\" alt=\"\" class=\"wp-image-21306\" width=\"605\" height=\"310\" srcset=\"https:\/\/i0.wp.com\/blogdoeloiltoncajuhy.com.br\/site\/wp-content\/uploads\/2017\/11\/sinebahia_logo_nov17.jpg?w=539&amp;ssl=1 539w, https:\/\/i0.wp.com\/blogdoeloiltoncajuhy.com.br\/site\/wp-content\/uploads\/2017\/11\/sinebahia_logo_nov17.jpg?resize=300%2C154&amp;ssl=1 300w, https:\/\/i0.wp.com\/blogdoeloiltoncajuhy.com.br\/site\/wp-content\/uploads\/2017\/11\/sinebahia_logo_nov17.jpg?resize=250%2C128&amp;ssl=1 250w\" sizes=\"(max-width: 605px) 100vw, 605px\" \/><\/figure><\/div>\n\n\n\n<p><strong>Vagas exclusivas para Salvador (28\/12)<\/strong><\/p>\n\n\n\n<p>MARCENEIRO<br>\nEnsino Fundamental completo<br>\nExperi\u00eancia m\u00ednima de 06 meses na carteira<br>\nObrigat\u00f3ria possuir viv\u00eancia na \u00e1rea <br>\n02 VAGAS<\/p>\n\n\n\n<p>IMPRESSOR FLEXOGR\u00c1FICO<br>\nEnsino Fundamental completo<br>\nExperi\u00eancia m\u00ednima de 06 meses na carteira<br>\nObrigat\u00f3rio possuir habilidade para atuar M\u00e1quinas de 4, 6 e\/ou 8 cores.<br>\nSal\u00e1rio R$ 2.134,00 + benef\u00edcios<br>\n02 VAGAS<\/p>\n\n\n\n<p>GERENTE DE LOJA E SUPERMERCADO<br>\nEnsino M\u00e9dio completo<br>\nExperi\u00eancia m\u00ednima de 06 meses na carteira<br>\nDesej\u00e1vel: Cursando ensino Superior em ADM<br>\nSal\u00e1rio R$ 1.066,00 + benef\u00edcios<br>\n01 VAGA<\/p>\n\n\n\n<p>AUXILIAR DE MANUTEN\u00c7\u00c3O PREDIAL<br>\nEnsino M\u00e9dio completo<br>\nExperi\u00eancia m\u00ednima de 06 meses na carteira<br>\nObrigat\u00f3ria possuir viv\u00eancia na \u00e1rea, cursos NR10 (40h) e NR35 (forma\u00e7\u00e3o &#8211; 8h)<br>\n01 VAGA<\/p>\n\n\n\n<p>PISCINEIRO<br>\nEnsino M\u00e9dio completo<br>\nExperi\u00eancia m\u00ednima de 06 meses na carteira<br>\nObrigat\u00f3rio possuir curso atualizado na \u00e1rea<br>\n01 VAGA<\/p>\n\n\n\n<p><strong>Vagas exclusivas para Santo Ant\u00f4nio de Jesus (28\/12)<\/strong><\/p>\n\n\n\n<p>AUXILIAR ADMINISTRATIVO (PCD)<br>\nExclusiva para Pessoa com Defici\u00eancia<br>\n02 VAGAS<\/p>\n\n\n\n<p>AGENTE DE PORTARIA (PCD)<br>\nExclusiva para Pessoa com Defici\u00eancia<br>\n02 VAGAS<\/p>\n\n\n\n<p>AUXILIAR DE LINHA DE PRODU\u00c7\u00c3O (PCD)<br>\nExclusiva para Pessoa com Defici\u00eancia<br>\n01 VAGA<\/p>\n\n\n\n<p>SERVENTE DE OBRAS (PCD)<br>\nExclusiva para Pessoa com Defici\u00eancia<br>\n01 VAGA<\/p>\n\n\n\n<p>PADEIRO<br>\nEnsino M\u00e9dio completo<br>\nExperi\u00eancia na fun\u00e7\u00e3o<br>\n01 VAGA<\/p>\n\n\n\n<p>T\u00c9CNICO DE INSTALADOR DE ANTENAS<br>\nEnsino M\u00e9dio completo<br>\nExperi\u00eancia na fun\u00e7\u00e3o<br>\n01 VAGA<\/p>\n\n\n\n<p>CHAPISTA<br>\nEnsino M\u00e9dio completo<br>\nExperi\u00eancia na fun\u00e7\u00e3o<br>\n01 VAGA<\/p>\n\n\n\n<p>MEC\u00c2NICO DE AR-CONDICIONADO E REFRIGERA\u00c7\u00c3O<br>\nEnsino M\u00e9dio completo<br>\nExperi\u00eancia na fun\u00e7\u00e3o <br>\nObrigat\u00f3rio possuir CNH \u2018A\/B\u2019<br>\n01 VAGA<\/p>\n\n\n\n<p>EMPREGADA DOM\u00c9STICA<br>\nEnsino Fundamental incompleto<br>\nExperi\u00eancia na fun\u00e7\u00e3o <br>\nObrigat\u00f3rio possuir disponibilidade para dormir<br>\n01 VAGA<\/p>\n\n\n\n<p>OPERADOR DE SAPINHO\/COMPACTADOR DE SOLO<br>\nEnsino Fundamental incompleto<br>\nExperi\u00eancia na fun\u00e7\u00e3o <br>\n03 VAGAS<\/p>\n\n\n\n<p>M\u00c9DICO DO TRABALHO<br>\nEnsino Superior completo<br>\nExperi\u00eancia na fun\u00e7\u00e3o <br>\n01 VAGA<\/p>\n\n\n\n<p>OPERADOR DE RETROESCAVADEIRA<br>\nEnsino Fundamental incompleto<br>\nExperi\u00eancia na fun\u00e7\u00e3o em constru\u00e7\u00e3o civil<br>\n01 VAGA<\/p>\n\n\n\n<p>T\u00c9CNICO DE ENFERMAGEM DO TRABALHO<br>\nEnsino M\u00e9dio completo<br>\nExperi\u00eancia na fun\u00e7\u00e3o em constru\u00e7\u00e3o civil<br>\n01 VAGA<\/p>\n\n\n\n<p>ANALISTA FISCAL<br>\nEnsino Superior cursando em Ci\u00eancias Cont\u00e1beis &#8211; 7\u00ba Sem.<br>\nExperi\u00eancia na fun\u00e7\u00e3o <br>\nObrigat\u00f3rio residir em Cruz das Almas<br>\n01 VAGA<\/p>\n\n\n\n<p>SOLDADOR<br>\nEnsino M\u00e9dio completo<br>\nExperi\u00eancia na fun\u00e7\u00e3o <br>\n01 VAGA<\/p>\n\n\n\n<p>ANALISTA DE SUPORTE<br>\nEnsino Superior completo em Ci\u00eancias da Computa\u00e7\u00e3o, Sistema de Informa\u00e7\u00e3o ou Redes de Computadores<br>\n01 VAGA<\/p>\n\n\n\n<p>INSTRUTOR DE INFORM\u00c1TICA<br>\nEnsino M\u00e9dio completo<br>\n01 VAGA<\/p>\n\n\n\n<p>MEC\u00c2NICO GERAL<br>\nEnsino M\u00e9dio completo<br>\nExperi\u00eancia na fun\u00e7\u00e3o <br>\nObrigat\u00f3rio possuir CNH \u2018B\u2019<br>\n03 VAGAS<\/p>\n\n\n\n<p>ALINHADOR<br>\nEnsino M\u00e9dio completo<br>\nExperi\u00eancia na fun\u00e7\u00e3o <br>\nObrigat\u00f3rio possuir CNH \u2018B\u2019<br>\n01 VAGA<\/p>\n\n\n\n<p>REPRESENTANTE COMERCIAL<br>\nEnsino M\u00e9dio completo<br>\nExperi\u00eancia na fun\u00e7\u00e3o <br>\nObrigat\u00f3rio possuir carro<br>\n01 VAGA<\/p>\n\n\n\n<p><strong>Vagas exclusivas para Ilh\u00e9us (28\/12)<\/strong><\/p>\n\n\n\n<p>T\u00c9CNICO DE ENFERMAGEM<br>\nEnsino T\u00e9cnico em Enfermagem<br>\nExperi\u00eancia na fun\u00e7\u00e3o<br>\n01 VAGA<\/p>\n\n\n\n<p>AJUDANTE DE SERRALHEIRO<br>\nEnsino Fundamental completo<br>\nExperi\u00eancia m\u00ednima de 06 meses na carteira<br>\n01 VAGA<\/p>\n\n\n\n<p>AUXILIAR DE COZINHA<br>\nEnsino Fundamental completo<br>\nExperi\u00eancia na fun\u00e7\u00e3o<br>\n02 VAGAS<\/p>\n\n\n\n<p>CHAPISTA DE AUTOM\u00d3VEIS<br>\nEnsino Fundamental completo <br>\nExperi\u00eancia na fun\u00e7\u00e3o<br>\n01 VAGA<\/p>\n\n\n\n<p>ELETRICISTA HIDR\u00c1ULICO<br>\nEnsino M\u00e9dio completo<br>\nExperi\u00eancia na fun\u00e7\u00e3o<br>\nObrigat\u00f3rio possuir certifica\u00e7\u00e3o NR10 e curso de Eletrot\u00e9cnico ou Eletromec\u00e2nico <br>\n01 VAGA<\/p>\n\n\n\n<p>GAR\u00c7OM<br>\nEnsino M\u00e9dio completo<br>\nExperi\u00eancia na fun\u00e7\u00e3o<br>\nDesej\u00e1vel: Moradores da Zona Sul de Ilh\u00e9us<br>\n01 VAGA<\/p>\n\n\n\n<p>MONTADOR INDUSTRIAL<br>\nEnsino Fundamental completo e curso T\u00e9cnico na \u00e1rea<br>\nExperi\u00eancia m\u00ednima de 06 meses na carteira<br>\nObrigat\u00f3rio possuir disponibilidade para atuar com solda el\u00e9trica (MIG e MAG)<br>\n01 VAGA<\/p>\n\n\n\n<p>BORRACHEIRO DE VE\u00cdCULOS GRANDES<br>\nEnsino Fundamental completo <br>\nExperi\u00eancia na fun\u00e7\u00e3o<br>\n01 VAGA<\/p>\n\n\n\n<p>RECEPCIONISTA DE HOTEL<br> Ensino M\u00e9dio completo<br> Experi\u00eancia m\u00ednima de 06 meses na carteira<br> 01 VAGA<\/p>\n\n\n\n<p><strong><em>Ascom Sinebahia<\/em><\/strong><\/p>\n","protected":false},"excerpt":{"rendered":"<p>DOCUMENTA\u00c7\u00c3O NECESS\u00c1RIA: Obrigat\u00f3rio portar Carteira de Trabalho, RG, CPF, comprovante de resid\u00eancia e certificado de escolaridade. Essas s\u00e3o apenas algumas vagas dispon\u00edveis. Para consultar a lista completa, o trabalhador deve comparecer \u00e0 unidade de seu munic\u00edpio. Vagas exclusivas para Salvador (28\/12) MARCENEIRO Ensino Fundamental completo Experi\u00eancia m\u00ednima de 06 meses na carteira Obrigat\u00f3ria possuir viv\u00eancia [&hellip;]<\/p>\n","protected":false},"author":2,"featured_media":0,"comment_status":"open","ping_status":"open","sticky":false,"template":"","format":"standard","meta":{"_acf_changed":false,"_monsterinsights_skip_tracking":false,"_monsterinsights_sitenote_active":false,"_monsterinsights_sitenote_note":"","_monsterinsights_sitenote_category":0,"_jetpack_memberships_contains_paid_content":false,"footnotes":"","jetpack_publicize_message":"","jetpack_publicize_feature_enabled":true,"jetpack_social_post_already_shared":true,"jetpack_social_options":{"image_generator_settings":{"template":"highway","default_image_id":0,"font":"","enabled":false},"version":2}},"categories":[5,1],"tags":[],"class_list":["post-30299","post","type-post","status-publish","format-standard","hentry","category-cotidiano","category-noticias"],"acf":[],"jetpack_publicize_connections":[],"jetpack_featured_media_url":"","jetpack_sharing_enabled":true,"publishpress_future_workflow_manual_trigger":{"enabledWorkflows":[]},"_links":{"self":[{"href":"https:\/\/blogdoeloiltoncajuhy.com.br\/site\/wp-json\/wp\/v2\/posts\/30299","targetHints":{"allow":["GET"]}}],"collection":[{"href":"https:\/\/blogdoeloiltoncajuhy.com.br\/site\/wp-json\/wp\/v2\/posts"}],"about":[{"href":"https:\/\/blogdoeloiltoncajuhy.com.br\/site\/wp-json\/wp\/v2\/types\/post"}],"author":[{"embeddable":true,"href":"https:\/\/blogdoeloiltoncajuhy.com.br\/site\/wp-json\/wp\/v2\/users\/2"}],"replies":[{"embeddable":true,"href":"https:\/\/blogdoeloiltoncajuhy.com.br\/site\/wp-json\/wp\/v2\/comments?post=30299"}],"version-history":[{"count":1,"href":"https:\/\/blogdoeloiltoncajuhy.com.br\/site\/wp-json\/wp\/v2\/posts\/30299\/revisions"}],"predecessor-version":[{"id":30300,"href":"https:\/\/blogdoeloiltoncajuhy.com.br\/site\/wp-json\/wp\/v2\/posts\/30299\/revisions\/30300"}],"wp:attachment":[{"href":"https:\/\/blogdoeloiltoncajuhy.com.br\/site\/wp-json\/wp\/v2\/media?parent=30299"}],"wp:term":[{"taxonomy":"category","embeddable":true,"href":"https:\/\/blogdoeloiltoncajuhy.com.br\/site\/wp-json\/wp\/v2\/categories?post=30299"},{"taxonomy":"post_tag","embeddable":true,"href":"https:\/\/blogdoeloiltoncajuhy.com.br\/site\/wp-json\/wp\/v2\/tags?post=30299"}],"curies":[{"name":"wp","href":"https:\/\/api.w.org\/{rel}","templated":true}]}}