{"id":30296,"date":"2018-12-27T16:16:20","date_gmt":"2018-12-27T19:16:20","guid":{"rendered":"http:\/\/blogdoeloiltoncajuhy.com.br\/site\/?p=30296"},"modified":"2018-12-27T16:16:25","modified_gmt":"2018-12-27T19:16:25","slug":"apos-entregar-praca-e-esf-no-alto-da-maravilha-brasileiro-vai-inaugurar-obras-de-pavimentacao-em-umburana-nesta-quinta-27","status":"publish","type":"post","link":"https:\/\/blogdoeloiltoncajuhy.com.br\/site\/apos-entregar-praca-e-esf-no-alto-da-maravilha-brasileiro-vai-inaugurar-obras-de-pavimentacao-em-umburana-nesta-quinta-27\/","title":{"rendered":"Ap\u00f3s entregar pra\u00e7a e ESF no Alto da Maravilha, Brasileiro vai inaugurar obras de pavimenta\u00e7\u00e3o em Umburana, nesta quinta (27)"},"content":{"rendered":"\n<div class=\"wp-block-image\"><figure class=\"aligncenter\"><img data-recalc-dims=\"1\" fetchpriority=\"high\" decoding=\"async\" width=\"800\" height=\"533\" src=\"https:\/\/i0.wp.com\/blogdoeloiltoncajuhy.com.br\/site\/wp-content\/uploads\/2018\/12\/PMSB_InauguracaoUBS-Mutirao-depois.jpg?resize=800%2C533\" alt=\"\" class=\"wp-image-30297\" srcset=\"https:\/\/i0.wp.com\/blogdoeloiltoncajuhy.com.br\/site\/wp-content\/uploads\/2018\/12\/PMSB_InauguracaoUBS-Mutirao-depois.jpg?w=960&amp;ssl=1 960w, https:\/\/i0.wp.com\/blogdoeloiltoncajuhy.com.br\/site\/wp-content\/uploads\/2018\/12\/PMSB_InauguracaoUBS-Mutirao-depois.jpg?resize=300%2C200&amp;ssl=1 300w, https:\/\/i0.wp.com\/blogdoeloiltoncajuhy.com.br\/site\/wp-content\/uploads\/2018\/12\/PMSB_InauguracaoUBS-Mutirao-depois.jpg?resize=768%2C512&amp;ssl=1 768w, https:\/\/i0.wp.com\/blogdoeloiltoncajuhy.com.br\/site\/wp-content\/uploads\/2018\/12\/PMSB_InauguracaoUBS-Mutirao-depois.jpg?resize=250%2C167&amp;ssl=1 250w\" sizes=\"(max-width: 800px) 100vw, 800px\" \/><\/figure><\/div>\n\n\n\n<p>Os \u00faltimos dias de dezembro t\u00eam sido marcado por muitas inaugura\u00e7\u00f5es pela prefeitura de Senhor do Bonfim. Na \u00faltima sexta-feira, 21, a comunidade do Mutir\u00e3o, no grande Alto da Maravilha, recebeu o prefeito Carlos Brasileiro, vereadores e toda equipe de governo para inaugura\u00e7\u00e3o da unidade de Estrat\u00e9gia de Sa\u00fade da Fam\u00edlia (ESF).<\/p>\n\n\n\n<p>A constru\u00e7\u00e3o da unidade de sa\u00fade foi encontrada com as obras paralisadas e formam retomadas e finalizadas pela gest\u00e3o Terra do Bom Come\u00e7o. A ESF faz parte do programa Requalifica SUS e teve um investimento de R$ 408 mil. A unidade de sa\u00fade vai beneficiar 3.300 pessoas.<\/p>\n\n\n\n<p>Dando continuidade ao programa Bonfim em Desenvolvimento, o prefeito Carlos Brasileiro entregou a Pra\u00e7a Cerc\u00eddio Porcino da Silva, em frente ao cemit\u00e9rio S\u00e3o Marcos. A pra\u00e7a \u00e9 um antigo sonho da comunidade e leva o nome de um antigo morador da comunidade.<\/p>\n\n\n\n<p>A obra inaugurada no dia 22 de dezembro \u00e9 fruto de recursos adquiridos do Imposto Predial Territorial Urbano (IPTU). O equipamento p\u00fablico foi indica\u00e7\u00e3o do vereador Cleiton Vieira e teve um investimento de cerca de R$ 35 mil.  A urbaniza\u00e7\u00e3o da pra\u00e7a incluiu canteiros arborizados, ilumina\u00e7\u00e3o, bancos e mesas para jogos.<\/p>\n\n\n\n<p>Dando continuidade \u00e0 s\u00e9rie de inaugura\u00e7\u00f5es, o prefeito ir\u00e1 entregar nesta quinta-feira, 27, mais quatros ruas pavimentadas. As ruas ficam no povoado   de Umburana. A pavimenta\u00e7\u00e3o com paralelep\u00edpedo contempla os seguintes logradouros: Rua do Col\u00e9gio, Rua Cecilia Meireles, Rua Bartolomeu Dias e Rua Arist\u00f3teles.<\/p>\n\n\n\n<p>A obra custou R$ 131 mil \u00e9 resultado de recursos oriundos de emenda do deputado Adolfo Menezes. A solenidade de inaugura\u00e7\u00e3o em Umburana vai acontecer a partir das 19 horas.<\/p>\n\n\n\n<p>Na pr\u00f3xima sexta-feira 28, a prefeitura est\u00e1 anunciado tamb\u00e9m que ser\u00e1 entregue a reforma e cobertura da quadra Jos\u00e9 Martins da Silva no distrito de Igara. Com esta a\u00e7\u00e3o, o governo do prefeito Carlos Brasileiro chega a marca de 41 obras constru\u00eddas e entregues a popula\u00e7\u00e3o em menos de dois anos. A solenidade de inaugura\u00e7\u00e3o est\u00e1 marcada para 11 horas.<\/p>\n\n\n\n<p>Com as inaugura\u00e7\u00f5es dessa noite, Brasileiro ultrapassa mais de 40 obras j\u00e1 constru\u00eddas e entregues a popula\u00e7\u00e3o bonfinense. A solenidade de inaugura\u00e7\u00e3o em Umburana est\u00e1 programada para ser realizada as 19 horas.<\/p>\n\n\n\n<p><strong><em>ASCOM &#8211; Prefeitura Municipal de Senhor do Bonfim &#8211; BA<\/em><\/strong><br><em>Telefones: 74 3541-8366<br>Endere\u00e7o: Pra\u00e7a Juracy Magalh\u00e3es, 126<br>E-MAIL: ascom@pmsb.ba.gov.br   <br>SITE OFICIAL: www.pmsb.ba.gov.br<br>FAN PAGE: www.facebook.com\/oficialpmsb<\/em><\/p>\n","protected":false},"excerpt":{"rendered":"<p>Os \u00faltimos dias de dezembro t\u00eam sido marcado por muitas inaugura\u00e7\u00f5es pela prefeitura de Senhor do Bonfim. Na \u00faltima sexta-feira, 21, a comunidade do Mutir\u00e3o, no grande Alto da Maravilha, recebeu o prefeito Carlos Brasileiro, vereadores e toda equipe de governo para inaugura\u00e7\u00e3o da unidade de Estrat\u00e9gia de Sa\u00fade da Fam\u00edlia (ESF). A constru\u00e7\u00e3o da [&hellip;]<\/p>\n","protected":false},"author":2,"featured_media":30297,"comment_status":"open","ping_status":"open","sticky":false,"template":"","format":"standard","meta":{"_acf_changed":false,"_monsterinsights_skip_tracking":false,"_monsterinsights_sitenote_active":false,"_monsterinsights_sitenote_note":"","_monsterinsights_sitenote_category":0,"_jetpack_memberships_contains_paid_content":false,"footnotes":"","jetpack_publicize_message":"","jetpack_publicize_feature_enabled":true,"jetpack_social_post_already_shared":true,"jetpack_social_options":{"image_generator_settings":{"template":"highway","default_image_id":0,"font":"","enabled":false},"version":2}},"categories":[1,3,4],"tags":[],"class_list":["post-30296","post","type-post","status-publish","format-standard","has-post-thumbnail","hentry","category-noticias","category-politica","category-local"],"acf":[],"jetpack_publicize_connections":[],"jetpack_featured_media_url":"https:\/\/i0.wp.com\/blogdoeloiltoncajuhy.com.br\/site\/wp-content\/uploads\/2018\/12\/PMSB_InauguracaoUBS-Mutirao-depois.jpg?fit=960%2C640&ssl=1","jetpack_sharing_enabled":true,"publishpress_future_workflow_manual_trigger":{"enabledWorkflows":[]},"_links":{"self":[{"href":"https:\/\/blogdoeloiltoncajuhy.com.br\/site\/wp-json\/wp\/v2\/posts\/30296","targetHints":{"allow":["GET"]}}],"collection":[{"href":"https:\/\/blogdoeloiltoncajuhy.com.br\/site\/wp-json\/wp\/v2\/posts"}],"about":[{"href":"https:\/\/blogdoeloiltoncajuhy.com.br\/site\/wp-json\/wp\/v2\/types\/post"}],"author":[{"embeddable":true,"href":"https:\/\/blogdoeloiltoncajuhy.com.br\/site\/wp-json\/wp\/v2\/users\/2"}],"replies":[{"embeddable":true,"href":"https:\/\/blogdoeloiltoncajuhy.com.br\/site\/wp-json\/wp\/v2\/comments?post=30296"}],"version-history":[{"count":1,"href":"https:\/\/blogdoeloiltoncajuhy.com.br\/site\/wp-json\/wp\/v2\/posts\/30296\/revisions"}],"predecessor-version":[{"id":30298,"href":"https:\/\/blogdoeloiltoncajuhy.com.br\/site\/wp-json\/wp\/v2\/posts\/30296\/revisions\/30298"}],"wp:featuredmedia":[{"embeddable":true,"href":"https:\/\/blogdoeloiltoncajuhy.com.br\/site\/wp-json\/wp\/v2\/media\/30297"}],"wp:attachment":[{"href":"https:\/\/blogdoeloiltoncajuhy.com.br\/site\/wp-json\/wp\/v2\/media?parent=30296"}],"wp:term":[{"taxonomy":"category","embeddable":true,"href":"https:\/\/blogdoeloiltoncajuhy.com.br\/site\/wp-json\/wp\/v2\/categories?post=30296"},{"taxonomy":"post_tag","embeddable":true,"href":"https:\/\/blogdoeloiltoncajuhy.com.br\/site\/wp-json\/wp\/v2\/tags?post=30296"}],"curies":[{"name":"wp","href":"https:\/\/api.w.org\/{rel}","templated":true}]}}