{"id":30292,"date":"2018-12-26T20:13:43","date_gmt":"2018-12-26T23:13:43","guid":{"rendered":"http:\/\/blogdoeloiltoncajuhy.com.br\/site\/?p=30292"},"modified":"2018-12-26T20:13:49","modified_gmt":"2018-12-26T23:13:49","slug":"empregos-veja-as-vagas-ofertadas-pelo-sinebahia-no-interior-do-estado-para-esta-quinta-feira-27","status":"publish","type":"post","link":"https:\/\/blogdoeloiltoncajuhy.com.br\/site\/empregos-veja-as-vagas-ofertadas-pelo-sinebahia-no-interior-do-estado-para-esta-quinta-feira-27\/","title":{"rendered":"EMPREGOS: Veja as vagas ofertadas pelo Sinebahia no interior do estado para esta quinta-feira (27)"},"content":{"rendered":"\n<p><strong><em>DOCUMENTA\u00c7\u00c3O NECESS\u00c1RIA:<\/em><\/strong><em> Obrigat\u00f3rio portar Carteira de Trabalho, RG, CPF, comprovante de resid\u00eancia e certificado de escolaridade. Essas s\u00e3o apenas algumas vagas dispon\u00edveis. Para consultar a lista completa, o trabalhador deve comparecer \u00e0 unidade de seu munic\u00edpio.<\/em><\/p>\n\n\n\n<div class=\"wp-block-image\"><figure class=\"alignleft is-resized\"><img data-recalc-dims=\"1\" fetchpriority=\"high\" decoding=\"async\" src=\"https:\/\/i0.wp.com\/blogdoeloiltoncajuhy.com.br\/site\/wp-content\/uploads\/2017\/09\/PMSB_vagas-emprego-e1506688542796.jpg?resize=375%2C375\" alt=\"\" class=\"wp-image-20168\" width=\"375\" height=\"375\"\/><\/figure><\/div>\n\n\n\n<p><strong>Vagas exclusivas para Salvador (27\/12)<\/strong><\/p>\n\n\n\n<p>REPRESENTANTE COMERCIAL AUT\u00d4NOMO<br>\nEnsino M\u00e9dio completo<br>\nExperi\u00eancia m\u00ednima de 06 meses na \u00e1rea de vendas<br>\n05 VAGAS<\/p>\n\n\n\n<p>AUXILIAR DE MANUTEN\u00c7\u00c3O PREDIAL<br>\nEnsino M\u00e9dio completo<br>\nExperi\u00eancia m\u00ednima de 06 meses na carteira<br>\nObrigat\u00f3ria possuir viv\u00eancia na \u00e1rea, cursos NR10 (40h) e NR35 (forma\u00e7\u00e3o &#8211; 8h)<br>\n01 VAGA<\/p>\n\n\n\n<p>ASSISTENTE DE VENDAS<br>\nEnsino M\u00e9dio completo<br>\nExperi\u00eancia m\u00ednima de 06 meses na carteira<br>\nObrigat\u00f3rio possuir facilidade de comunica\u00e7\u00e3o<br>\nDesej\u00e1vel: Viv\u00eancia com vendas externas e CNH \u2018B\u2019<br>\nSal\u00e1rio R$ 1.350,00 + benef\u00edcios<br>\n01 VAGA<\/p>\n\n\n\n<p>ESTETICISTA CORPORAL<br>\nEnsino M\u00e9dio completo<br>\nExperi\u00eancia m\u00ednima de 06 meses na carteira<br>\nObrigat\u00f3ria possuir viv\u00eancia na \u00e1rea <br>\nSal\u00e1rio R$ 1.100,00 + benef\u00edcios<br>\n01 VAGA<\/p>\n\n\n\n<p>ESTETICISTA<br>\nEnsino Superior completo em Massoterapia ou Terapias Manuais<br>\nExperi\u00eancia m\u00ednima de 06 meses na carteira<br>\nSal\u00e1rio R$ 1.300,00 + benef\u00edcios<br>\n02 VAGAS<\/p>\n\n\n\n<p>PISCINEIRO<br>\nEnsino M\u00e9dio completo<br>\nExperi\u00eancia m\u00ednima de 06 meses na carteira<br>\nObrigat\u00f3ria possuir viv\u00eancia na \u00e1rea <br>\nSal\u00e1rio R$ 1.100,00 + benef\u00edcios<br>\n01 VAGA<\/p>\n\n\n\n<p>PISCINEIRO<br>\nEnsino M\u00e9dio completo<br>\nExperi\u00eancia m\u00ednima de 06 meses na carteira<br>\nObrigat\u00f3rio possuir curso atualizado na \u00e1rea<br>\n01 VAGA<\/p>\n\n\n\n<p><strong>Vagas EXCLUSIVAS para UNIDADE CENTRAL de Salvador (27\/12)<br><\/strong> ENDERE\u00c7O: Av. ACM, 3359 \u2013 Cond. Torres do Iguatemi. <br> Funcionamento de segunda a sexta, das 7h as 17h.<\/p>\n\n\n\n<p>AUXILIAR DE DESENVOLVIMENTO INFANTIL (CONVOCA\u00c7\u00c3O)<br>\nExclusiva para Unidade Central <br>\nEnsino M\u00e9dio completo<br>\nExperi\u00eancia m\u00ednima de 06 meses na carteira<br>\nObrigat\u00f3rio possuir curso de Cuidador de Idoso<br>\nSal\u00e1rio R$ 1.003,78 + benef\u00edcios<br>\n02 VAGAS<\/p>\n\n\n\n<p><strong>Vagas exclusivas para a unidade CAPAZ do SineBahia de Salvador (27\/12)<br><\/strong> ENDERE\u00c7O: Av. Centen\u00e1rio, loja 1, 1\u00ba piso &#8211; SAC do Shopping Barra <br> Funcionamento de segunda \u00e0 sexta, das 7h as 17h.<\/p>\n\n\n\n<p>AJUDANTE DE ARMAZ\u00c9M (PCD)<br>\nExclusiva para Pessoa com Defici\u00eancia <br>\nEnsino M\u00e9dio completo<br>\nExperi\u00eancia m\u00ednima de 03 meses na carteira<br>\n01 VAGA<\/p>\n\n\n\n<p><strong>Vagas exclusivas para Lauro de Freitas (27\/12)<\/strong><\/p>\n\n\n\n<p>ANALISTA DE SUPORTE T\u00c9CNICO<br>\nEnsino M\u00e9dio completo<br>\nExperi\u00eancia m\u00ednima de 06 meses na carteira<br>\n02 VAGAS<\/p>\n\n\n\n<p>COSTUREIRA GERAL<br>\nEnsino Fundamental completo<br>\nExperi\u00eancia m\u00ednima de 06 meses na carteira<br>\n02 VAGAS<\/p>\n\n\n\n<p><strong>Vagas exclusivas para Santo Ant\u00f4nio de Jesus (27\/12)<\/strong><\/p>\n\n\n\n<p>AUXILIAR ADMINISTRATIVO (PCD)<br>\nExclusiva para Pessoa com Defici\u00eancia<br>\n02 VAGAS<\/p>\n\n\n\n<p>AGENTE DE PORTARIA (PCD)<br>\nExclusiva para Pessoa com Defici\u00eancia<br>\n02 VAGAS<\/p>\n\n\n\n<p>AUXILIAR DE  LINHA DE PRODU\u00c7\u00c3O (PCD)<br>\nExclusiva para Pessoa com Defici\u00eancia<br>\n01 VAGA<\/p>\n\n\n\n<p>SERVENTE DE OBRAS (PCD)<br>\nExclusiva para Pessoa com Defici\u00eancia<br>\n01 VAGA<\/p>\n\n\n\n<p>PADEIRO<br>\nEnsino M\u00e9dio completo<br>\nExperi\u00eancia na fun\u00e7\u00e3o<br>\n01 VAGA<\/p>\n\n\n\n<p>T\u00c9CNICO DE INSTALADOR DE ANTENAS<br>\nEnsino M\u00e9dio completo<br>\nExperi\u00eancia na fun\u00e7\u00e3o<br>\n01 VAGA<\/p>\n\n\n\n<p>CHAPISTA<br>\nEnsino M\u00e9dio completo<br>\nExperi\u00eancia na fun\u00e7\u00e3o<br>\n01 VAGA<\/p>\n\n\n\n<p>MEC\u00c2NICO DE AR-CONDICIONADO E REFRIGERA\u00c7\u00c3O<br>\nEnsino M\u00e9dio completo<br>\nExperi\u00eancia na fun\u00e7\u00e3o <br>\nObrigat\u00f3rio possuir CNH \u2018A\/B\u2019<br>\n01 VAGA<\/p>\n\n\n\n<p>EMPREGADA DOM\u00c9STICA<br>\nEnsino Fundamental incompleto<br>\nExperi\u00eancia na fun\u00e7\u00e3o <br>\nObrigat\u00f3rio possuir disponibilidade para dormir<br>\n01 VAGA<\/p>\n\n\n\n<p>OPERADOR DE SAPINHO\/COMPACTADOR DE SOLO<br>\nEnsino Fundamental incompleto<br>\nExperi\u00eancia na fun\u00e7\u00e3o <br>\n03 VAGAS<\/p>\n\n\n\n<p>M\u00c9DICO DO TRABALHO<br>\nEnsino Superior completo<br>\nExperi\u00eancia na fun\u00e7\u00e3o <br>\n01 VAGA<\/p>\n\n\n\n<p>OPERADOR DE RETROESCAVADEIRA<br>\nEnsino Fundamental incompleto<br>\nExperi\u00eancia na fun\u00e7\u00e3o em constru\u00e7\u00e3o civil<br>\n01 VAGA<\/p>\n\n\n\n<p>T\u00c9CNICO DE ENFERMAGEM DO TRABALHO<br>\nEnsino M\u00e9dio completo<br>\nExperi\u00eancia na fun\u00e7\u00e3o em constru\u00e7\u00e3o civil<br>\n01 VAGA<\/p>\n\n\n\n<p>ANALISTA FISCAL<br>\nEnsino Superior cursando em Ci\u00eancias Cont\u00e1beis &#8211; 7\u00ba Sem.<br>\nExperi\u00eancia na fun\u00e7\u00e3o <br>\nObrigat\u00f3rio residir em Cruz das Almas<br>\n01 VAGA<\/p>\n\n\n\n<p>SOLDADOR<br>\nEnsino M\u00e9dio completo<br>\nExperi\u00eancia na fun\u00e7\u00e3o <br>\n01 VAGA<\/p>\n\n\n\n<p>ANALISTA DE SUPORTE<br>\nEnsino Superior completo em Ci\u00eancias da Computa\u00e7\u00e3o, Sistema de Informa\u00e7\u00e3o ou Redes de Computadores<br>\n01 VAGA<\/p>\n\n\n\n<p>INSTRUTOR DE INFORM\u00c1TICA<br>\nEnsino M\u00e9dio completo<br>\n01 VAGA<\/p>\n\n\n\n<p>MEC\u00c2NICO GERAL<br>\nEnsino M\u00e9dio completo<br>\nExperi\u00eancia na fun\u00e7\u00e3o <br>\nObrigat\u00f3rio possuir CNH \u2018B\u2019<br>\n03 VAGAS<\/p>\n\n\n\n<p>ALINHADOR<br>\nEnsino M\u00e9dio completo<br>\nExperi\u00eancia na fun\u00e7\u00e3o <br>\nObrigat\u00f3rio possuir CNH \u2018B\u2019<br>\n01 VAGA<\/p>\n\n\n\n<p>REPRESENTANTE COMERCIAL<br>\nEnsino M\u00e9dio completo<br>\nExperi\u00eancia na fun\u00e7\u00e3o <br>\nObrigat\u00f3rio possuir carro<br>\n01 VAGA<\/p>\n\n\n\n<p><strong>Vagas exclusivas para Gandu (27\/12)<\/strong><\/p>\n\n\n\n<p>AGENTE COMUNIT\u00c1RIO RURAL<br>\nEnsino T\u00e9cnico completo nas \u00e1reas de agropecu\u00e1ria, ambiental ou agroecologia<br>\nExperi\u00eancia em atividades ligadas a cadeia produtiva da Apicultura e Meliponicultura<br>\nObrigat\u00f3rio possuir CNH \u2018A\u2019, conhecimento em Inform\u00e1tica b\u00e1sica, afinidade com agricultura familiar e residir na comunidade<br>\n01 VAGA<\/p>\n\n\n\n<p><strong>Vagas exclusivas para Jequi\u00e9 (27\/12)<\/strong><\/p>\n\n\n\n<p>EMPREGADA DOM\u00c9STICA<br>\nEnsino Fundamental completo<br>\nExperi\u00eancia m\u00ednima de 06 meses na carteira<br>\n01 VAGA<\/p>\n\n\n\n<p><strong>Vagas exclusivas para Itabuna (27\/12)<\/strong><\/p>\n\n\n\n<p>MONITOR DE RESSOCIALIZA\u00c7\u00c3O (PCD)<br>\nExclusiva para Pessoas com Defici\u00eancia<br>\nEnsino M\u00e9dio completo<br>\nN\u00e3o exige experi\u00eancia<br>\nObrigat\u00f3rio possuir curso de Vigilante ou Bombeiro Civil<br>\n20 VAGAS<\/p>\n\n\n\n<p>MOTORISTA ENTREGADOR<br>\nEnsino Fundamental completo<br>\nExperi\u00eancia m\u00ednima de 06 meses na fun\u00e7\u00e3o<br>\nObrigat\u00f3rio possuir curso MOPP e CNH \u2018A\/B\u2019<br>\n01 VAGA<\/p>\n\n\n\n<p>AUXILIAR DE COZINHA<br>\nEnsino M\u00e9dio completo<br>\nExperi\u00eancia m\u00ednima de 06 meses na carteira<br>\n01 VAGA<\/p>\n\n\n\n<p>CHURRASQUEIRO<br>\nN\u00e3o exige escolaridade<br>\nExperi\u00eancia m\u00ednima de 06 meses na fun\u00e7\u00e3o<br>\n01 VAGA<\/p>\n\n\n\n<p>COZINHEIRA<br>\nN\u00e3o exige escolaridade<br>\nExperi\u00eancia m\u00ednima de 06 meses na carteira<br>\n01 VAGA<\/p>\n\n\n\n<p>T\u00c9CNICO EM REFRIGERA\u00c7\u00c3O<br>\nEnsino Fundamental completo<br>\nExperi\u00eancia m\u00ednima de 06 meses na fun\u00e7\u00e3o<br>\nObrigat\u00f3rio possuir CNH \u2018A\/B\u2019, curso T\u00e9cnico de Refrigera\u00e7\u00e3o<br>\n01 VAGA<\/p>\n\n\n\n<p>VENDEDOR PRACISTA<br>\nEnsino M\u00e9dio completo<br>\nExperi\u00eancia m\u00ednima de 06 meses com vendas<br>\nObrigat\u00f3rio possuir CNH \u2018A\/B\u2019<br>\n01 VAGA<\/p>\n\n\n\n<p>MANICURE<br>\nN\u00e3o exige escolaridade<br>\nExperi\u00eancia m\u00ednima de 06 meses na fun\u00e7\u00e3o<br>\n01 VAGA<\/p>\n\n\n\n<p>CABELEIREIRO<br> N\u00e3o exige escolaridade<br> Experi\u00eancia m\u00ednima de 06 meses na fun\u00e7\u00e3o<br> 02 VAGAS<\/p>\n\n\n\n<p><strong><em>Ascom Sinebahia<\/em><\/strong><\/p>\n","protected":false},"excerpt":{"rendered":"<p>DOCUMENTA\u00c7\u00c3O NECESS\u00c1RIA: Obrigat\u00f3rio portar Carteira de Trabalho, RG, CPF, comprovante de resid\u00eancia e certificado de escolaridade. Essas s\u00e3o apenas algumas vagas dispon\u00edveis. Para consultar a lista completa, o trabalhador deve comparecer \u00e0 unidade de seu munic\u00edpio. Vagas exclusivas para Salvador (27\/12) REPRESENTANTE COMERCIAL AUT\u00d4NOMO Ensino M\u00e9dio completo Experi\u00eancia m\u00ednima de 06 meses na \u00e1rea de [&hellip;]<\/p>\n","protected":false},"author":2,"featured_media":0,"comment_status":"open","ping_status":"open","sticky":false,"template":"","format":"standard","meta":{"_acf_changed":false,"_monsterinsights_skip_tracking":false,"_monsterinsights_sitenote_active":false,"_monsterinsights_sitenote_note":"","_monsterinsights_sitenote_category":0,"_jetpack_memberships_contains_paid_content":false,"footnotes":"","jetpack_publicize_message":"","jetpack_publicize_feature_enabled":true,"jetpack_social_post_already_shared":true,"jetpack_social_options":{"image_generator_settings":{"template":"highway","default_image_id":0,"font":"","enabled":false},"version":2}},"categories":[5,1],"tags":[],"class_list":["post-30292","post","type-post","status-publish","format-standard","hentry","category-cotidiano","category-noticias"],"acf":[],"jetpack_publicize_connections":[],"jetpack_featured_media_url":"","jetpack_sharing_enabled":true,"publishpress_future_workflow_manual_trigger":{"enabledWorkflows":[]},"_links":{"self":[{"href":"https:\/\/blogdoeloiltoncajuhy.com.br\/site\/wp-json\/wp\/v2\/posts\/30292","targetHints":{"allow":["GET"]}}],"collection":[{"href":"https:\/\/blogdoeloiltoncajuhy.com.br\/site\/wp-json\/wp\/v2\/posts"}],"about":[{"href":"https:\/\/blogdoeloiltoncajuhy.com.br\/site\/wp-json\/wp\/v2\/types\/post"}],"author":[{"embeddable":true,"href":"https:\/\/blogdoeloiltoncajuhy.com.br\/site\/wp-json\/wp\/v2\/users\/2"}],"replies":[{"embeddable":true,"href":"https:\/\/blogdoeloiltoncajuhy.com.br\/site\/wp-json\/wp\/v2\/comments?post=30292"}],"version-history":[{"count":1,"href":"https:\/\/blogdoeloiltoncajuhy.com.br\/site\/wp-json\/wp\/v2\/posts\/30292\/revisions"}],"predecessor-version":[{"id":30293,"href":"https:\/\/blogdoeloiltoncajuhy.com.br\/site\/wp-json\/wp\/v2\/posts\/30292\/revisions\/30293"}],"wp:attachment":[{"href":"https:\/\/blogdoeloiltoncajuhy.com.br\/site\/wp-json\/wp\/v2\/media?parent=30292"}],"wp:term":[{"taxonomy":"category","embeddable":true,"href":"https:\/\/blogdoeloiltoncajuhy.com.br\/site\/wp-json\/wp\/v2\/categories?post=30292"},{"taxonomy":"post_tag","embeddable":true,"href":"https:\/\/blogdoeloiltoncajuhy.com.br\/site\/wp-json\/wp\/v2\/tags?post=30292"}],"curies":[{"name":"wp","href":"https:\/\/api.w.org\/{rel}","templated":true}]}}