{"id":30289,"date":"2018-12-26T20:02:29","date_gmt":"2018-12-26T23:02:29","guid":{"rendered":"http:\/\/blogdoeloiltoncajuhy.com.br\/site\/?p=30289"},"modified":"2018-12-26T20:02:31","modified_gmt":"2018-12-26T23:02:31","slug":"prefeitura-de-senhor-do-bonfim-comeca-a-modernizar-semaforos-no-centro-da-cidade","status":"publish","type":"post","link":"https:\/\/blogdoeloiltoncajuhy.com.br\/site\/prefeitura-de-senhor-do-bonfim-comeca-a-modernizar-semaforos-no-centro-da-cidade\/","title":{"rendered":"Prefeitura de Senhor do Bonfim come\u00e7a a modernizar sem\u00e1foros no centro da cidade"},"content":{"rendered":"\n<div class=\"wp-block-image\"><figure class=\"aligncenter\"><img data-recalc-dims=\"1\" fetchpriority=\"high\" decoding=\"async\" width=\"800\" height=\"450\" src=\"https:\/\/i0.wp.com\/blogdoeloiltoncajuhy.com.br\/site\/wp-content\/uploads\/2018\/12\/pmsb_ModernizacaoSemaforos.jpg?resize=800%2C450\" alt=\"\" class=\"wp-image-30290\" srcset=\"https:\/\/i0.wp.com\/blogdoeloiltoncajuhy.com.br\/site\/wp-content\/uploads\/2018\/12\/pmsb_ModernizacaoSemaforos.jpg?w=1024&amp;ssl=1 1024w, https:\/\/i0.wp.com\/blogdoeloiltoncajuhy.com.br\/site\/wp-content\/uploads\/2018\/12\/pmsb_ModernizacaoSemaforos.jpg?resize=300%2C169&amp;ssl=1 300w, https:\/\/i0.wp.com\/blogdoeloiltoncajuhy.com.br\/site\/wp-content\/uploads\/2018\/12\/pmsb_ModernizacaoSemaforos.jpg?resize=768%2C432&amp;ssl=1 768w, https:\/\/i0.wp.com\/blogdoeloiltoncajuhy.com.br\/site\/wp-content\/uploads\/2018\/12\/pmsb_ModernizacaoSemaforos.jpg?resize=250%2C141&amp;ssl=1 250w\" sizes=\"(max-width: 800px) 100vw, 800px\" \/><\/figure><\/div>\n\n\n\n<p>Com o objetivo de aperfei\u00e7oar o sistema de sinaliza\u00e7\u00e3o da cidade, a Prefeitura Municipal de Senhor do Bonfim, por meio Departamento Municipal de Tr\u00e2nsito (Dmtrans), est\u00e1 realizando a substitui\u00e7\u00e3o dos antigos sem\u00e1foros por novos.<br><\/p>\n\n\n\n<p>O equipamento trata de um sem\u00e1foro digital progressivo, com painel eletr\u00f4nico de mensagens. Al\u00e9m de melhorar a visibilidade, o sistema de ilumina\u00e7\u00e3o em led representar\u00e1 economia de aproximadamente 70% de energia. Ao todo, dez sem\u00e1foros modernos est\u00e3o sendo instalados  no centro da cidade.<br><\/p>\n\n\n\n<p>Os equipamentos que est\u00e3o sendo substitu\u00eddos ser\u00e3o instalados em novos pontos. Os novos locais que dever\u00e3o  receber  os sem\u00e1foros usados s\u00e3o os seguintes: Visconde do Rio Branco, Avenida Salvador (proximidades do Posto Esmeralda), Avenida Roberto Santos (cruzamento da RR Delicatessen), Avenida ACM (proximidades da Clinefro) e no cruzamento da Rua Coronel Ant\u00f4nio Felix com a Bar\u00e3o do Cotegipe.<\/p>\n\n\n\n<p><strong><em>ASCOM &#8211; Prefeitura Municipal de Senhor do Bonfim &#8211; BA<\/em><\/strong><\/p>\n","protected":false},"excerpt":{"rendered":"<p>Com o objetivo de aperfei\u00e7oar o sistema de sinaliza\u00e7\u00e3o da cidade, a Prefeitura Municipal de Senhor do Bonfim, por meio Departamento Municipal de Tr\u00e2nsito (Dmtrans), est\u00e1 realizando a substitui\u00e7\u00e3o dos antigos sem\u00e1foros por novos. O equipamento trata de um sem\u00e1foro digital progressivo, com painel eletr\u00f4nico de mensagens. Al\u00e9m de melhorar a visibilidade, o sistema de [&hellip;]<\/p>\n","protected":false},"author":2,"featured_media":30290,"comment_status":"open","ping_status":"open","sticky":false,"template":"","format":"standard","meta":{"_acf_changed":false,"_monsterinsights_skip_tracking":false,"_monsterinsights_sitenote_active":false,"_monsterinsights_sitenote_note":"","_monsterinsights_sitenote_category":0,"_jetpack_memberships_contains_paid_content":false,"footnotes":"","jetpack_publicize_message":"","jetpack_publicize_feature_enabled":true,"jetpack_social_post_already_shared":true,"jetpack_social_options":{"image_generator_settings":{"template":"highway","default_image_id":0,"font":"","enabled":false},"version":2}},"categories":[1],"tags":[],"class_list":["post-30289","post","type-post","status-publish","format-standard","has-post-thumbnail","hentry","category-noticias"],"acf":[],"jetpack_publicize_connections":[],"jetpack_featured_media_url":"https:\/\/i0.wp.com\/blogdoeloiltoncajuhy.com.br\/site\/wp-content\/uploads\/2018\/12\/pmsb_ModernizacaoSemaforos.jpg?fit=1024%2C576&ssl=1","jetpack_sharing_enabled":true,"publishpress_future_workflow_manual_trigger":{"enabledWorkflows":[]},"_links":{"self":[{"href":"https:\/\/blogdoeloiltoncajuhy.com.br\/site\/wp-json\/wp\/v2\/posts\/30289","targetHints":{"allow":["GET"]}}],"collection":[{"href":"https:\/\/blogdoeloiltoncajuhy.com.br\/site\/wp-json\/wp\/v2\/posts"}],"about":[{"href":"https:\/\/blogdoeloiltoncajuhy.com.br\/site\/wp-json\/wp\/v2\/types\/post"}],"author":[{"embeddable":true,"href":"https:\/\/blogdoeloiltoncajuhy.com.br\/site\/wp-json\/wp\/v2\/users\/2"}],"replies":[{"embeddable":true,"href":"https:\/\/blogdoeloiltoncajuhy.com.br\/site\/wp-json\/wp\/v2\/comments?post=30289"}],"version-history":[{"count":1,"href":"https:\/\/blogdoeloiltoncajuhy.com.br\/site\/wp-json\/wp\/v2\/posts\/30289\/revisions"}],"predecessor-version":[{"id":30291,"href":"https:\/\/blogdoeloiltoncajuhy.com.br\/site\/wp-json\/wp\/v2\/posts\/30289\/revisions\/30291"}],"wp:featuredmedia":[{"embeddable":true,"href":"https:\/\/blogdoeloiltoncajuhy.com.br\/site\/wp-json\/wp\/v2\/media\/30290"}],"wp:attachment":[{"href":"https:\/\/blogdoeloiltoncajuhy.com.br\/site\/wp-json\/wp\/v2\/media?parent=30289"}],"wp:term":[{"taxonomy":"category","embeddable":true,"href":"https:\/\/blogdoeloiltoncajuhy.com.br\/site\/wp-json\/wp\/v2\/categories?post=30289"},{"taxonomy":"post_tag","embeddable":true,"href":"https:\/\/blogdoeloiltoncajuhy.com.br\/site\/wp-json\/wp\/v2\/tags?post=30289"}],"curies":[{"name":"wp","href":"https:\/\/api.w.org\/{rel}","templated":true}]}}