{"id":30285,"date":"2018-12-26T19:38:39","date_gmt":"2018-12-26T22:38:39","guid":{"rendered":"http:\/\/blogdoeloiltoncajuhy.com.br\/site\/?p=30285"},"modified":"2018-12-26T19:44:04","modified_gmt":"2018-12-26T22:44:04","slug":"o-mendigo-do-poesia-no-beco-uma-alusao-ao-advento-do-senhor-e-uma-reflexao-sobre-nos-e-mundo","status":"publish","type":"post","link":"https:\/\/blogdoeloiltoncajuhy.com.br\/site\/o-mendigo-do-poesia-no-beco-uma-alusao-ao-advento-do-senhor-e-uma-reflexao-sobre-nos-e-mundo\/","title":{"rendered":"O mendigo do &#8220;Poesia no Beco&#8221;: Uma alus\u00e3o ao advento do Senhor e uma reflex\u00e3o sobre n\u00f3s e mundo"},"content":{"rendered":"\n<p style=\"text-align:right\"><strong><em>*Por Edvan Cajuhy<\/em><\/strong><\/p>\n\n\n\n<div class=\"wp-block-image\"><figure class=\"aligncenter is-resized\"><img data-recalc-dims=\"1\" fetchpriority=\"high\" decoding=\"async\" src=\"https:\/\/i0.wp.com\/blogdoeloiltoncajuhy.com.br\/site\/wp-content\/uploads\/2018\/11\/poesia-no-beco_2018.jpg?resize=389%2C330\" alt=\"\" class=\"wp-image-29549\" width=\"389\" height=\"330\"\/><\/figure><\/div>\n\n\n\n<p>Era o dia 07 de dezembro, uma sexta feira, realiza\u00e7\u00e3o do <strong>Projeto &#8220;Poesia no Beco&#8221;<\/strong>, na Rua Shopping, nome americanizado dado ao Cal\u00e7ad\u00e3o da Juviniano Duarte, nosso antigo <strong>Beco do Bazar<\/strong>. Ao cair do crep\u00fasculo, pr\u00f3ximo a hora da Ave-Maria, t\u00ednhamos terminado de ouvir o Coral da Saudade e algumas poesias de Carlos Santos, quando, depois de muita tentativa de liga\u00e7\u00e3o por celular para Denis Alberto, membro da ACLASB, sou surpreendido com meu celular tocando:<br> <\/p>\n\n\n\n<p>_ Al\u00f4!<br><em>Al\u00f4 presidente! Por favor, me espere que j\u00e1 estou chegando. Estou chegando fazendo uma zuada. <\/em>Ok! Voc\u00ea est\u00e1 atrasado para o seu show, mas vou colocar outras pessoas enquanto voc\u00ea chega. Ent\u00e3o mais poemas! E agora, Rog\u00e9rio Moreira com seu viol\u00e3o enchendo o Beco do Bazar de m\u00fasica. <\/p>\n\n\n\n<p>Enquanto isso, eu era chamado para dar entrevista ao radialista, quando de repente, avisto distante, mas n\u00e3o distante o suficiente que n\u00e3o desse para perceber, o surgimento de um mendigo no inicio do Beco do Bazar. Mesmo pela pouca distancia, o reconheci. J\u00e1 tinha visto aquele mendigo em algum lugar.<br><\/p>\n\n\n\n<p>Alto, forte, chap\u00e9u na cabe\u00e7a caindo sobre os olhos, cal\u00e7a jeans suja com manchas escuras como se fosse carv\u00e3o, blus\u00e3o de frio tamb\u00e9m jeans, rosto sujo ou parecido ter sido lambuzado de p\u00f3 de carv\u00e3o ou ainda algum tipo de tinha (guache).<\/p>\n\n\n\n<p>Continuei minha entrevista com o radialista. Enquanto ele aproximava-se de n\u00f3s, eu j\u00e1 o tinha agora reconhecido quem era mesmo aquele mendigo. Mas me mantive em sil\u00eancio. Pensei: _deve ser uma performance art\u00edstica. Ele veio, falou comigo, com o radialista que por hora, n\u00e3o sabia se me entrevistava ou ria e, saiu falando com todos no cal\u00e7ad\u00e3o sem ser reconhecido.<\/p>\n\n\n\n<p>Por\u00e9m onde est\u00e1 o nosso confrade Denis Alberto para sua apresenta\u00e7\u00e3o? Agora tudo era tomada pela presen\u00e7a do mendigo, que come\u00e7ou a incomodar a todos, pedindo dinheiro, pegando na m\u00e3o de um e de outro.<br><\/p>\n\n\n\n<p>Os confrades Jackson Santana e Concei\u00e7\u00e3o Lins come\u00e7aram a preocupar-se com a demora de Denis Alberto. Os policiais militares j\u00e1 come\u00e7avam a irritar-se com o mendigo que entrava e saia pelo espa\u00e7o do evento com as mesmas a\u00e7\u00f5es, pegando na m\u00e3o de todos, pedindo dinheiro e \u2018claro\u2019 o povo esquivando-se devido ao aspecto sujo do mendigo.<\/p>\n\n\n\n<p>Como eu j\u00e1 o conhecia e percebi que os policiais poderiam ser mais en\u00e9rgicos com ele e poderia talvez at\u00e9 machuca-lo, aproximei-me do soldado e pedi que o deixasse \u00e0 vontade que eu o conhecia. O soldado, ent\u00e3o, pediu desculpas, saiu rindo e, claro, falou aos companheiros do que se tratava. Sorriram entre si.<br><\/p>\n\n\n\n<p>Autorizei que aos confrades cerimonialistas do evento no momento, Jackson Santana e Concei\u00e7\u00e3o Lins, anunciassem a presen\u00e7a do confrade Denis Alberto. Ent\u00e3o, anunciaram: _com voc\u00eas caro publico, o show com o nosso confrade da ACLASB, Denis Alberto que vai encher o Beco do Bazar com m\u00fasica.<br><\/p>\n\n\n\n<p>O povo aplaudiu e nada de Deis Alberto. Quem estava justamente no palco?  O mendigo, mais uma vez incomodando. Querendo pegar na m\u00e3o de Concei\u00e7\u00e3o Lins e de Jackson Santana. Ela se retirou, Jackson deu uma bronca no mendigo e se retirou. Mas, antes eu falei: _D\u00e1 o microfone pra ele, talvez ele queira falar alguma coisa.<br><\/p>\n\n\n\n<p>Como os dois retiraram-se e eu fiquei, passei o microfone para o mendigo e ele ent\u00e3o se apresentou: _Boa noite caro p\u00fablico, eu sou Denis Alberto, membro da Academia de Letras e Artes de Senhor do Bonfim \u2013 ACLASB.<br><\/p>\n\n\n\n<p>E todos come\u00e7aram a rir. Uns pouqu\u00edssimos sabiam do que se tratava, os policiais e eu, outros riam de si mesmos, pelas suas atitudes diante do mendigo, outros riam dos outros, e ainda outros riam da caracteriza\u00e7\u00e3o bem feita do musico, poeta, compositor e membro da ACLASB, Denis Alberto.<br><\/p>\n\n\n\n<p>Ent\u00e3o Denis Alberto come\u00e7ou a falar da chegada do natal, do nascimento de Jesus que, sendo rei, veio pobre e tamb\u00e9m desprezado pelas pessoas, foi ignorado, como ele, (o ator) foi ignorado, esquivado, exclu\u00eddo nesse evento, pelos amigos, pessoas, artistas, policiais, porque n\u00e3o o reconheceram, porque estava mal vestido, porque estava sujo.<\/p>\n\n\n\n<p>E ele citou v\u00e1rias passagens b\u00edblicas falando do Advento do Senhor, dessa prepara\u00e7\u00e3o da chegada do Cristo e nos deixou uma reflex\u00e3o profunda sobre a atualidade e, acima de tudo, sobre n\u00f3s mesmos. Entre v\u00e1rias cita\u00e7\u00f5es b\u00edblicas, passagens da hist\u00f3ria de pessoas exclu\u00eddas da sociedade daquelas \u00e9pocas, citou o evangelista Lucas:<br><\/p>\n\n\n\n<p>(\u2026) Enquanto la estavam , completaram-se para o parto, e ela (Maria) deu a luz ao seu primog\u00eanito, envolveu-o com faixas e reclinou-o numa manjedoura, porque n\u00e3o havia luar para eles na sala(\u2026). (Lc 2, 1-20). Quais foram os primeiros a receber a noticia do nascimento de Jesus? Os pastores que cuidavam das ovelhas, depois os Reis Magos do Oriente, esse reis n\u00e3o faziam parte do povo judeu, mas, era isso, tudo isso foi revelado primeiramente aos simples, aos exclu\u00eddos, aos pobres, aos injusti\u00e7ados.<br><\/p>\n\n\n\n<p>Hoje mais do que nunca, somos chamados a refletir sobre n\u00f3s mesmos, sobre atualidade. Ultimamente, principalmente esse ano que se finda, mas, especificamente durante as elei\u00e7\u00f5es para presidente, governadores, senadores, deputados estaduais e deputados federais, presenciaram a incita\u00e7\u00e3o ao \u00f3dio, ao preconceito, a discrimina\u00e7\u00e3o. Pela disputa do poder tudo valia.<br><\/p>\n\n\n\n<p>Vi e ouvi \u201ccrist\u00e3os\u201d em nome da religi\u00e3o falar e desejar o exterm\u00ednio de pessoas ou pena de morte fazendo-se de Deus. Vi e ouvi discursos de \u00f3dios contra as pessoas que pensam diferentes, que acreditam em outra religi\u00e3o, contra pessoas sexualmente diferentes. Vi e ouvi uma campanha politica pautada em fake news, ou seja, pautada na mentira (muitos seguindo o pai da mentira, o diabo). Vi e ouvi as faces da crueldade e da pobreza e mis\u00e9ria de espirito do ser humano, implorando ditadura, tortura, arma e sangue.<br><\/p>\n\n\n\n<p>Mas, o mais absurdo, que tudo era em nome de \u201cDeus, da religi\u00e3o, da moral, dos bons costumes\u201d. E mesmo depois de tudo ainda vemos nas redes sociais essa onda mal\u00e9fica de discursos falsos, hip\u00f3critas e demagogos at\u00e9 mesmo de \u201creligiosos\u201d.<br><\/p>\n\n\n\n<p>Esse mendigo do Poesia no Beco veio nos chamar aten\u00e7\u00e3o para o que realmente estamos fazendo das nossas vidas, dos nossos dias aqui na terra. O que estamos fazendo com o mundo e com o Brasil. Temos que deixar de lado nossas arrog\u00e2ncias religiosas, intelectuais, pensando que somos melhores que os outros, porque quando partirmos tudo isso fica, tudo isso n\u00e3o ter\u00e1 import\u00e2ncia para onde iremos.<br><\/p>\n\n\n\n<p>E temos que tomar cuidado para que nossas palavras malditas, nossas a\u00e7\u00f5es de intoler\u00e2ncia n\u00e3o sejam o fardo pesado que teremos que levar quando partirmos, e que estes n\u00e3o  sejam os empecilhos para alcan\u00e7armos o\/a (para\u00edso, eternidade) ou outra denomina\u00e7\u00e3o dado de acordo com as diversas religi\u00f5es, para um lugar melhor depois da morte.<br><\/p>\n\n\n\n<p>E ainda com a reflex\u00e3o proporcionada pelo Mendigo do Poesia no Beco e invadido pelo espirito natalino, momento este, n\u00e3o para o consumismo mas, para confraternizarmos, vamos nos libertar dessa mesquinhez, dessa hipocrisia e deixarmos de julgar e condenar os outros como se fossemos Deus, porque s\u00f3 Ele pode e, mesmo assim, Ele \u00e9 misericordioso, amoroso, paciente e justo.<br><\/p>\n\n\n\n<p>Obrigado ao confrade Denis Alberto por ter proporcionado naquele dia 07 de dezembro, numa sexta-feira, sobre o cair do crep\u00fasculo, representado naquele mendigo, essa reflex\u00e3o. Porque quando o AMOR for tudo em todos, seremos seres humanos melhores, compreenderemos o outro, respeitaremos os diferentes de n\u00f3s e seremos cidad\u00e3os do \u201cmundo\u201d.<\/p>\n\n\n\n<p>Se assim n\u00e3o for, nunca deixaremos de est\u00e1 somente na nossa caverninha que Plat\u00e3o falava, vendo tudo atrav\u00e9s das nossas pr\u00f3prias sombras, trancados no nosso \u201cmundinho\u201d, sem ser nunca a Luz de Jesus que brilha ou que quer brilhar em n\u00f3s e iluminar o mundo.<br><\/p>\n\n\n\n<p>Aproveito o ensejo e desejo um Feliz Natal a todos os familiares, confrades e confreiras da ACLASB, amigos, conhecidos, companheiros, apoiadores, desconhecidos, mendigos e exclu\u00eddos da sociedade, dos governos, da justi\u00e7a e das religi\u00f5es. Que Deus aben\u00e7oe a todos e a cada um com gra\u00e7as e abundancia de vida, porque Ele \u00e9 o Deus da vida e n\u00e3o da morte. Felicidades e um abra\u00e7o a todos!<\/p>\n\n\n\n<p><strong><em>*EDVAN CAJUHY &#8211; Presidente da Academia de Letras e Artes de Senhor do Bonfim \u2013 ACLASB<\/em><\/strong><\/p>\n","protected":false},"excerpt":{"rendered":"<p>*Por Edvan Cajuhy Era o dia 07 de dezembro, uma sexta feira, realiza\u00e7\u00e3o do Projeto &#8220;Poesia no Beco&#8221;, na Rua Shopping, nome americanizado dado ao Cal\u00e7ad\u00e3o da Juviniano Duarte, nosso antigo Beco do Bazar. Ao cair do crep\u00fasculo, pr\u00f3ximo a hora da Ave-Maria, t\u00ednhamos terminado de ouvir o Coral da Saudade e algumas poesias de [&hellip;]<\/p>\n","protected":false},"author":2,"featured_media":0,"comment_status":"open","ping_status":"open","sticky":false,"template":"","format":"standard","meta":{"_acf_changed":false,"_monsterinsights_skip_tracking":false,"_monsterinsights_sitenote_active":false,"_monsterinsights_sitenote_note":"","_monsterinsights_sitenote_category":0,"_jetpack_memberships_contains_paid_content":false,"footnotes":"","jetpack_publicize_message":"","jetpack_publicize_feature_enabled":true,"jetpack_social_post_already_shared":true,"jetpack_social_options":{"image_generator_settings":{"template":"highway","default_image_id":0,"font":"","enabled":false},"version":2}},"categories":[8,1,4],"tags":[],"class_list":["post-30285","post","type-post","status-publish","format-standard","hentry","category-cultura","category-noticias","category-local"],"acf":[],"jetpack_publicize_connections":[],"jetpack_featured_media_url":"","jetpack_sharing_enabled":true,"publishpress_future_workflow_manual_trigger":{"enabledWorkflows":[]},"_links":{"self":[{"href":"https:\/\/blogdoeloiltoncajuhy.com.br\/site\/wp-json\/wp\/v2\/posts\/30285","targetHints":{"allow":["GET"]}}],"collection":[{"href":"https:\/\/blogdoeloiltoncajuhy.com.br\/site\/wp-json\/wp\/v2\/posts"}],"about":[{"href":"https:\/\/blogdoeloiltoncajuhy.com.br\/site\/wp-json\/wp\/v2\/types\/post"}],"author":[{"embeddable":true,"href":"https:\/\/blogdoeloiltoncajuhy.com.br\/site\/wp-json\/wp\/v2\/users\/2"}],"replies":[{"embeddable":true,"href":"https:\/\/blogdoeloiltoncajuhy.com.br\/site\/wp-json\/wp\/v2\/comments?post=30285"}],"version-history":[{"count":2,"href":"https:\/\/blogdoeloiltoncajuhy.com.br\/site\/wp-json\/wp\/v2\/posts\/30285\/revisions"}],"predecessor-version":[{"id":30288,"href":"https:\/\/blogdoeloiltoncajuhy.com.br\/site\/wp-json\/wp\/v2\/posts\/30285\/revisions\/30288"}],"wp:attachment":[{"href":"https:\/\/blogdoeloiltoncajuhy.com.br\/site\/wp-json\/wp\/v2\/media?parent=30285"}],"wp:term":[{"taxonomy":"category","embeddable":true,"href":"https:\/\/blogdoeloiltoncajuhy.com.br\/site\/wp-json\/wp\/v2\/categories?post=30285"},{"taxonomy":"post_tag","embeddable":true,"href":"https:\/\/blogdoeloiltoncajuhy.com.br\/site\/wp-json\/wp\/v2\/tags?post=30285"}],"curies":[{"name":"wp","href":"https:\/\/api.w.org\/{rel}","templated":true}]}}