{"id":30281,"date":"2018-12-26T16:26:33","date_gmt":"2018-12-26T19:26:33","guid":{"rendered":"http:\/\/blogdoeloiltoncajuhy.com.br\/site\/?p=30281"},"modified":"2018-12-26T16:26:40","modified_gmt":"2018-12-26T19:26:40","slug":"mp-deve-concluir-denuncia-contra-joao-de-deus-esta-semana-medium-prestou-depoimento-hoje","status":"publish","type":"post","link":"https:\/\/blogdoeloiltoncajuhy.com.br\/site\/mp-deve-concluir-denuncia-contra-joao-de-deus-esta-semana-medium-prestou-depoimento-hoje\/","title":{"rendered":"MP deve concluir den\u00fancia contra Jo\u00e3o de Deus esta semana; m\u00e9dium prestou depoimento hoje"},"content":{"rendered":"\n<div class=\"wp-block-image\"><figure class=\"alignright is-resized\"><img data-recalc-dims=\"1\" fetchpriority=\"high\" decoding=\"async\" src=\"https:\/\/i0.wp.com\/blogdoeloiltoncajuhy.com.br\/site\/wp-content\/uploads\/2018\/12\/joao-de-deus-BN.jpg?resize=411%2C303\" alt=\"\" class=\"wp-image-30157\" width=\"411\" height=\"303\" srcset=\"https:\/\/i0.wp.com\/blogdoeloiltoncajuhy.com.br\/site\/wp-content\/uploads\/2018\/12\/joao-de-deus-BN.jpg?w=380&amp;ssl=1 380w, https:\/\/i0.wp.com\/blogdoeloiltoncajuhy.com.br\/site\/wp-content\/uploads\/2018\/12\/joao-de-deus-BN.jpg?resize=300%2C221&amp;ssl=1 300w, https:\/\/i0.wp.com\/blogdoeloiltoncajuhy.com.br\/site\/wp-content\/uploads\/2018\/12\/joao-de-deus-BN.jpg?resize=250%2C184&amp;ssl=1 250w\" sizes=\"(max-width: 411px) 100vw, 411px\" \/><\/figure><\/div>\n\n\n\n<p>O m\u00e9dium Jo\u00e3o Teixeira de Faria, mais conhecido como Jo\u00e3o de Deus, foi interrogado pelo Minist\u00e9rio P\u00fablico de Goi\u00e1s nesta quarta-feira (26). Ele \u00e9 acusado de praticar abusos sexuais contra mulheres que buscavam atendimento espiritual.<\/p>\n\n\n\n<p>Os promotores da for\u00e7a-tarefa montada para apurar as den\u00fancias contra Jo\u00e3o de Deus interrogaram o m\u00e9dium por cerca de uma hora e meia.<\/p>\n\n\n\n<p>Ele deixou a pris\u00e3o de manh\u00e3 escoltado e retornou, por volta do meio-dia, ao complexo Prisional de Aparecida de Goi\u00e2nia, onde est\u00e1 preso preventivamente desde o dia 16 de dezembro.<\/p>\n\n\n\n<p>O Minist\u00e9rio P\u00fablico n\u00e3o divulgou o teor do interrogat\u00f3rio, mas a assessoria de imprensa informa que a den\u00fancia contra o m\u00e9dium deve ficar pronta ainda nesta semana. A defesa nega todas as acusa\u00e7\u00f5es.<\/p>\n\n\n\n<p>O \u00faltimo balan\u00e7o da for\u00e7a-tarefa registrou mais de 600 mensagens que somam cerca de 260 poss\u00edveis v\u00edtimas de crimes sexuais, incluindo crian\u00e7as e adolescentes.<\/p>\n\n\n\n<p>A esposa do m\u00e9dium, Ana Keyla Teixeira, tamb\u00e9m deve depor nesta quarta-feira (26) na Pol\u00edcia Civil de Goi\u00e1s.<\/p>\n\n\n\n<p><strong><em>Lucas Pordeus Le\u00f3n\/Radioag\u00eancia Nacional<\/em><\/strong><\/p>\n","protected":false},"excerpt":{"rendered":"<p>O m\u00e9dium Jo\u00e3o Teixeira de Faria, mais conhecido como Jo\u00e3o de Deus, foi interrogado pelo Minist\u00e9rio P\u00fablico de Goi\u00e1s nesta quarta-feira (26). Ele \u00e9 acusado de praticar abusos sexuais contra mulheres que buscavam atendimento espiritual. Os promotores da for\u00e7a-tarefa montada para apurar as den\u00fancias contra Jo\u00e3o de Deus interrogaram o m\u00e9dium por cerca de uma [&hellip;]<\/p>\n","protected":false},"author":2,"featured_media":0,"comment_status":"open","ping_status":"open","sticky":false,"template":"","format":"standard","meta":{"_acf_changed":false,"_monsterinsights_skip_tracking":false,"_monsterinsights_sitenote_active":false,"_monsterinsights_sitenote_note":"","_monsterinsights_sitenote_category":0,"_jetpack_memberships_contains_paid_content":false,"footnotes":"","jetpack_publicize_message":"","jetpack_publicize_feature_enabled":true,"jetpack_social_post_already_shared":true,"jetpack_social_options":{"image_generator_settings":{"template":"highway","default_image_id":0,"font":"","enabled":false},"version":2}},"categories":[5,1],"tags":[],"class_list":["post-30281","post","type-post","status-publish","format-standard","hentry","category-cotidiano","category-noticias"],"acf":[],"jetpack_publicize_connections":[],"jetpack_featured_media_url":"","jetpack_sharing_enabled":true,"publishpress_future_workflow_manual_trigger":{"enabledWorkflows":[]},"_links":{"self":[{"href":"https:\/\/blogdoeloiltoncajuhy.com.br\/site\/wp-json\/wp\/v2\/posts\/30281","targetHints":{"allow":["GET"]}}],"collection":[{"href":"https:\/\/blogdoeloiltoncajuhy.com.br\/site\/wp-json\/wp\/v2\/posts"}],"about":[{"href":"https:\/\/blogdoeloiltoncajuhy.com.br\/site\/wp-json\/wp\/v2\/types\/post"}],"author":[{"embeddable":true,"href":"https:\/\/blogdoeloiltoncajuhy.com.br\/site\/wp-json\/wp\/v2\/users\/2"}],"replies":[{"embeddable":true,"href":"https:\/\/blogdoeloiltoncajuhy.com.br\/site\/wp-json\/wp\/v2\/comments?post=30281"}],"version-history":[{"count":1,"href":"https:\/\/blogdoeloiltoncajuhy.com.br\/site\/wp-json\/wp\/v2\/posts\/30281\/revisions"}],"predecessor-version":[{"id":30282,"href":"https:\/\/blogdoeloiltoncajuhy.com.br\/site\/wp-json\/wp\/v2\/posts\/30281\/revisions\/30282"}],"wp:attachment":[{"href":"https:\/\/blogdoeloiltoncajuhy.com.br\/site\/wp-json\/wp\/v2\/media?parent=30281"}],"wp:term":[{"taxonomy":"category","embeddable":true,"href":"https:\/\/blogdoeloiltoncajuhy.com.br\/site\/wp-json\/wp\/v2\/categories?post=30281"},{"taxonomy":"post_tag","embeddable":true,"href":"https:\/\/blogdoeloiltoncajuhy.com.br\/site\/wp-json\/wp\/v2\/tags?post=30281"}],"curies":[{"name":"wp","href":"https:\/\/api.w.org\/{rel}","templated":true}]}}