{"id":30278,"date":"2018-12-26T12:29:33","date_gmt":"2018-12-26T15:29:33","guid":{"rendered":"http:\/\/blogdoeloiltoncajuhy.com.br\/site\/?p=30278"},"modified":"2018-12-26T12:29:39","modified_gmt":"2018-12-26T15:29:39","slug":"prf-encerra-operacao-natal-com-expressiva-diminuicao-de-acidentes-feridos-e-obitos-nas-rodovias-federais-da-bahia","status":"publish","type":"post","link":"https:\/\/blogdoeloiltoncajuhy.com.br\/site\/prf-encerra-operacao-natal-com-expressiva-diminuicao-de-acidentes-feridos-e-obitos-nas-rodovias-federais-da-bahia\/","title":{"rendered":"PRF encerra Opera\u00e7\u00e3o Natal com expressiva diminui\u00e7\u00e3o de acidentes, feridos e \u00f3bitos nas rodovias federais da Bahia"},"content":{"rendered":"\n<h5 class=\"wp-block-heading\" style=\"text-align:center\"><em>Este ano, duas pessoas morreram durante o feriado nas rodovias baianas, redu\u00e7\u00e3o de 85% com rela\u00e7\u00e3o ao ano anterior, quando 13 pessoas vieram a \u00f3bito<\/em><\/h5>\n\n\n\n<div class=\"wp-block-image\"><figure class=\"aligncenter is-resized\"><img data-recalc-dims=\"1\" fetchpriority=\"high\" decoding=\"async\" src=\"https:\/\/i0.wp.com\/blogdoeloiltoncajuhy.com.br\/site\/wp-content\/uploads\/2018\/12\/PRF_op-natl-2018_fim.jpg?resize=600%2C334\" alt=\"\" class=\"wp-image-30279\" width=\"600\" height=\"334\" srcset=\"https:\/\/i0.wp.com\/blogdoeloiltoncajuhy.com.br\/site\/wp-content\/uploads\/2018\/12\/PRF_op-natl-2018_fim.jpg?w=800&amp;ssl=1 800w, https:\/\/i0.wp.com\/blogdoeloiltoncajuhy.com.br\/site\/wp-content\/uploads\/2018\/12\/PRF_op-natl-2018_fim.jpg?resize=300%2C167&amp;ssl=1 300w, https:\/\/i0.wp.com\/blogdoeloiltoncajuhy.com.br\/site\/wp-content\/uploads\/2018\/12\/PRF_op-natl-2018_fim.jpg?resize=768%2C427&amp;ssl=1 768w, https:\/\/i0.wp.com\/blogdoeloiltoncajuhy.com.br\/site\/wp-content\/uploads\/2018\/12\/PRF_op-natl-2018_fim.jpg?resize=250%2C139&amp;ssl=1 250w\" sizes=\"(max-width: 600px) 100vw, 600px\" \/><\/figure><\/div>\n\n\n\n<p>A Pol\u00edcia Rodovi\u00e1ria Federal (PRF) encerrou, \u00e0s 23h59 desta ter\u00e7a-feira (25), a Opera\u00e7\u00e3o Natal realizada nas rodovias federais que cortam a Bahia. Iniciada na \u00faltima sexta-feira (21), a PRF focou sua fiscaliza\u00e7\u00e3o, principalmente, no combate a condutas como: excesso de velocidade, embriaguez ao volante e as ultrapassagens irregulares.<\/p>\n\n\n\n<p>O uso do cinto de seguran\u00e7a e dos dispositivos de reten\u00e7\u00e3o para crian\u00e7as, al\u00e9m de fiscaliza\u00e7\u00f5es espec\u00edficas de motocicletas e condi\u00e7\u00f5es de conserva\u00e7\u00e3o dos ve\u00edculos, tamb\u00e9m fizeram parte das a\u00e7\u00f5es fiscalizat\u00f3rias das equipes da PRF.<\/p>\n\n\n\n<p>Durante os cinco dias de trabalho, a PRF contou com refor\u00e7o no policiamento ostensivo que foram dispostos estrategicamente em pontos considerados cr\u00edticos pelas rodovias federais da Bahia.<\/p>\n\n\n\n<p>Foram fiscalizados um total de 9.899 ve\u00edculos e 9.099 pessoas no per\u00edodo da opera\u00e7\u00e3o. Tamb\u00e9m foram realizados 5.189 testes de alcoolemia (baf\u00f4metro), sendo lavrados 111 autos.<\/p>\n\n\n\n<p>Durante as fiscaliza\u00e7\u00f5es, a PRF tamb\u00e9m emitiu 82 autos de infra\u00e7\u00e3o para motociclistas sem capacete e 65 motoristas foram flagrados trafegando com crian\u00e7as sem o dispositivo de seguran\u00e7a (cadeirinha). J\u00e1 os autos emitidos referente ao uso de celular ao volante totalizaram 22 infra\u00e7\u00f5es.<\/p>\n\n\n\n<p>Nesse feriad\u00e3o prolongado de Natal a PRF autuou 5.593 condutores cometendo infra\u00e7\u00f5es diversas. Uma das infra\u00e7\u00f5es mais constatada, a ultrapassagem proibida, que lamentavelmente \u00e9 a que mais causa acidentes com consequ\u00eancias graves foram 1706 autos extra\u00eddos. Nunca \u00e9 demais enfatizar que a colis\u00e3o frontal, quase sempre causada pelas ultrapassagens proibidas, \u00e9 o tipo de acidente que mais fere gravemente e mata pessoas em rodovias do pa\u00eds inteiro.<\/p>\n\n\n\n<p>Al\u00e9m do patrulhamento ostensivo a PRF realizou a\u00e7\u00f5es educativas para o tr\u00e2nsito que teve como p\u00fablico-alvo condutores e passageiros, sendo sensibilizadas 1.504 pessoas dentre adultos e crian\u00e7as, por meio do Cinema Rodovi\u00e1rio \u2013 Comando, em que os usu\u00e1rios foram convidados a ouvir palestras bem como receberam dicas de seguran\u00e7a visando \u00e0 assimila\u00e7\u00e3o de h\u00e1bitos e atitudes respons\u00e1veis no tr\u00e2nsito.<\/p>\n\n\n\n<p class=\"has-medium-font-size\"><strong>Redu\u00e7\u00e3o de acidentes, feridos e \u00f3bitos<\/strong><\/p>\n\n\n\n<p>Em rela\u00e7\u00e3o ao mesmo per\u00edodo do ano anterior, a PRF na Bahia registrou uma redu\u00e7\u00e3o de 21% no n\u00famero de acidentes totais, 70 em 2017 contra 55 este ano. Destes, 20 foram acidentes graves, quando resultam em, pelo menos, um \u00f3bito ou ferido gravemente.<\/p>\n\n\n\n<p>Nestes acidentes, 71 pessoas ficaram feridas, n\u00famero que representa uma redu\u00e7\u00e3o de 13% em rela\u00e7\u00e3o ao mesmo per\u00edodo do ano passado. Este ano, 02 pessoas morreram durante o feriado nas rodovias baianas, redu\u00e7\u00e3o de 85% com rela\u00e7\u00e3o ao ano anterior, quando 13 pessoas vieram a \u00f3bito.<\/p>\n\n\n\n<p>Das ocorr\u00eancias que resultaram em mortes, ambas ocorreram no dia 22\/12, uma por capotamento de ve\u00edculo, do tipo autom\u00f3vel, acidente ocorrido \u00e0s 10h30, na BR 020 Km 62, tendo como v\u00edtima o condutor, um homem de 60 anos. J\u00e1 o segundo ocorreu \u00e0s 21h45, no trecho da BR 101, Km 703, envolveu uma motocicleta, conduzida por um homem de 26 anos acidente do tipo sa\u00edda de pista.<\/p>\n\n\n\n<p class=\"has-medium-font-size\"><strong>A\u00e7\u00f5es contra a criminalidade<\/strong><\/p>\n\n\n\n<p>Durante o per\u00edodo da opera\u00e7\u00e3o, a PRF na Bahia recuperou 03 ve\u00edculos e 39 pessoas foram detidas.<\/p>\n\n\n\n<p class=\"has-medium-font-size\"><strong>Opera\u00e7\u00e3o Rodovida<\/strong><\/p>\n\n\n\n<p>Como parte de uma a\u00e7\u00e3o do Governo Federal, a Opera\u00e7\u00e3o Rodovida integra o Pacto Nacional pela Redu\u00e7\u00e3o de Acidentes no Tr\u00e2nsito \u2013 Pacto pela Vida, assinado pelo governo brasileiro em 2011. O projeto da Organiza\u00e7\u00e3o das Na\u00e7\u00f5es (ONU) tem como objetivo reduzir em 50% o n\u00famero de mortos e feridos.<\/p>\n\n\n\n<p>Acontecendo em per\u00edodo de maior fluxo rodovi\u00e1rio em todo pa\u00eds em raz\u00e3o das comemora\u00e7\u00f5es de final de ano, f\u00e9rias escolares e Carnaval), a Rodovida priorizar\u00e1 a\u00e7\u00f5es integradas e simult\u00e2neas, envolvendo diversas ag\u00eancias de fiscaliza\u00e7\u00e3o, com atua\u00e7\u00e3o coordenada e sist\u00eamica, dentro dos respectivos eixos de compet\u00eancia, com o intuito de somar for\u00e7as no enfrentamento \u00e0 viol\u00eancia no tr\u00e2nsito e na redu\u00e7\u00e3o dos custos sociais decorrentes.<\/p>\n\n\n\n<p>A Opera\u00e7\u00e3o Rodovida ser\u00e1 divida em dois per\u00edodos: o primeiro, compreende as f\u00e9rias escolares, Natal e Ano Novo seguindo de 14\/12 a 31\/01. J\u00e1 o segundo, entre 22\/02 a 10\/03, abranger\u00e1 as festividades do carnaval.<\/p>\n\n\n\n<p><strong><em>Ag\u00eancia PRF<\/em><\/strong><\/p>\n","protected":false},"excerpt":{"rendered":"<p>Este ano, duas pessoas morreram durante o feriado nas rodovias baianas, redu\u00e7\u00e3o de 85% com rela\u00e7\u00e3o ao ano anterior, quando 13 pessoas vieram a \u00f3bito A Pol\u00edcia Rodovi\u00e1ria Federal (PRF) encerrou, \u00e0s 23h59 desta ter\u00e7a-feira (25), a Opera\u00e7\u00e3o Natal realizada nas rodovias federais que cortam a Bahia. Iniciada na \u00faltima sexta-feira (21), a PRF focou [&hellip;]<\/p>\n","protected":false},"author":2,"featured_media":30279,"comment_status":"open","ping_status":"open","sticky":false,"template":"","format":"standard","meta":{"_acf_changed":false,"_monsterinsights_skip_tracking":false,"_monsterinsights_sitenote_active":false,"_monsterinsights_sitenote_note":"","_monsterinsights_sitenote_category":0,"_jetpack_memberships_contains_paid_content":false,"footnotes":"","jetpack_publicize_message":"","jetpack_publicize_feature_enabled":true,"jetpack_social_post_already_shared":true,"jetpack_social_options":{"image_generator_settings":{"template":"highway","default_image_id":0,"font":"","enabled":false},"version":2}},"categories":[5,1],"tags":[],"class_list":["post-30278","post","type-post","status-publish","format-standard","has-post-thumbnail","hentry","category-cotidiano","category-noticias"],"acf":[],"jetpack_publicize_connections":[],"jetpack_featured_media_url":"https:\/\/i0.wp.com\/blogdoeloiltoncajuhy.com.br\/site\/wp-content\/uploads\/2018\/12\/PRF_op-natl-2018_fim.jpg?fit=800%2C445&ssl=1","jetpack_sharing_enabled":true,"publishpress_future_workflow_manual_trigger":{"enabledWorkflows":[]},"_links":{"self":[{"href":"https:\/\/blogdoeloiltoncajuhy.com.br\/site\/wp-json\/wp\/v2\/posts\/30278","targetHints":{"allow":["GET"]}}],"collection":[{"href":"https:\/\/blogdoeloiltoncajuhy.com.br\/site\/wp-json\/wp\/v2\/posts"}],"about":[{"href":"https:\/\/blogdoeloiltoncajuhy.com.br\/site\/wp-json\/wp\/v2\/types\/post"}],"author":[{"embeddable":true,"href":"https:\/\/blogdoeloiltoncajuhy.com.br\/site\/wp-json\/wp\/v2\/users\/2"}],"replies":[{"embeddable":true,"href":"https:\/\/blogdoeloiltoncajuhy.com.br\/site\/wp-json\/wp\/v2\/comments?post=30278"}],"version-history":[{"count":1,"href":"https:\/\/blogdoeloiltoncajuhy.com.br\/site\/wp-json\/wp\/v2\/posts\/30278\/revisions"}],"predecessor-version":[{"id":30280,"href":"https:\/\/blogdoeloiltoncajuhy.com.br\/site\/wp-json\/wp\/v2\/posts\/30278\/revisions\/30280"}],"wp:featuredmedia":[{"embeddable":true,"href":"https:\/\/blogdoeloiltoncajuhy.com.br\/site\/wp-json\/wp\/v2\/media\/30279"}],"wp:attachment":[{"href":"https:\/\/blogdoeloiltoncajuhy.com.br\/site\/wp-json\/wp\/v2\/media?parent=30278"}],"wp:term":[{"taxonomy":"category","embeddable":true,"href":"https:\/\/blogdoeloiltoncajuhy.com.br\/site\/wp-json\/wp\/v2\/categories?post=30278"},{"taxonomy":"post_tag","embeddable":true,"href":"https:\/\/blogdoeloiltoncajuhy.com.br\/site\/wp-json\/wp\/v2\/tags?post=30278"}],"curies":[{"name":"wp","href":"https:\/\/api.w.org\/{rel}","templated":true}]}}