{"id":30273,"date":"2018-12-25T20:11:10","date_gmt":"2018-12-25T23:11:10","guid":{"rendered":"http:\/\/blogdoeloiltoncajuhy.com.br\/site\/?p=30273"},"modified":"2018-12-25T20:11:16","modified_gmt":"2018-12-25T23:11:16","slug":"comece-a-quarta-feira-meditando-mt-1017-22","status":"publish","type":"post","link":"https:\/\/blogdoeloiltoncajuhy.com.br\/site\/comece-a-quarta-feira-meditando-mt-1017-22\/","title":{"rendered":"Comece a quarta-feira meditando (Mt 10,17-22)"},"content":{"rendered":"\n<h5 class=\"wp-block-heading\" style=\"text-align:center\"><strong>N\u00e3o sereis v\u00f3s que havereis de falar, mas sim o Esp\u00edrito do vosso Pai<\/strong><\/h5>\n\n\n\n<div class=\"wp-block-image\"><figure class=\"aligncenter is-resized\"><img data-recalc-dims=\"1\" fetchpriority=\"high\" decoding=\"async\" src=\"https:\/\/i0.wp.com\/blogdoeloiltoncajuhy.com.br\/site\/wp-content\/uploads\/2016\/09\/liturgia_set_16-2.jpg?resize=484%2C272\" alt=\"\" class=\"wp-image-12279\" width=\"484\" height=\"272\" srcset=\"https:\/\/i0.wp.com\/blogdoeloiltoncajuhy.com.br\/site\/wp-content\/uploads\/2016\/09\/liturgia_set_16-2.jpg?w=320&amp;ssl=1 320w, https:\/\/i0.wp.com\/blogdoeloiltoncajuhy.com.br\/site\/wp-content\/uploads\/2016\/09\/liturgia_set_16-2.jpg?resize=300%2C169&amp;ssl=1 300w, https:\/\/i0.wp.com\/blogdoeloiltoncajuhy.com.br\/site\/wp-content\/uploads\/2016\/09\/liturgia_set_16-2.jpg?resize=250%2C141&amp;ssl=1 250w\" sizes=\"(max-width: 484px) 100vw, 484px\" \/><\/figure><\/div>\n\n\n\n<p>Naquele tempo, disse Jesus aos seus ap\u00f3stolos: &#8220;Cuidado com os homens, porque eles vos entregar\u00e3o aos tribunais e vos a\u00e7oitar\u00e3o nas suas sinagogas. V\u00f3s sereis levados diante de governadores e reis, por minha causa, para dar testemunho diante deles e das na\u00e7\u00f5es. Quando vos entregarem, n\u00e3o fiqueis preocupados como falar ou o que dizer. Ent\u00e3o naquele momento vos ser\u00e1 indicado o que deveis dizer. Com efeito, n\u00e3o sereis v\u00f3s que havereis de falar, mas sim o Esp\u00edrito do vosso Pai \u00e9 que falar\u00e1 atrav\u00e9s de v\u00f3s. O irm\u00e3o entregar\u00e1 \u00e0 morte o pr\u00f3prio irm\u00e3o; o pai entregar\u00e1 o filho; os filhos se levantar\u00e3o contra seus pais, e os matar\u00e3o. V\u00f3s sereis odiados por todos, por causa do meu nome. Mas quem perseverar at\u00e9 o fim, esse ser\u00e1 salvo&#8221;.<br><\/p>\n\n\n\n<p><strong>Palavra da Salva\u00e7\u00e3o!<\/strong><\/p>\n\n\n\n<p><strong><em>CNBB<\/em><\/strong><\/p>\n","protected":false},"excerpt":{"rendered":"<p>N\u00e3o sereis v\u00f3s que havereis de falar, mas sim o Esp\u00edrito do vosso Pai Naquele tempo, disse Jesus aos seus ap\u00f3stolos: &#8220;Cuidado com os homens, porque eles vos entregar\u00e3o aos tribunais e vos a\u00e7oitar\u00e3o nas suas sinagogas. V\u00f3s sereis levados diante de governadores e reis, por minha causa, para dar testemunho diante deles e das [&hellip;]<\/p>\n","protected":false},"author":2,"featured_media":0,"comment_status":"open","ping_status":"open","sticky":false,"template":"","format":"standard","meta":{"_acf_changed":false,"_monsterinsights_skip_tracking":false,"_monsterinsights_sitenote_active":false,"_monsterinsights_sitenote_note":"","_monsterinsights_sitenote_category":0,"_jetpack_memberships_contains_paid_content":false,"footnotes":"","jetpack_publicize_message":"","jetpack_publicize_feature_enabled":true,"jetpack_social_post_already_shared":true,"jetpack_social_options":{"image_generator_settings":{"template":"highway","default_image_id":0,"font":"","enabled":false},"version":2}},"categories":[1,9],"tags":[],"class_list":["post-30273","post","type-post","status-publish","format-standard","hentry","category-noticias","category-reflexao"],"acf":[],"jetpack_publicize_connections":[],"jetpack_featured_media_url":"","jetpack_sharing_enabled":true,"publishpress_future_workflow_manual_trigger":{"enabledWorkflows":[]},"_links":{"self":[{"href":"https:\/\/blogdoeloiltoncajuhy.com.br\/site\/wp-json\/wp\/v2\/posts\/30273","targetHints":{"allow":["GET"]}}],"collection":[{"href":"https:\/\/blogdoeloiltoncajuhy.com.br\/site\/wp-json\/wp\/v2\/posts"}],"about":[{"href":"https:\/\/blogdoeloiltoncajuhy.com.br\/site\/wp-json\/wp\/v2\/types\/post"}],"author":[{"embeddable":true,"href":"https:\/\/blogdoeloiltoncajuhy.com.br\/site\/wp-json\/wp\/v2\/users\/2"}],"replies":[{"embeddable":true,"href":"https:\/\/blogdoeloiltoncajuhy.com.br\/site\/wp-json\/wp\/v2\/comments?post=30273"}],"version-history":[{"count":1,"href":"https:\/\/blogdoeloiltoncajuhy.com.br\/site\/wp-json\/wp\/v2\/posts\/30273\/revisions"}],"predecessor-version":[{"id":30274,"href":"https:\/\/blogdoeloiltoncajuhy.com.br\/site\/wp-json\/wp\/v2\/posts\/30273\/revisions\/30274"}],"wp:attachment":[{"href":"https:\/\/blogdoeloiltoncajuhy.com.br\/site\/wp-json\/wp\/v2\/media?parent=30273"}],"wp:term":[{"taxonomy":"category","embeddable":true,"href":"https:\/\/blogdoeloiltoncajuhy.com.br\/site\/wp-json\/wp\/v2\/categories?post=30273"},{"taxonomy":"post_tag","embeddable":true,"href":"https:\/\/blogdoeloiltoncajuhy.com.br\/site\/wp-json\/wp\/v2\/tags?post=30273"}],"curies":[{"name":"wp","href":"https:\/\/api.w.org\/{rel}","templated":true}]}}