{"id":30270,"date":"2018-12-25T20:02:10","date_gmt":"2018-12-25T23:02:10","guid":{"rendered":"http:\/\/blogdoeloiltoncajuhy.com.br\/site\/?p=30270"},"modified":"2018-12-25T20:02:16","modified_gmt":"2018-12-25T23:02:16","slug":"apos-ter-prazo-adiado-por-tres-vezes-nova-placa-mercosul-passa-a-valer-na-bahia-a-partir-desta-quarta-feira-26","status":"publish","type":"post","link":"https:\/\/blogdoeloiltoncajuhy.com.br\/site\/apos-ter-prazo-adiado-por-tres-vezes-nova-placa-mercosul-passa-a-valer-na-bahia-a-partir-desta-quarta-feira-26\/","title":{"rendered":"Ap\u00f3s ter prazo adiado por tr\u00eas vezes, nova placa Mercosul passa a valer na Bahia a partir desta quarta-feira, 26"},"content":{"rendered":"\n<h5 class=\"wp-block-heading\" style=\"text-align:center\"><em>Por meio de nota, Detran informou que emplacamento pode ser feito a partir das 8h<\/em><\/h5>\n\n\n\n<div class=\"wp-block-image\"><figure class=\"aligncenter\"><img data-recalc-dims=\"1\" fetchpriority=\"high\" decoding=\"async\" width=\"800\" height=\"501\" src=\"https:\/\/i0.wp.com\/blogdoeloiltoncajuhy.com.br\/site\/wp-content\/uploads\/2018\/12\/placa-mercosul-dez2018.jpg?resize=800%2C501\" alt=\"\" class=\"wp-image-30271\" srcset=\"https:\/\/i0.wp.com\/blogdoeloiltoncajuhy.com.br\/site\/wp-content\/uploads\/2018\/12\/placa-mercosul-dez2018.jpg?w=984&amp;ssl=1 984w, https:\/\/i0.wp.com\/blogdoeloiltoncajuhy.com.br\/site\/wp-content\/uploads\/2018\/12\/placa-mercosul-dez2018.jpg?resize=300%2C188&amp;ssl=1 300w, https:\/\/i0.wp.com\/blogdoeloiltoncajuhy.com.br\/site\/wp-content\/uploads\/2018\/12\/placa-mercosul-dez2018.jpg?resize=768%2C481&amp;ssl=1 768w, https:\/\/i0.wp.com\/blogdoeloiltoncajuhy.com.br\/site\/wp-content\/uploads\/2018\/12\/placa-mercosul-dez2018.jpg?resize=250%2C157&amp;ssl=1 250w\" sizes=\"(max-width: 800px) 100vw, 800px\" \/><figcaption><em>Placas padr\u00e3o Mercosul ser\u00e3o instaladas na Bahia a partir dessa quarta-feira, dia 26 \u2014 Foto: Reprodu\u00e7\u00e3o\/TV Bahia<\/em><\/figcaption><\/figure><\/div>\n\n\n\n<p>A implementa\u00e7\u00e3o da placa veicular padr\u00e3o Mercosul come\u00e7a na Bahia a partir de quarta-feira, 26 de dezembro, ap\u00f3s o prazo ter sido adiado por tr\u00eas vezes. Na \u00faltima sexta-feira (21), o Departamento Estadual de Tr\u00e2nsito (Detran) suspendeu os servi\u00e7os relacionados a emplacamento \u00e0s 12h.<\/p>\n\n\n\n<p>A interrup\u00e7\u00e3o do servi\u00e7o ocorreu para atualizar o sistema que vai disponibilizar a nova placa Mercosul. Por meio de nota, o Detran informou que os procedimentos retornar\u00e3o \u00e0 normalidade na quarta-feira (26), \u00e0s 8h.<\/p>\n\n\n\n<p class=\"has-medium-font-size\"><strong>Prazos prorrogados<br><\/strong><\/p>\n\n\n\n<p>O prazo para implementa\u00e7\u00e3o da nova placa foi adiado por tr\u00eas vezes. Segundo o Detran, a prorroga\u00e7\u00e3o foi necess\u00e1ria por causa do n\u00famero baixo de empresas fabricantes e estampadoras de placas que se cadastraram no Denatran para oferecer o servi\u00e7o no estado.<\/p>\n\n\n\n<p>Na \u00faltima sexta-feira, um grupo de funcion\u00e1rios e donos de empresas de emplacamento de ve\u00edculos fez um protesto na regi\u00e3o do Detran. O grupo alegou que o Detran tirou companhias que prestam o servi\u00e7o na Bahia para colocar empresas novas.<\/p>\n\n\n\n<p>De acordo com o Detran, os crit\u00e9rios que est\u00e3o sendo usados para cadastrar as empresas s\u00e3o baseados na resolu\u00e7\u00e3o do Denatran, que afirma que as empresas credenciadas t\u00eam que estar cadastradas no \u00f3rg\u00e3o para serem fiscalizadas e vistoriadas.<\/p>\n\n\n\n<p class=\"has-medium-font-size\"><strong>Placas Mercosul<\/strong><br><\/p>\n\n\n\n<p>A nova placa ser\u00e1 obrigat\u00f3ria para os ve\u00edculos zero quil\u00f4metro e nos casos de transfer\u00eancia de propriedade, de jurisdi\u00e7\u00e3o e de munic\u00edpio e altera\u00e7\u00e3o de categoria do ve\u00edculo.<\/p>\n\n\n\n<p>O valor m\u00e9dio cobrado pelas placas atuais no estado \u00e9 de R$ 195. Conforme o Detran, a previs\u00e3o \u00e9 de que o pre\u00e7o n\u00e3o sofra altera\u00e7\u00e3o. No entanto, o Detran explica que esse valor n\u00e3o \u00e9 regulado pelo departamento, e sim estipulado pelas empresas que fazem e estampam as placas.<\/p>\n\n\n\n<p>A placa ter\u00e1 quatro letras e tr\u00eas n\u00fameros, emblema do Mercosul, bandeira do Brasil, marca d&#8217;\u00e1gua e c\u00f3digo de barras bidimensional (QR-Code).<\/p>\n\n\n\n<p><strong><em>Por G1 BA<\/em><\/strong><\/p>\n","protected":false},"excerpt":{"rendered":"<p>Por meio de nota, Detran informou que emplacamento pode ser feito a partir das 8h A implementa\u00e7\u00e3o da placa veicular padr\u00e3o Mercosul come\u00e7a na Bahia a partir de quarta-feira, 26 de dezembro, ap\u00f3s o prazo ter sido adiado por tr\u00eas vezes. Na \u00faltima sexta-feira (21), o Departamento Estadual de Tr\u00e2nsito (Detran) suspendeu os servi\u00e7os relacionados [&hellip;]<\/p>\n","protected":false},"author":2,"featured_media":30271,"comment_status":"open","ping_status":"open","sticky":false,"template":"","format":"standard","meta":{"_acf_changed":false,"_monsterinsights_skip_tracking":false,"_monsterinsights_sitenote_active":false,"_monsterinsights_sitenote_note":"","_monsterinsights_sitenote_category":0,"_jetpack_memberships_contains_paid_content":false,"footnotes":"","jetpack_publicize_message":"","jetpack_publicize_feature_enabled":true,"jetpack_social_post_already_shared":true,"jetpack_social_options":{"image_generator_settings":{"template":"highway","default_image_id":0,"font":"","enabled":false},"version":2}},"categories":[5,1],"tags":[],"class_list":["post-30270","post","type-post","status-publish","format-standard","has-post-thumbnail","hentry","category-cotidiano","category-noticias"],"acf":[],"jetpack_publicize_connections":[],"jetpack_featured_media_url":"https:\/\/i0.wp.com\/blogdoeloiltoncajuhy.com.br\/site\/wp-content\/uploads\/2018\/12\/placa-mercosul-dez2018.jpg?fit=984%2C616&ssl=1","jetpack_sharing_enabled":true,"publishpress_future_workflow_manual_trigger":{"enabledWorkflows":[]},"_links":{"self":[{"href":"https:\/\/blogdoeloiltoncajuhy.com.br\/site\/wp-json\/wp\/v2\/posts\/30270","targetHints":{"allow":["GET"]}}],"collection":[{"href":"https:\/\/blogdoeloiltoncajuhy.com.br\/site\/wp-json\/wp\/v2\/posts"}],"about":[{"href":"https:\/\/blogdoeloiltoncajuhy.com.br\/site\/wp-json\/wp\/v2\/types\/post"}],"author":[{"embeddable":true,"href":"https:\/\/blogdoeloiltoncajuhy.com.br\/site\/wp-json\/wp\/v2\/users\/2"}],"replies":[{"embeddable":true,"href":"https:\/\/blogdoeloiltoncajuhy.com.br\/site\/wp-json\/wp\/v2\/comments?post=30270"}],"version-history":[{"count":1,"href":"https:\/\/blogdoeloiltoncajuhy.com.br\/site\/wp-json\/wp\/v2\/posts\/30270\/revisions"}],"predecessor-version":[{"id":30272,"href":"https:\/\/blogdoeloiltoncajuhy.com.br\/site\/wp-json\/wp\/v2\/posts\/30270\/revisions\/30272"}],"wp:featuredmedia":[{"embeddable":true,"href":"https:\/\/blogdoeloiltoncajuhy.com.br\/site\/wp-json\/wp\/v2\/media\/30271"}],"wp:attachment":[{"href":"https:\/\/blogdoeloiltoncajuhy.com.br\/site\/wp-json\/wp\/v2\/media?parent=30270"}],"wp:term":[{"taxonomy":"category","embeddable":true,"href":"https:\/\/blogdoeloiltoncajuhy.com.br\/site\/wp-json\/wp\/v2\/categories?post=30270"},{"taxonomy":"post_tag","embeddable":true,"href":"https:\/\/blogdoeloiltoncajuhy.com.br\/site\/wp-json\/wp\/v2\/tags?post=30270"}],"curies":[{"name":"wp","href":"https:\/\/api.w.org\/{rel}","templated":true}]}}