{"id":30265,"date":"2018-12-25T19:50:17","date_gmt":"2018-12-25T22:50:17","guid":{"rendered":"http:\/\/blogdoeloiltoncajuhy.com.br\/site\/?p=30265"},"modified":"2018-12-25T19:50:23","modified_gmt":"2018-12-25T22:50:23","slug":"policial-militar-morre-apos-colisao-entre-tres-veiculos-na-br-407","status":"publish","type":"post","link":"https:\/\/blogdoeloiltoncajuhy.com.br\/site\/policial-militar-morre-apos-colisao-entre-tres-veiculos-na-br-407\/","title":{"rendered":"Policial militar morre ap\u00f3s colis\u00e3o entre tr\u00eas ve\u00edculos na BR 407"},"content":{"rendered":"\n<h5 class=\"wp-block-heading\" style=\"text-align:center\"><em>Acidente aconteceu na noite de segunda-feira (24), no munic\u00edpio de Juazeiro. PM atuava em Pernambuco<\/em><\/h5>\n\n\n\n<div class=\"wp-block-image\"><figure class=\"aligncenter\"><img data-recalc-dims=\"1\" fetchpriority=\"high\" decoding=\"async\" width=\"800\" height=\"450\" src=\"https:\/\/i0.wp.com\/blogdoeloiltoncajuhy.com.br\/site\/wp-content\/uploads\/2018\/12\/morte-pm-2.jpg?resize=800%2C450\" alt=\"\" class=\"wp-image-30266\" srcset=\"https:\/\/i0.wp.com\/blogdoeloiltoncajuhy.com.br\/site\/wp-content\/uploads\/2018\/12\/morte-pm-2.jpg?w=984&amp;ssl=1 984w, https:\/\/i0.wp.com\/blogdoeloiltoncajuhy.com.br\/site\/wp-content\/uploads\/2018\/12\/morte-pm-2.jpg?resize=300%2C169&amp;ssl=1 300w, https:\/\/i0.wp.com\/blogdoeloiltoncajuhy.com.br\/site\/wp-content\/uploads\/2018\/12\/morte-pm-2.jpg?resize=768%2C432&amp;ssl=1 768w, https:\/\/i0.wp.com\/blogdoeloiltoncajuhy.com.br\/site\/wp-content\/uploads\/2018\/12\/morte-pm-2.jpg?resize=250%2C141&amp;ssl=1 250w\" sizes=\"(max-width: 800px) 100vw, 800px\" \/><figcaption><em>PM morreu ap\u00f3s acidente na BR-407 \u2014 Foto: Divulga\u00e7\u00e3o\/PRF<\/em><\/figcaption><\/figure><\/div>\n\n\n\n<p>Um policial militar de 27 anos morreu ap\u00f3s uma colis\u00e3o entre tr\u00eas ve\u00edculos, na noite de segunda-feira (24), na BR-407, em trecho da cidade de Juazeiro, no norte da Bahia. Conforme a Pol\u00edcia Rodovi\u00e1ria Federal (PRF), um homem ficou ferido.<\/p>\n\n\n\n<p>Segundo informa\u00e7\u00f5es da PRF, <strong>Wesley John da Silva Monteiro<\/strong>, PM que atua no estado de Pernambuco, perdeu a dire\u00e7\u00e3o do ve\u00edculo e colidiu com uma carreta.<\/p>\n\n\n\n<p>Ap\u00f3s o impacto da batida, o carro em que Wesley John estava junto com um homem, identificado como <strong>F\u00e1bio Barbosa da Silva<\/strong>, de 29 anos, bateu em um caminh\u00e3o que viajava no sentido contr\u00e1rio.<\/p>\n\n\n\n<p>A Pol\u00edcia Rodovi\u00e1ria Federal informou que Wesley morreu no local do acidente e F\u00e1bio foi socorrido pelo Servi\u00e7o de Atendimento M\u00f3vel de Urg\u00eancia (Samu) e levado para o Hospital Universit\u00e1rio, em Petrolina. N\u00e3o h\u00e1 informa\u00e7\u00f5es sobre o estado de sa\u00fade dele.<\/p>\n\n\n\n<p>De acordo com a PRF, os motoristas da carreta e do caminh\u00e3o, envolvidos no acidente, prestaram depoimento e foram liberados. O corpo do policial Wesley John foi encaminhado para o Instituto M\u00e9dico Legal de Juazeiro.<\/p>\n\n\n\n<div class=\"wp-block-image\"><figure class=\"aligncenter\"><img data-recalc-dims=\"1\" decoding=\"async\" width=\"800\" height=\"953\" src=\"https:\/\/i0.wp.com\/blogdoeloiltoncajuhy.com.br\/site\/wp-content\/uploads\/2018\/12\/morte-pm-1.jpg?resize=800%2C953\" alt=\"\" class=\"wp-image-30267\" srcset=\"https:\/\/i0.wp.com\/blogdoeloiltoncajuhy.com.br\/site\/wp-content\/uploads\/2018\/12\/morte-pm-1.jpg?resize=860%2C1024&amp;ssl=1 860w, https:\/\/i0.wp.com\/blogdoeloiltoncajuhy.com.br\/site\/wp-content\/uploads\/2018\/12\/morte-pm-1.jpg?resize=252%2C300&amp;ssl=1 252w, https:\/\/i0.wp.com\/blogdoeloiltoncajuhy.com.br\/site\/wp-content\/uploads\/2018\/12\/morte-pm-1.jpg?resize=768%2C915&amp;ssl=1 768w, https:\/\/i0.wp.com\/blogdoeloiltoncajuhy.com.br\/site\/wp-content\/uploads\/2018\/12\/morte-pm-1.jpg?resize=210%2C250&amp;ssl=1 210w, https:\/\/i0.wp.com\/blogdoeloiltoncajuhy.com.br\/site\/wp-content\/uploads\/2018\/12\/morte-pm-1.jpg?w=984&amp;ssl=1 984w\" sizes=\"(max-width: 800px) 100vw, 800px\" \/><figcaption><em>PM morreu ap\u00f3s acidente na BR-407 \u2014 Foto: Divulga\u00e7\u00e3o\/PRF<\/em><\/figcaption><\/figure><\/div>\n\n\n\n<div class=\"wp-block-image\"><figure class=\"aligncenter\"><img data-recalc-dims=\"1\" decoding=\"async\" width=\"800\" height=\"450\" src=\"https:\/\/i0.wp.com\/blogdoeloiltoncajuhy.com.br\/site\/wp-content\/uploads\/2018\/12\/morte-pm.jpg?resize=800%2C450\" alt=\"\" class=\"wp-image-30268\" srcset=\"https:\/\/i0.wp.com\/blogdoeloiltoncajuhy.com.br\/site\/wp-content\/uploads\/2018\/12\/morte-pm.jpg?w=984&amp;ssl=1 984w, https:\/\/i0.wp.com\/blogdoeloiltoncajuhy.com.br\/site\/wp-content\/uploads\/2018\/12\/morte-pm.jpg?resize=300%2C169&amp;ssl=1 300w, https:\/\/i0.wp.com\/blogdoeloiltoncajuhy.com.br\/site\/wp-content\/uploads\/2018\/12\/morte-pm.jpg?resize=768%2C432&amp;ssl=1 768w, https:\/\/i0.wp.com\/blogdoeloiltoncajuhy.com.br\/site\/wp-content\/uploads\/2018\/12\/morte-pm.jpg?resize=250%2C141&amp;ssl=1 250w\" sizes=\"(max-width: 800px) 100vw, 800px\" \/><figcaption><em>PM morreu ap\u00f3s acidente na BR-407 \u2014 Foto: Divulga\u00e7\u00e3o\/PRF<\/em><\/figcaption><\/figure><\/div>\n\n\n\n<p><strong><em>Por G1 BA<\/em><\/strong><\/p>\n","protected":false},"excerpt":{"rendered":"<p>Acidente aconteceu na noite de segunda-feira (24), no munic\u00edpio de Juazeiro. PM atuava em Pernambuco Um policial militar de 27 anos morreu ap\u00f3s uma colis\u00e3o entre tr\u00eas ve\u00edculos, na noite de segunda-feira (24), na BR-407, em trecho da cidade de Juazeiro, no norte da Bahia. Conforme a Pol\u00edcia Rodovi\u00e1ria Federal (PRF), um homem ficou ferido. [&hellip;]<\/p>\n","protected":false},"author":2,"featured_media":30268,"comment_status":"open","ping_status":"open","sticky":false,"template":"","format":"standard","meta":{"_acf_changed":false,"_monsterinsights_skip_tracking":false,"_monsterinsights_sitenote_active":false,"_monsterinsights_sitenote_note":"","_monsterinsights_sitenote_category":0,"_jetpack_memberships_contains_paid_content":false,"footnotes":"","jetpack_publicize_message":"","jetpack_publicize_feature_enabled":true,"jetpack_social_post_already_shared":true,"jetpack_social_options":{"image_generator_settings":{"template":"highway","default_image_id":0,"font":"","enabled":false},"version":2}},"categories":[5,1],"tags":[],"class_list":["post-30265","post","type-post","status-publish","format-standard","has-post-thumbnail","hentry","category-cotidiano","category-noticias"],"acf":[],"jetpack_publicize_connections":[],"jetpack_featured_media_url":"https:\/\/i0.wp.com\/blogdoeloiltoncajuhy.com.br\/site\/wp-content\/uploads\/2018\/12\/morte-pm.jpg?fit=984%2C554&ssl=1","jetpack_sharing_enabled":true,"publishpress_future_workflow_manual_trigger":{"enabledWorkflows":[]},"_links":{"self":[{"href":"https:\/\/blogdoeloiltoncajuhy.com.br\/site\/wp-json\/wp\/v2\/posts\/30265","targetHints":{"allow":["GET"]}}],"collection":[{"href":"https:\/\/blogdoeloiltoncajuhy.com.br\/site\/wp-json\/wp\/v2\/posts"}],"about":[{"href":"https:\/\/blogdoeloiltoncajuhy.com.br\/site\/wp-json\/wp\/v2\/types\/post"}],"author":[{"embeddable":true,"href":"https:\/\/blogdoeloiltoncajuhy.com.br\/site\/wp-json\/wp\/v2\/users\/2"}],"replies":[{"embeddable":true,"href":"https:\/\/blogdoeloiltoncajuhy.com.br\/site\/wp-json\/wp\/v2\/comments?post=30265"}],"version-history":[{"count":1,"href":"https:\/\/blogdoeloiltoncajuhy.com.br\/site\/wp-json\/wp\/v2\/posts\/30265\/revisions"}],"predecessor-version":[{"id":30269,"href":"https:\/\/blogdoeloiltoncajuhy.com.br\/site\/wp-json\/wp\/v2\/posts\/30265\/revisions\/30269"}],"wp:featuredmedia":[{"embeddable":true,"href":"https:\/\/blogdoeloiltoncajuhy.com.br\/site\/wp-json\/wp\/v2\/media\/30268"}],"wp:attachment":[{"href":"https:\/\/blogdoeloiltoncajuhy.com.br\/site\/wp-json\/wp\/v2\/media?parent=30265"}],"wp:term":[{"taxonomy":"category","embeddable":true,"href":"https:\/\/blogdoeloiltoncajuhy.com.br\/site\/wp-json\/wp\/v2\/categories?post=30265"},{"taxonomy":"post_tag","embeddable":true,"href":"https:\/\/blogdoeloiltoncajuhy.com.br\/site\/wp-json\/wp\/v2\/tags?post=30265"}],"curies":[{"name":"wp","href":"https:\/\/api.w.org\/{rel}","templated":true}]}}