{"id":30242,"date":"2018-12-24T10:06:36","date_gmt":"2018-12-24T13:06:36","guid":{"rendered":"http:\/\/blogdoeloiltoncajuhy.com.br\/site\/?p=30242"},"modified":"2018-12-24T10:06:43","modified_gmt":"2018-12-24T13:06:43","slug":"sexto-bpm-registra-cinco-casos-de-agressao-contra-a-mulher-em-bonfim-e-regiao-durante-o-fim-de-semana","status":"publish","type":"post","link":"https:\/\/blogdoeloiltoncajuhy.com.br\/site\/sexto-bpm-registra-cinco-casos-de-agressao-contra-a-mulher-em-bonfim-e-regiao-durante-o-fim-de-semana\/","title":{"rendered":"Sexto BPM registra cinco casos de agress\u00e3o contra a mulher em Bonfim e regi\u00e3o, durante o fim de semana"},"content":{"rendered":"\n<div class=\"wp-block-image\"><figure class=\"aligncenter is-resized\"><img data-recalc-dims=\"1\" fetchpriority=\"high\" decoding=\"async\" src=\"https:\/\/i0.wp.com\/blogdoeloiltoncajuhy.com.br\/site\/wp-content\/uploads\/2018\/12\/agressao-contra-mulher.jpg?resize=475%2C365\" alt=\"\" class=\"wp-image-30243\" width=\"475\" height=\"365\" srcset=\"https:\/\/i0.wp.com\/blogdoeloiltoncajuhy.com.br\/site\/wp-content\/uploads\/2018\/12\/agressao-contra-mulher.jpg?w=475&amp;ssl=1 475w, https:\/\/i0.wp.com\/blogdoeloiltoncajuhy.com.br\/site\/wp-content\/uploads\/2018\/12\/agressao-contra-mulher.jpg?resize=300%2C231&amp;ssl=1 300w, https:\/\/i0.wp.com\/blogdoeloiltoncajuhy.com.br\/site\/wp-content\/uploads\/2018\/12\/agressao-contra-mulher.jpg?resize=250%2C192&amp;ssl=1 250w\" sizes=\"(max-width: 475px) 100vw, 475px\" \/><\/figure><\/div>\n\n\n\n<p>O final de semana que antecedeu os festejos de Natal, foi marcado por diversas ocorr\u00eancias de agress\u00e3o ou tentativa de agress\u00e3o contra a mulher, em Bonfim e regi\u00e3o, fatos registrados pelo 6\u00ba BPM.<\/p>\n\n\n\n<p>No s\u00e1bado (22), por volta das 17h, policiais da 3\u00aa Companhia\/Jaguarari, receberam a solicita\u00e7\u00e3o de populares do Distrito de Santa Rosa, informando que uma mulher estava sendo agredida por um homem<\/p>\n\n\n\n<p>Ao chegar no local da ocorr\u00eancia, a guarni\u00e7\u00e3o constatou a veracidade da informa\u00e7\u00e3o, verificando que um homem estaria descumprindo uma medida protetiva, em favor de sua companheira, agredindo-a e amea\u00e7ando-a. As partes foram conduzidas \u00e0 Depol para a ado\u00e7\u00e3o das medidas cab\u00edveis.<\/p>\n\n\n\n<p>Ainda no s\u00e1bado, dia 22, por volta das 19h50, populares informaram aos policiais da 5\u00aa Companhia\/Filad\u00e9lfia, que no Povoado de V\u00e1rzea do Curral, uma mulher estava sendo agredida f\u00edsica e psicologicamente por um homem de 21 anos. Diante do fato, os policiais conduziram o agressor e v\u00edtima para a Depol, onde o autor foi autuado em flagrante delito.<\/p>\n\n\n\n<p>Por volta das 19h30, tamb\u00e9m do s\u00e1bado (22), policiais da 1\u00aa Companhia\/Sede, acionados pela CICOM, deslocaram-se at\u00e9 o Bairro dos Pebinhas, em virtude da ocorr\u00eancia de agress\u00e3o f\u00edsica contra uma mulher. Chegando ao local, os policiais constataram a veracidade das informa\u00e7\u00f5es, verificando que uma mulher havia sido agredida fisicamente por um homem de 28 anos. Os envolvidos na ocorr\u00eancia foram conduzidos \u00e0 Depol, onde o agressor foi autuado em flagrante delito.<\/p>\n\n\n\n<p>Na madrugada, deste domingo (23), por volta das 2h30, policiais da 1\u00aa Companhia\/Sede, ap\u00f3s terem sidos acionados pela CICOM, deslocaram-se \u00e0 Rua Carrapichel, em face da ocorr\u00eancia de agress\u00e3o f\u00edsica contra uma mulher.<\/p>\n\n\n\n<p>Quando os policiais chegaram ao local, perceberam que um indiv\u00edduo empreendeu fuga a p\u00e9 do local. Ap\u00f3s alcan\u00e7arem o homem, constataram a veracidade dos fatos. Autor e v\u00edtima foram conduzidos \u00e0 Depol, onde foi constatado que o autor estava em liberdade condicional. Diante dos fatos, foi lavrado Termo de Pris\u00e3o em Flagrante.<\/p>\n\n\n\n<p>Por volta das 18 horas, tamb\u00e9m do domingo (23), durante a realiza\u00e7\u00e3o de rondas pelo Distrito de Igara, policiais da Ronda Distrital, atenderam uma solicita\u00e7\u00e3o de uma mulher, que alegou ter sofrido agress\u00e3o f\u00edsica por parte do seu filho. Face \u00e0s circunst\u00e2ncias, autor e v\u00edtima foram apresentados na Depol para a ado\u00e7\u00e3o das medidas cab\u00edveis.<\/p>\n\n\n\n<p><strong><em>BLOG DO ELOILTON CAJUHY &#8211; Com informa\u00e7\u00f5es da Assessoria de Comunica\u00e7\u00e3o do 6\u00ba BPM\/Senhor do Bonfim<\/em><\/strong><\/p>\n","protected":false},"excerpt":{"rendered":"<p>O final de semana que antecedeu os festejos de Natal, foi marcado por diversas ocorr\u00eancias de agress\u00e3o ou tentativa de agress\u00e3o contra a mulher, em Bonfim e regi\u00e3o, fatos registrados pelo 6\u00ba BPM. No s\u00e1bado (22), por volta das 17h, policiais da 3\u00aa Companhia\/Jaguarari, receberam a solicita\u00e7\u00e3o de populares do Distrito de Santa Rosa, informando [&hellip;]<\/p>\n","protected":false},"author":2,"featured_media":30243,"comment_status":"open","ping_status":"open","sticky":false,"template":"","format":"standard","meta":{"_acf_changed":false,"_monsterinsights_skip_tracking":false,"_monsterinsights_sitenote_active":false,"_monsterinsights_sitenote_note":"","_monsterinsights_sitenote_category":0,"_jetpack_memberships_contains_paid_content":false,"footnotes":"","jetpack_publicize_message":"","jetpack_publicize_feature_enabled":true,"jetpack_social_post_already_shared":true,"jetpack_social_options":{"image_generator_settings":{"template":"highway","default_image_id":0,"font":"","enabled":false},"version":2}},"categories":[5,1,11,4],"tags":[],"class_list":["post-30242","post","type-post","status-publish","format-standard","has-post-thumbnail","hentry","category-cotidiano","category-noticias","category-regional","category-local"],"acf":[],"jetpack_publicize_connections":[],"jetpack_featured_media_url":"https:\/\/i0.wp.com\/blogdoeloiltoncajuhy.com.br\/site\/wp-content\/uploads\/2018\/12\/agressao-contra-mulher.jpg?fit=475%2C365&ssl=1","jetpack_sharing_enabled":true,"publishpress_future_workflow_manual_trigger":{"enabledWorkflows":[]},"_links":{"self":[{"href":"https:\/\/blogdoeloiltoncajuhy.com.br\/site\/wp-json\/wp\/v2\/posts\/30242","targetHints":{"allow":["GET"]}}],"collection":[{"href":"https:\/\/blogdoeloiltoncajuhy.com.br\/site\/wp-json\/wp\/v2\/posts"}],"about":[{"href":"https:\/\/blogdoeloiltoncajuhy.com.br\/site\/wp-json\/wp\/v2\/types\/post"}],"author":[{"embeddable":true,"href":"https:\/\/blogdoeloiltoncajuhy.com.br\/site\/wp-json\/wp\/v2\/users\/2"}],"replies":[{"embeddable":true,"href":"https:\/\/blogdoeloiltoncajuhy.com.br\/site\/wp-json\/wp\/v2\/comments?post=30242"}],"version-history":[{"count":1,"href":"https:\/\/blogdoeloiltoncajuhy.com.br\/site\/wp-json\/wp\/v2\/posts\/30242\/revisions"}],"predecessor-version":[{"id":30244,"href":"https:\/\/blogdoeloiltoncajuhy.com.br\/site\/wp-json\/wp\/v2\/posts\/30242\/revisions\/30244"}],"wp:featuredmedia":[{"embeddable":true,"href":"https:\/\/blogdoeloiltoncajuhy.com.br\/site\/wp-json\/wp\/v2\/media\/30243"}],"wp:attachment":[{"href":"https:\/\/blogdoeloiltoncajuhy.com.br\/site\/wp-json\/wp\/v2\/media?parent=30242"}],"wp:term":[{"taxonomy":"category","embeddable":true,"href":"https:\/\/blogdoeloiltoncajuhy.com.br\/site\/wp-json\/wp\/v2\/categories?post=30242"},{"taxonomy":"post_tag","embeddable":true,"href":"https:\/\/blogdoeloiltoncajuhy.com.br\/site\/wp-json\/wp\/v2\/tags?post=30242"}],"curies":[{"name":"wp","href":"https:\/\/api.w.org\/{rel}","templated":true}]}}