{"id":30235,"date":"2018-12-24T09:44:55","date_gmt":"2018-12-24T12:44:55","guid":{"rendered":"http:\/\/blogdoeloiltoncajuhy.com.br\/site\/?p=30235"},"modified":"2018-12-24T09:45:01","modified_gmt":"2018-12-24T12:45:01","slug":"operacao-natal-prf-intensifica-fiscalizacao-nas-rodovias-baianas","status":"publish","type":"post","link":"https:\/\/blogdoeloiltoncajuhy.com.br\/site\/operacao-natal-prf-intensifica-fiscalizacao-nas-rodovias-baianas\/","title":{"rendered":"Opera\u00e7\u00e3o Natal: PRF intensifica fiscaliza\u00e7\u00e3o nas rodovias baianas"},"content":{"rendered":"\n<h5 class=\"wp-block-heading\" style=\"text-align:center\"><em>A Pol\u00edcia Rodovi\u00e1ria Federal (PRF) realiza as opera\u00e7\u00f5es Natal e Ano Novo. A primeira se iniciou \u00e0 zero hora de sexta-feira (21) e termina dia 25 e a segunda, inicia-se no dia 28 de dezembro e finaliza no dia 1\u00ba de janeiro\/2019<\/em><\/h5>\n\n\n\n<div class=\"wp-block-image\"><figure class=\"aligncenter\"><img data-recalc-dims=\"1\" fetchpriority=\"high\" decoding=\"async\" width=\"649\" height=\"404\" src=\"https:\/\/i0.wp.com\/blogdoeloiltoncajuhy.com.br\/site\/wp-content\/uploads\/2018\/12\/PRF_op-natal-2018_01.jpg?resize=649%2C404\" alt=\"\" class=\"wp-image-30236\" srcset=\"https:\/\/i0.wp.com\/blogdoeloiltoncajuhy.com.br\/site\/wp-content\/uploads\/2018\/12\/PRF_op-natal-2018_01.jpg?w=649&amp;ssl=1 649w, https:\/\/i0.wp.com\/blogdoeloiltoncajuhy.com.br\/site\/wp-content\/uploads\/2018\/12\/PRF_op-natal-2018_01.jpg?resize=300%2C187&amp;ssl=1 300w, https:\/\/i0.wp.com\/blogdoeloiltoncajuhy.com.br\/site\/wp-content\/uploads\/2018\/12\/PRF_op-natal-2018_01.jpg?resize=250%2C156&amp;ssl=1 250w\" sizes=\"(max-width: 649px) 100vw, 649px\" \/><\/figure><\/div>\n\n\n\n<p>O per\u00edodo de festas de fim de ano \u00e9 marcado pelo aumento do fluxo de ve\u00edculos e usu\u00e1rios circulando pelas rodovias federais baianas para os mais diversos destinos. Para tanto, foram intensificadas a\u00e7\u00f5es fiscalizat\u00f3rias para combater o excesso de velocidade, a embriaguez ao volante e para coibir as ultrapassagens proibidas.<\/p>\n\n\n\n<p>O uso do cinto de seguran\u00e7a e dos dispositivos de reten\u00e7\u00e3o para crian\u00e7as, al\u00e9m de fiscaliza\u00e7\u00f5es espec\u00edficas de motocicletas e condi\u00e7\u00f5es de conserva\u00e7\u00e3o dos ve\u00edculos, tamb\u00e9m est\u00e3o entre os focos das equipes da PRF.<\/p>\n\n\n\n<p>Al\u00e9m do patrulhamento ostensivo a PRF promove a\u00e7\u00f5es educativas para o tr\u00e2nsito, buscando aumentar a conscientiza\u00e7\u00e3o dos usu\u00e1rios das rodovias e de seus pap\u00e9is na constru\u00e7\u00e3o de um tr\u00e2nsito mais seguro.<\/p>\n\n\n\n<p><strong>O Cinema Rodovi\u00e1rio \u2013<\/strong> \u00c9 uma das a\u00e7\u00f5es implementadas pela PRF nesta Opera\u00e7\u00e3o Natal, onde os agentes federais abordam os ve\u00edculos e seus ocupantes s\u00e3o convidados a ouvir palestras, recebem dicas de seguran\u00e7a e s\u00e3o exibidos v\u00eddeos que mostram comportamentos inadequados no tr\u00e2nsito e as graves consequ\u00eancias dessas condutas. Al\u00e9m disso, os motoristas s\u00e3o submetidos ao teste do etil\u00f4metro.<\/p>\n\n\n\n<div class=\"wp-block-image\"><figure class=\"aligncenter\"><img data-recalc-dims=\"1\" decoding=\"async\" width=\"719\" height=\"400\" src=\"https:\/\/i0.wp.com\/blogdoeloiltoncajuhy.com.br\/site\/wp-content\/uploads\/2018\/12\/PRF_op-natl-2018_02.jpg?resize=719%2C400\" alt=\"\" class=\"wp-image-30237\" srcset=\"https:\/\/i0.wp.com\/blogdoeloiltoncajuhy.com.br\/site\/wp-content\/uploads\/2018\/12\/PRF_op-natl-2018_02.jpg?w=719&amp;ssl=1 719w, https:\/\/i0.wp.com\/blogdoeloiltoncajuhy.com.br\/site\/wp-content\/uploads\/2018\/12\/PRF_op-natl-2018_02.jpg?resize=300%2C167&amp;ssl=1 300w, https:\/\/i0.wp.com\/blogdoeloiltoncajuhy.com.br\/site\/wp-content\/uploads\/2018\/12\/PRF_op-natl-2018_02.jpg?resize=250%2C139&amp;ssl=1 250w\" sizes=\"(max-width: 719px) 100vw, 719px\" \/><\/figure><\/div>\n\n\n\n<p class=\"has-medium-font-size\"><strong>Opera\u00e7\u00e3o Rodovida<\/strong><\/p>\n\n\n\n<p>Como parte de uma a\u00e7\u00e3o do Governo Federal, a Opera\u00e7\u00e3o Rodovida integra o Pacto Nacional pela Redu\u00e7\u00e3o de Acidentes no Tr\u00e2nsito \u2013 Pacto pela Vida, assinado pelo governo brasileiro em 2011. O projeto da Organiza\u00e7\u00e3o das Na\u00e7\u00f5es Unidas (ONU) tem como objetivo reduzir em 50% o n\u00famero de mortos e feridos.<\/p>\n\n\n\n<p>A Opera\u00e7\u00e3o ser\u00e1 dividida em dois per\u00edodos: o primeiro, compreende as f\u00e9rias escolares, Natal e Ano Novo seguindo de 14\/12 a 31\/01. J\u00e1 o segundo, entre 22\/02 a 10\/03, abranger\u00e1 as festividades do carnaval.<\/p>\n\n\n\n<p>Esse longo per\u00edodo da Opera\u00e7\u00e3o se d\u00e1 pelo consider\u00e1vel aumento do fluxo de ve\u00edculos e de passageiros nas rodovias de todo o pa\u00eds em decorr\u00eancia de acidentes de tr\u00e2nsito segundo o previsto no programa da D\u00e9cada Mundial de Seguran\u00e7a Vi\u00e1ria 2011-2020.<\/p>\n\n\n\n<p><strong><em>Ag\u00eancia PRF<\/em><\/strong><\/p>\n","protected":false},"excerpt":{"rendered":"<p>A Pol\u00edcia Rodovi\u00e1ria Federal (PRF) realiza as opera\u00e7\u00f5es Natal e Ano Novo. A primeira se iniciou \u00e0 zero hora de sexta-feira (21) e termina dia 25 e a segunda, inicia-se no dia 28 de dezembro e finaliza no dia 1\u00ba de janeiro\/2019 O per\u00edodo de festas de fim de ano \u00e9 marcado pelo aumento do [&hellip;]<\/p>\n","protected":false},"author":2,"featured_media":30237,"comment_status":"open","ping_status":"open","sticky":false,"template":"","format":"standard","meta":{"_acf_changed":false,"_monsterinsights_skip_tracking":false,"_monsterinsights_sitenote_active":false,"_monsterinsights_sitenote_note":"","_monsterinsights_sitenote_category":0,"_jetpack_memberships_contains_paid_content":false,"footnotes":"","jetpack_publicize_message":"","jetpack_publicize_feature_enabled":true,"jetpack_social_post_already_shared":true,"jetpack_social_options":{"image_generator_settings":{"template":"highway","default_image_id":0,"font":"","enabled":false},"version":2}},"categories":[5,1],"tags":[],"class_list":["post-30235","post","type-post","status-publish","format-standard","has-post-thumbnail","hentry","category-cotidiano","category-noticias"],"acf":[],"jetpack_publicize_connections":[],"jetpack_featured_media_url":"https:\/\/i0.wp.com\/blogdoeloiltoncajuhy.com.br\/site\/wp-content\/uploads\/2018\/12\/PRF_op-natl-2018_02.jpg?fit=719%2C400&ssl=1","jetpack_sharing_enabled":true,"publishpress_future_workflow_manual_trigger":{"enabledWorkflows":[]},"_links":{"self":[{"href":"https:\/\/blogdoeloiltoncajuhy.com.br\/site\/wp-json\/wp\/v2\/posts\/30235","targetHints":{"allow":["GET"]}}],"collection":[{"href":"https:\/\/blogdoeloiltoncajuhy.com.br\/site\/wp-json\/wp\/v2\/posts"}],"about":[{"href":"https:\/\/blogdoeloiltoncajuhy.com.br\/site\/wp-json\/wp\/v2\/types\/post"}],"author":[{"embeddable":true,"href":"https:\/\/blogdoeloiltoncajuhy.com.br\/site\/wp-json\/wp\/v2\/users\/2"}],"replies":[{"embeddable":true,"href":"https:\/\/blogdoeloiltoncajuhy.com.br\/site\/wp-json\/wp\/v2\/comments?post=30235"}],"version-history":[{"count":1,"href":"https:\/\/blogdoeloiltoncajuhy.com.br\/site\/wp-json\/wp\/v2\/posts\/30235\/revisions"}],"predecessor-version":[{"id":30238,"href":"https:\/\/blogdoeloiltoncajuhy.com.br\/site\/wp-json\/wp\/v2\/posts\/30235\/revisions\/30238"}],"wp:featuredmedia":[{"embeddable":true,"href":"https:\/\/blogdoeloiltoncajuhy.com.br\/site\/wp-json\/wp\/v2\/media\/30237"}],"wp:attachment":[{"href":"https:\/\/blogdoeloiltoncajuhy.com.br\/site\/wp-json\/wp\/v2\/media?parent=30235"}],"wp:term":[{"taxonomy":"category","embeddable":true,"href":"https:\/\/blogdoeloiltoncajuhy.com.br\/site\/wp-json\/wp\/v2\/categories?post=30235"},{"taxonomy":"post_tag","embeddable":true,"href":"https:\/\/blogdoeloiltoncajuhy.com.br\/site\/wp-json\/wp\/v2\/tags?post=30235"}],"curies":[{"name":"wp","href":"https:\/\/api.w.org\/{rel}","templated":true}]}}