{"id":30230,"date":"2018-12-23T19:02:58","date_gmt":"2018-12-23T22:02:58","guid":{"rendered":"http:\/\/blogdoeloiltoncajuhy.com.br\/site\/?p=30230"},"modified":"2018-12-23T19:03:04","modified_gmt":"2018-12-23T22:03:04","slug":"motorista-alcoolizado-atropela-e-mata-dois-ciclistas-na-br-428-em-petrolina","status":"publish","type":"post","link":"https:\/\/blogdoeloiltoncajuhy.com.br\/site\/motorista-alcoolizado-atropela-e-mata-dois-ciclistas-na-br-428-em-petrolina\/","title":{"rendered":"Motorista alcoolizado atropela e mata dois ciclistas na BR-428, em Petrolina"},"content":{"rendered":"\n<div class=\"wp-block-image\"><figure class=\"aligncenter is-resized\"><img data-recalc-dims=\"1\" fetchpriority=\"high\" decoding=\"async\" src=\"https:\/\/i0.wp.com\/blogdoeloiltoncajuhy.com.br\/site\/wp-content\/uploads\/2018\/12\/acidente-ciclistas-N-11.jpg?resize=622%2C350\" alt=\"\" class=\"wp-image-30231\" width=\"622\" height=\"350\" srcset=\"https:\/\/i0.wp.com\/blogdoeloiltoncajuhy.com.br\/site\/wp-content\/uploads\/2018\/12\/acidente-ciclistas-N-11.jpg?w=696&amp;ssl=1 696w, https:\/\/i0.wp.com\/blogdoeloiltoncajuhy.com.br\/site\/wp-content\/uploads\/2018\/12\/acidente-ciclistas-N-11.jpg?resize=300%2C169&amp;ssl=1 300w, https:\/\/i0.wp.com\/blogdoeloiltoncajuhy.com.br\/site\/wp-content\/uploads\/2018\/12\/acidente-ciclistas-N-11.jpg?resize=250%2C141&amp;ssl=1 250w\" sizes=\"(max-width: 622px) 100vw, 622px\" \/><figcaption><em>Foto: WhatsApp<\/em><\/figcaption><\/figure><\/div>\n\n\n\n<p>Um jovem embriagado atropelou e matou dois ciclistas que praticavam o \u201cpedal matutino\u201d , na manh\u00e3 deste domingo (23), na BR-428, pr\u00f3ximo a via de acesso ao N-11 do Per\u00edmetro de Irriga\u00e7\u00e3o Senador Nilo Coelho, zona rural de Petrolina. O motorista foi detido por ciclistas e entregue \u00e0 Pol\u00edcia Rodovi\u00e1ria Federal (PRF).<\/p>\n\n\n\n<p>Segundo informa\u00e7\u00f5es da PRF, <strong>Lucas Roberto da Silva Amorim<\/strong> estava alcoolizado e provavelmente dormiu na dire\u00e7\u00e3o, j\u00e1 que n\u00e3o havia marcas de frenagem na via. As v\u00edtimas foram atingidas e arremessadas a 53 metros do ponto de colis\u00e3o.<\/p>\n\n\n\n<p>O impacto foi t\u00e3o forte que as duas bicicletas foram completamente destru\u00eddas. Um ciclista morreu no local e o segundo chegou a ser socorrido por uma equipe do corpo de bombeiros, mas n\u00e3o resistiu e tamb\u00e9m morreu no local do acidente.<\/p>\n\n\n\n<p>As v\u00edtimas foram identificadas como <strong>Anacleto Rodrigues Mac\u00eado<\/strong> e <strong>Rog\u00e9rio Teles de Siqueira<\/strong> (ambos de 34 anos).<\/p>\n\n\n\n<p>O motorista foi entregue \u00e0 PRF e vai responder por homic\u00eddio culposo qualificado pela embriaguez. Ele estava com a permiss\u00e3o para dirigir vencida.<\/p>\n\n\n\n<p><strong><em>Blog do Carlos Brito<\/em><\/strong><\/p>\n","protected":false},"excerpt":{"rendered":"<p>Um jovem embriagado atropelou e matou dois ciclistas que praticavam o \u201cpedal matutino\u201d , na manh\u00e3 deste domingo (23), na BR-428, pr\u00f3ximo a via de acesso ao N-11 do Per\u00edmetro de Irriga\u00e7\u00e3o Senador Nilo Coelho, zona rural de Petrolina. O motorista foi detido por ciclistas e entregue \u00e0 Pol\u00edcia Rodovi\u00e1ria Federal (PRF). Segundo informa\u00e7\u00f5es da [&hellip;]<\/p>\n","protected":false},"author":2,"featured_media":30231,"comment_status":"open","ping_status":"open","sticky":false,"template":"","format":"standard","meta":{"_acf_changed":false,"_monsterinsights_skip_tracking":false,"_monsterinsights_sitenote_active":false,"_monsterinsights_sitenote_note":"","_monsterinsights_sitenote_category":0,"_jetpack_memberships_contains_paid_content":false,"footnotes":"","jetpack_publicize_message":"","jetpack_publicize_feature_enabled":true,"jetpack_social_post_already_shared":true,"jetpack_social_options":{"image_generator_settings":{"template":"highway","default_image_id":0,"font":"","enabled":false},"version":2}},"categories":[5,1,11],"tags":[],"class_list":["post-30230","post","type-post","status-publish","format-standard","has-post-thumbnail","hentry","category-cotidiano","category-noticias","category-regional"],"acf":[],"jetpack_publicize_connections":[],"jetpack_featured_media_url":"https:\/\/i0.wp.com\/blogdoeloiltoncajuhy.com.br\/site\/wp-content\/uploads\/2018\/12\/acidente-ciclistas-N-11.jpg?fit=696%2C392&ssl=1","jetpack_sharing_enabled":true,"publishpress_future_workflow_manual_trigger":{"enabledWorkflows":[]},"_links":{"self":[{"href":"https:\/\/blogdoeloiltoncajuhy.com.br\/site\/wp-json\/wp\/v2\/posts\/30230","targetHints":{"allow":["GET"]}}],"collection":[{"href":"https:\/\/blogdoeloiltoncajuhy.com.br\/site\/wp-json\/wp\/v2\/posts"}],"about":[{"href":"https:\/\/blogdoeloiltoncajuhy.com.br\/site\/wp-json\/wp\/v2\/types\/post"}],"author":[{"embeddable":true,"href":"https:\/\/blogdoeloiltoncajuhy.com.br\/site\/wp-json\/wp\/v2\/users\/2"}],"replies":[{"embeddable":true,"href":"https:\/\/blogdoeloiltoncajuhy.com.br\/site\/wp-json\/wp\/v2\/comments?post=30230"}],"version-history":[{"count":1,"href":"https:\/\/blogdoeloiltoncajuhy.com.br\/site\/wp-json\/wp\/v2\/posts\/30230\/revisions"}],"predecessor-version":[{"id":30232,"href":"https:\/\/blogdoeloiltoncajuhy.com.br\/site\/wp-json\/wp\/v2\/posts\/30230\/revisions\/30232"}],"wp:featuredmedia":[{"embeddable":true,"href":"https:\/\/blogdoeloiltoncajuhy.com.br\/site\/wp-json\/wp\/v2\/media\/30231"}],"wp:attachment":[{"href":"https:\/\/blogdoeloiltoncajuhy.com.br\/site\/wp-json\/wp\/v2\/media?parent=30230"}],"wp:term":[{"taxonomy":"category","embeddable":true,"href":"https:\/\/blogdoeloiltoncajuhy.com.br\/site\/wp-json\/wp\/v2\/categories?post=30230"},{"taxonomy":"post_tag","embeddable":true,"href":"https:\/\/blogdoeloiltoncajuhy.com.br\/site\/wp-json\/wp\/v2\/tags?post=30230"}],"curies":[{"name":"wp","href":"https:\/\/api.w.org\/{rel}","templated":true}]}}