{"id":30215,"date":"2018-12-22T22:07:48","date_gmt":"2018-12-23T01:07:48","guid":{"rendered":"http:\/\/blogdoeloiltoncajuhy.com.br\/site\/?p=30215"},"modified":"2018-12-22T22:07:55","modified_gmt":"2018-12-23T01:07:55","slug":"justica-determina-que-prefeitura-de-salvador-pague-os-devidos-direitos-autorais","status":"publish","type":"post","link":"https:\/\/blogdoeloiltoncajuhy.com.br\/site\/justica-determina-que-prefeitura-de-salvador-pague-os-devidos-direitos-autorais\/","title":{"rendered":"Justi\u00e7a determina que Prefeitura de Salvador pague os devidos direitos autorais"},"content":{"rendered":"\n<h5 class=\"wp-block-heading\" style=\"text-align:center\"><em>Justi\u00e7a da Bahia concede liminar favor\u00e1vel \u00e0 remunera\u00e7\u00e3o dos artistas atrav\u00e9s do Ecad<\/em><\/h5>\n\n\n\n<p><strong>ECAD &#8211; Escrit\u00f3rio Central de Arrecada\u00e7\u00e3o<\/strong><\/p>\n\n\n\n<div class=\"wp-block-image\"><figure class=\"aligncenter is-resized\"><img data-recalc-dims=\"1\" fetchpriority=\"high\" decoding=\"async\" src=\"https:\/\/i0.wp.com\/blogdoeloiltoncajuhy.com.br\/site\/wp-content\/uploads\/2018\/12\/prefeitura-salvador.jpg?resize=625%2C337\" alt=\"\" class=\"wp-image-30216\" width=\"625\" height=\"337\" srcset=\"https:\/\/i0.wp.com\/blogdoeloiltoncajuhy.com.br\/site\/wp-content\/uploads\/2018\/12\/prefeitura-salvador.jpg?w=625&amp;ssl=1 625w, https:\/\/i0.wp.com\/blogdoeloiltoncajuhy.com.br\/site\/wp-content\/uploads\/2018\/12\/prefeitura-salvador.jpg?resize=300%2C162&amp;ssl=1 300w, https:\/\/i0.wp.com\/blogdoeloiltoncajuhy.com.br\/site\/wp-content\/uploads\/2018\/12\/prefeitura-salvador.jpg?resize=250%2C135&amp;ssl=1 250w\" sizes=\"(max-width: 625px) 100vw, 625px\" \/><\/figure><\/div>\n\n\n\n<p>Recentemente nos deparamos com publica\u00e7\u00f5es oficiais da Prefeitura de Salvador sobre seus festejos de final de ano e de ver\u00e3o.<\/p>\n\n\n\n<p>Os textos se referem \u00e0 Salvador como a <em>\u201ccapital oficial do ver\u00e3o\u201d<\/em>, <em>\u201cum dos locais mais procurados por turistas no Brasil\u201d<\/em>, com <em>\u201co maior R\u00e9veillon do pa\u00eds\u201d<\/em> e <em>\u201co maior carnaval do planeta\u201d<\/em>, realizados atrav\u00e9s de <em>\u201ceventos de rua e privados\u201d<\/em> com <em>\u201cp\u00fablico recorde\u201d<\/em>.<\/p>\n\n\n\n<p>Tais festas s\u00e3o t\u00e3o grandes que contam com diversos apoiadores e movimentam cerca de <em>\u201cR$ 400 milh\u00f5es\u201d<\/em>, ocupando <em>\u201c96% da rede hoteleira\u201d<\/em>. Na programa\u00e7\u00e3o, o <em>\u201cFestival Virada Salvador\u201d<\/em> conta com <em>\u201c70 horas de m\u00fasica e mais de 20 atra\u00e7\u00f5es musicais\u201d<\/em>.<\/p>\n\n\n\n<p>Nada mais justo do que o destaque dado \u00e0 m\u00fasica. Ela \u00e9, sem sombra de d\u00favidas, a estrela destes eventos. \u00c9 nossa miss\u00e3o garantir que os compositores, verdadeiros respons\u00e1veis pelo sucesso destes shows, tenham seus direitos respeitados.<\/p>\n\n\n\n<p>A d\u00edvida da Prefeitura de Salvador em rela\u00e7\u00e3o ao pagamento de direitos autorais pela execu\u00e7\u00e3o p\u00fablica de m\u00fasicas, \u00e9 objeto de tr\u00eas a\u00e7\u00f5es judiciais, todas com decis\u00f5es favor\u00e1veis ao Ecad, e se refere a diversos eventos realizados ao longo dos \u00faltimos 10 anos.<\/p>\n\n\n\n<p>Desde o carnaval de 2018, o Ecad vem buscando, sem sucesso at\u00e9 o momento, negociar com a Prefeitura o pagamento deste d\u00e9bito. Afinal, a cidade que carrega o t\u00edtulo de <em>\u201cCidade da M\u00fasica\u201d<\/em> da Unesco n\u00e3o pode continuar a desrespeitar o trabalho dos criadores das can\u00e7\u00f5es. N\u00e3o obstante \u00e0s in\u00fameras tentativas por parte do Ecad, at\u00e9 o momento, a Prefeitura de Salvador n\u00e3o quitou sua d\u00edvida.<\/p>\n\n\n\n<p>Diante deste cen\u00e1rio, n\u00e3o restou alternativa \u00e0s associa\u00e7\u00f5es de m\u00fasica e ao Ecad, representando o interesse de toda a classe art\u00edstica musical, sen\u00e3o a de propor nova a\u00e7\u00e3o judicial com pedido de liminar para que a Prefeitura s\u00f3 possa promover tais eventos mediante o pr\u00e9vio pagamento de direitos autorais.<\/p>\n\n\n\n<p>Entendemos e valorizamos a import\u00e2ncia da m\u00fasica para a popula\u00e7\u00e3o de Salvador e para os eventos que movimentam a economia da cidade, mas n\u00e3o podemos aceitar o descaso da Prefeitura em rela\u00e7\u00e3o aos direitos autorais dos compositores das centenas de can\u00e7\u00f5es que ser\u00e3o executadas nestas festas.<\/p>\n\n\n\n<p>A concess\u00e3o da liminar pela ju\u00edza Lizianni de Cerqueira Monteiro, que determina o pagamento de direitos autorais pela Prefeitura de Salvador com previs\u00e3o de multa di\u00e1ria em caso de descumprimento, \u00e9 um passo importante para a conscientiza\u00e7\u00e3o da classe pol\u00edtica da cidade sobre a necessidade de se respeitar o trabalho de cria\u00e7\u00e3o na cadeia produtiva da m\u00fasica:<\/p>\n\n\n\n<p><em>\u201cE\u0301 preciso que se tutele o direito do autor e na\u0303o e\u0301 razoa\u0301vel que o re\u0301u descumpra, de modo contumaz, a legislac\u0327a\u0303o pertinente a\u0300 legislac\u0327a\u0303o especi\u0301fica de direitos autorais\u201d<\/em>.<\/p>\n","protected":false},"excerpt":{"rendered":"<p>Justi\u00e7a da Bahia concede liminar favor\u00e1vel \u00e0 remunera\u00e7\u00e3o dos artistas atrav\u00e9s do Ecad ECAD &#8211; Escrit\u00f3rio Central de Arrecada\u00e7\u00e3o Recentemente nos deparamos com publica\u00e7\u00f5es oficiais da Prefeitura de Salvador sobre seus festejos de final de ano e de ver\u00e3o. Os textos se referem \u00e0 Salvador como a \u201ccapital oficial do ver\u00e3o\u201d, \u201cum dos locais mais [&hellip;]<\/p>\n","protected":false},"author":2,"featured_media":30216,"comment_status":"open","ping_status":"open","sticky":false,"template":"","format":"standard","meta":{"_acf_changed":false,"_monsterinsights_skip_tracking":false,"_monsterinsights_sitenote_active":false,"_monsterinsights_sitenote_note":"","_monsterinsights_sitenote_category":0,"_jetpack_memberships_contains_paid_content":false,"footnotes":"","jetpack_publicize_message":"","jetpack_publicize_feature_enabled":true,"jetpack_social_post_already_shared":true,"jetpack_social_options":{"image_generator_settings":{"template":"highway","default_image_id":0,"font":"","enabled":false},"version":2}},"categories":[5,8,1],"tags":[],"class_list":["post-30215","post","type-post","status-publish","format-standard","has-post-thumbnail","hentry","category-cotidiano","category-cultura","category-noticias"],"acf":[],"jetpack_publicize_connections":[],"jetpack_featured_media_url":"https:\/\/i0.wp.com\/blogdoeloiltoncajuhy.com.br\/site\/wp-content\/uploads\/2018\/12\/prefeitura-salvador.jpg?fit=625%2C337&ssl=1","jetpack_sharing_enabled":true,"publishpress_future_workflow_manual_trigger":{"enabledWorkflows":[]},"_links":{"self":[{"href":"https:\/\/blogdoeloiltoncajuhy.com.br\/site\/wp-json\/wp\/v2\/posts\/30215","targetHints":{"allow":["GET"]}}],"collection":[{"href":"https:\/\/blogdoeloiltoncajuhy.com.br\/site\/wp-json\/wp\/v2\/posts"}],"about":[{"href":"https:\/\/blogdoeloiltoncajuhy.com.br\/site\/wp-json\/wp\/v2\/types\/post"}],"author":[{"embeddable":true,"href":"https:\/\/blogdoeloiltoncajuhy.com.br\/site\/wp-json\/wp\/v2\/users\/2"}],"replies":[{"embeddable":true,"href":"https:\/\/blogdoeloiltoncajuhy.com.br\/site\/wp-json\/wp\/v2\/comments?post=30215"}],"version-history":[{"count":1,"href":"https:\/\/blogdoeloiltoncajuhy.com.br\/site\/wp-json\/wp\/v2\/posts\/30215\/revisions"}],"predecessor-version":[{"id":30217,"href":"https:\/\/blogdoeloiltoncajuhy.com.br\/site\/wp-json\/wp\/v2\/posts\/30215\/revisions\/30217"}],"wp:featuredmedia":[{"embeddable":true,"href":"https:\/\/blogdoeloiltoncajuhy.com.br\/site\/wp-json\/wp\/v2\/media\/30216"}],"wp:attachment":[{"href":"https:\/\/blogdoeloiltoncajuhy.com.br\/site\/wp-json\/wp\/v2\/media?parent=30215"}],"wp:term":[{"taxonomy":"category","embeddable":true,"href":"https:\/\/blogdoeloiltoncajuhy.com.br\/site\/wp-json\/wp\/v2\/categories?post=30215"},{"taxonomy":"post_tag","embeddable":true,"href":"https:\/\/blogdoeloiltoncajuhy.com.br\/site\/wp-json\/wp\/v2\/tags?post=30215"}],"curies":[{"name":"wp","href":"https:\/\/api.w.org\/{rel}","templated":true}]}}