{"id":30211,"date":"2018-12-22T21:37:41","date_gmt":"2018-12-23T00:37:41","guid":{"rendered":"http:\/\/blogdoeloiltoncajuhy.com.br\/site\/?p=30211"},"modified":"2018-12-22T21:37:47","modified_gmt":"2018-12-23T00:37:47","slug":"prefeitura-de-jaguarari-recebe-trator-e-implementos-agricolas-para-beneficiar-pequenos-produtores-rurais","status":"publish","type":"post","link":"https:\/\/blogdoeloiltoncajuhy.com.br\/site\/prefeitura-de-jaguarari-recebe-trator-e-implementos-agricolas-para-beneficiar-pequenos-produtores-rurais\/","title":{"rendered":"Prefeitura de Jaguarari recebe trator e implementos agr\u00edcolas para beneficiar pequenos produtores rurais"},"content":{"rendered":"\n<div class=\"wp-block-image\"><figure class=\"aligncenter is-resized\"><img data-recalc-dims=\"1\" fetchpriority=\"high\" decoding=\"async\" src=\"https:\/\/i0.wp.com\/blogdoeloiltoncajuhy.com.br\/site\/wp-content\/uploads\/2018\/12\/JaguarariTrator_02.jpeg?resize=512%2C384\" alt=\"\" class=\"wp-image-30212\" width=\"512\" height=\"384\" srcset=\"https:\/\/i0.wp.com\/blogdoeloiltoncajuhy.com.br\/site\/wp-content\/uploads\/2018\/12\/JaguarariTrator_02.jpeg?resize=1024%2C768&amp;ssl=1 1024w, https:\/\/i0.wp.com\/blogdoeloiltoncajuhy.com.br\/site\/wp-content\/uploads\/2018\/12\/JaguarariTrator_02.jpeg?resize=300%2C225&amp;ssl=1 300w, https:\/\/i0.wp.com\/blogdoeloiltoncajuhy.com.br\/site\/wp-content\/uploads\/2018\/12\/JaguarariTrator_02.jpeg?resize=768%2C576&amp;ssl=1 768w, https:\/\/i0.wp.com\/blogdoeloiltoncajuhy.com.br\/site\/wp-content\/uploads\/2018\/12\/JaguarariTrator_02.jpeg?resize=250%2C188&amp;ssl=1 250w, https:\/\/i0.wp.com\/blogdoeloiltoncajuhy.com.br\/site\/wp-content\/uploads\/2018\/12\/JaguarariTrator_02.jpeg?w=1280&amp;ssl=1 1280w\" sizes=\"(max-width: 512px) 100vw, 512px\" \/><\/figure><\/div>\n\n\n\n<p>A Prefeitura de Jaguarari recebeu nesta sexta-feira (21), um trator e mais implementos agr\u00edcolas adquiridos atrav\u00e9s de emenda parlamentar do Senador Jutahy Magalh\u00e3es. A entrega foi feita na sede da CODEVASF em Juazeiro durante solenidade.<\/p>\n\n\n\n<p>O trator ser\u00e1 destinado \u00e0 Associa\u00e7\u00e3o Agropastoril de Flamengo, mas ir\u00e1 beneficiar tamb\u00e9m os produtores rurais de outras associa\u00e7\u00f5es, auxiliando no trabalho dessas localidades com a terra e plantio.<\/p>\n\n\n\n<p>Os equipamentos foram recebidos pelo prefeito Everton Rocha, pela Secret\u00e1ria de Agricultura, Luciana Souza, vereador Louri da Barrinha e representantes da associa\u00e7\u00e3o do Flamengo.<\/p>\n\n\n\n<div class=\"wp-block-image\"><figure class=\"aligncenter is-resized\"><img data-recalc-dims=\"1\" decoding=\"async\" src=\"https:\/\/i0.wp.com\/blogdoeloiltoncajuhy.com.br\/site\/wp-content\/uploads\/2018\/12\/JaguarariTrator_01.jpeg?resize=512%2C384\" alt=\"\" class=\"wp-image-30213\" width=\"512\" height=\"384\" srcset=\"https:\/\/i0.wp.com\/blogdoeloiltoncajuhy.com.br\/site\/wp-content\/uploads\/2018\/12\/JaguarariTrator_01.jpeg?resize=1024%2C768&amp;ssl=1 1024w, https:\/\/i0.wp.com\/blogdoeloiltoncajuhy.com.br\/site\/wp-content\/uploads\/2018\/12\/JaguarariTrator_01.jpeg?resize=300%2C225&amp;ssl=1 300w, https:\/\/i0.wp.com\/blogdoeloiltoncajuhy.com.br\/site\/wp-content\/uploads\/2018\/12\/JaguarariTrator_01.jpeg?resize=768%2C576&amp;ssl=1 768w, https:\/\/i0.wp.com\/blogdoeloiltoncajuhy.com.br\/site\/wp-content\/uploads\/2018\/12\/JaguarariTrator_01.jpeg?resize=250%2C188&amp;ssl=1 250w, https:\/\/i0.wp.com\/blogdoeloiltoncajuhy.com.br\/site\/wp-content\/uploads\/2018\/12\/JaguarariTrator_01.jpeg?w=1280&amp;ssl=1 1280w\" sizes=\"(max-width: 512px) 100vw, 512px\" \/><\/figure><\/div>\n\n\n\n<p>Durante seu pronunciamento, o prefeito Everton Rocha agradeceu pela conquista do equipamento e anunciou a chegada de mais um trator para o munic\u00edpio.<\/p>\n\n\n\n<p><em>&#8220;Gostaria de agradecer ao senador Jutahy Magalh\u00e3es, autor da emenda parlamentar que originou a aquisi\u00e7\u00e3o desse trator. Gostaria de agradecer o apoio do deputado Adolfo Viana e do vereador Louri da Barrinha. Estou feliz tamb\u00e9m por que em janeiro iremos receber outro trator agr\u00edcola com todos os seus implementos, fortalecendo o nosso homem do campo<\/em>\u201d, finalizou o prefeito.<\/p>\n\n\n\n<p><strong><em>ASCOM &#8211; Prefeitura de Jaguarari<\/em><\/strong><\/p>\n","protected":false},"excerpt":{"rendered":"<p>A Prefeitura de Jaguarari recebeu nesta sexta-feira (21), um trator e mais implementos agr\u00edcolas adquiridos atrav\u00e9s de emenda parlamentar do Senador Jutahy Magalh\u00e3es. A entrega foi feita na sede da CODEVASF em Juazeiro durante solenidade. O trator ser\u00e1 destinado \u00e0 Associa\u00e7\u00e3o Agropastoril de Flamengo, mas ir\u00e1 beneficiar tamb\u00e9m os produtores rurais de outras associa\u00e7\u00f5es, auxiliando [&hellip;]<\/p>\n","protected":false},"author":2,"featured_media":30213,"comment_status":"open","ping_status":"open","sticky":false,"template":"","format":"standard","meta":{"_acf_changed":false,"_monsterinsights_skip_tracking":false,"_monsterinsights_sitenote_active":false,"_monsterinsights_sitenote_note":"","_monsterinsights_sitenote_category":0,"_jetpack_memberships_contains_paid_content":false,"footnotes":"","jetpack_publicize_message":"","jetpack_publicize_feature_enabled":true,"jetpack_social_post_already_shared":true,"jetpack_social_options":{"image_generator_settings":{"template":"highway","default_image_id":0,"font":"","enabled":false},"version":2}},"categories":[1,3,11],"tags":[],"class_list":["post-30211","post","type-post","status-publish","format-standard","has-post-thumbnail","hentry","category-noticias","category-politica","category-regional"],"acf":[],"jetpack_publicize_connections":[],"jetpack_featured_media_url":"https:\/\/i0.wp.com\/blogdoeloiltoncajuhy.com.br\/site\/wp-content\/uploads\/2018\/12\/JaguarariTrator_01.jpeg?fit=1280%2C960&ssl=1","jetpack_sharing_enabled":true,"publishpress_future_workflow_manual_trigger":{"enabledWorkflows":[]},"_links":{"self":[{"href":"https:\/\/blogdoeloiltoncajuhy.com.br\/site\/wp-json\/wp\/v2\/posts\/30211","targetHints":{"allow":["GET"]}}],"collection":[{"href":"https:\/\/blogdoeloiltoncajuhy.com.br\/site\/wp-json\/wp\/v2\/posts"}],"about":[{"href":"https:\/\/blogdoeloiltoncajuhy.com.br\/site\/wp-json\/wp\/v2\/types\/post"}],"author":[{"embeddable":true,"href":"https:\/\/blogdoeloiltoncajuhy.com.br\/site\/wp-json\/wp\/v2\/users\/2"}],"replies":[{"embeddable":true,"href":"https:\/\/blogdoeloiltoncajuhy.com.br\/site\/wp-json\/wp\/v2\/comments?post=30211"}],"version-history":[{"count":1,"href":"https:\/\/blogdoeloiltoncajuhy.com.br\/site\/wp-json\/wp\/v2\/posts\/30211\/revisions"}],"predecessor-version":[{"id":30214,"href":"https:\/\/blogdoeloiltoncajuhy.com.br\/site\/wp-json\/wp\/v2\/posts\/30211\/revisions\/30214"}],"wp:featuredmedia":[{"embeddable":true,"href":"https:\/\/blogdoeloiltoncajuhy.com.br\/site\/wp-json\/wp\/v2\/media\/30213"}],"wp:attachment":[{"href":"https:\/\/blogdoeloiltoncajuhy.com.br\/site\/wp-json\/wp\/v2\/media?parent=30211"}],"wp:term":[{"taxonomy":"category","embeddable":true,"href":"https:\/\/blogdoeloiltoncajuhy.com.br\/site\/wp-json\/wp\/v2\/categories?post=30211"},{"taxonomy":"post_tag","embeddable":true,"href":"https:\/\/blogdoeloiltoncajuhy.com.br\/site\/wp-json\/wp\/v2\/tags?post=30211"}],"curies":[{"name":"wp","href":"https:\/\/api.w.org\/{rel}","templated":true}]}}