{"id":30206,"date":"2018-12-22T10:31:12","date_gmt":"2018-12-22T13:31:12","guid":{"rendered":"http:\/\/blogdoeloiltoncajuhy.com.br\/site\/?p=30206"},"modified":"2018-12-22T10:31:18","modified_gmt":"2018-12-22T13:31:18","slug":"prefeitura-de-jaguarari-decreta-ponto-facultativo-em-razao-das-festividades-de-natal-e-ano-novo","status":"publish","type":"post","link":"https:\/\/blogdoeloiltoncajuhy.com.br\/site\/prefeitura-de-jaguarari-decreta-ponto-facultativo-em-razao-das-festividades-de-natal-e-ano-novo\/","title":{"rendered":"Prefeitura de Jaguarari decreta ponto facultativo em raz\u00e3o das festividades de Natal e Ano Novo"},"content":{"rendered":"\n<div class=\"wp-block-image\"><figure class=\"aligncenter is-resized\"><img data-recalc-dims=\"1\" fetchpriority=\"high\" decoding=\"async\" src=\"https:\/\/i0.wp.com\/blogdoeloiltoncajuhy.com.br\/site\/wp-content\/uploads\/2018\/12\/Jaguarari_informe.jpg?resize=512%2C257\" alt=\"\" class=\"wp-image-29866\" width=\"512\" height=\"257\" srcset=\"https:\/\/i0.wp.com\/blogdoeloiltoncajuhy.com.br\/site\/wp-content\/uploads\/2018\/12\/Jaguarari_informe.jpg?resize=1024%2C514&amp;ssl=1 1024w, https:\/\/i0.wp.com\/blogdoeloiltoncajuhy.com.br\/site\/wp-content\/uploads\/2018\/12\/Jaguarari_informe.jpg?resize=300%2C150&amp;ssl=1 300w, https:\/\/i0.wp.com\/blogdoeloiltoncajuhy.com.br\/site\/wp-content\/uploads\/2018\/12\/Jaguarari_informe.jpg?resize=768%2C385&amp;ssl=1 768w, https:\/\/i0.wp.com\/blogdoeloiltoncajuhy.com.br\/site\/wp-content\/uploads\/2018\/12\/Jaguarari_informe.jpg?resize=250%2C125&amp;ssl=1 250w, https:\/\/i0.wp.com\/blogdoeloiltoncajuhy.com.br\/site\/wp-content\/uploads\/2018\/12\/Jaguarari_informe.jpg?w=1280&amp;ssl=1 1280w\" sizes=\"(max-width: 512px) 100vw, 512px\" \/><\/figure><\/div>\n\n\n\n<p>O prefeito de Jaguarari, Everton Rocha, por meio de decreto publicado nesta sexta-feira (21) no Di\u00e1rio Oficial, estabeleceu ponto facultativo nas reparti\u00e7\u00f5es p\u00fablicas municipais nos dias 24 e 31 deste m\u00eas, devido aos festejos de natal e final de ano.<br><\/p>\n\n\n\n<p>O decreto n\u00e3o abrange os servi\u00e7os essenciais ou sujeitos a regime de escala, assim como, servi\u00e7os p\u00fablicos, para o bom funcionamento da administra\u00e7\u00e3o, a exemplo do setor de compras, licita\u00e7\u00f5es e Secretaria de Finan\u00e7as. O decreto entra em vigor na data de sua publica\u00e7\u00e3o.<\/p>\n\n\n\n<div class=\"wp-block-image\"><figure class=\"aligncenter is-resized\"><img data-recalc-dims=\"1\" decoding=\"async\" src=\"https:\/\/i0.wp.com\/blogdoeloiltoncajuhy.com.br\/site\/wp-content\/uploads\/2018\/12\/JaguarariDecreto2018FimAno.jpg?resize=539%2C768\" alt=\"\" class=\"wp-image-30207\" width=\"539\" height=\"768\" srcset=\"https:\/\/i0.wp.com\/blogdoeloiltoncajuhy.com.br\/site\/wp-content\/uploads\/2018\/12\/JaguarariDecreto2018FimAno.jpg?resize=718%2C1024&amp;ssl=1 718w, https:\/\/i0.wp.com\/blogdoeloiltoncajuhy.com.br\/site\/wp-content\/uploads\/2018\/12\/JaguarariDecreto2018FimAno.jpg?resize=210%2C300&amp;ssl=1 210w, https:\/\/i0.wp.com\/blogdoeloiltoncajuhy.com.br\/site\/wp-content\/uploads\/2018\/12\/JaguarariDecreto2018FimAno.jpg?resize=768%2C1096&amp;ssl=1 768w, https:\/\/i0.wp.com\/blogdoeloiltoncajuhy.com.br\/site\/wp-content\/uploads\/2018\/12\/JaguarariDecreto2018FimAno.jpg?resize=175%2C250&amp;ssl=1 175w, https:\/\/i0.wp.com\/blogdoeloiltoncajuhy.com.br\/site\/wp-content\/uploads\/2018\/12\/JaguarariDecreto2018FimAno.jpg?w=897&amp;ssl=1 897w\" sizes=\"(max-width: 539px) 100vw, 539px\" \/><\/figure><\/div>\n\n\n\n<p><strong><em>Ascom &#8211; Prefeitura de Jaguarari<\/em><\/strong><\/p>\n","protected":false},"excerpt":{"rendered":"<p>O prefeito de Jaguarari, Everton Rocha, por meio de decreto publicado nesta sexta-feira (21) no Di\u00e1rio Oficial, estabeleceu ponto facultativo nas reparti\u00e7\u00f5es p\u00fablicas municipais nos dias 24 e 31 deste m\u00eas, devido aos festejos de natal e final de ano. O decreto n\u00e3o abrange os servi\u00e7os essenciais ou sujeitos a regime de escala, assim como, [&hellip;]<\/p>\n","protected":false},"author":2,"featured_media":30207,"comment_status":"open","ping_status":"open","sticky":false,"template":"","format":"standard","meta":{"_acf_changed":false,"_monsterinsights_skip_tracking":false,"_monsterinsights_sitenote_active":false,"_monsterinsights_sitenote_note":"","_monsterinsights_sitenote_category":0,"_jetpack_memberships_contains_paid_content":false,"footnotes":"","jetpack_publicize_message":"","jetpack_publicize_feature_enabled":true,"jetpack_social_post_already_shared":true,"jetpack_social_options":{"image_generator_settings":{"template":"highway","default_image_id":0,"font":"","enabled":false},"version":2}},"categories":[1,3,11],"tags":[],"class_list":["post-30206","post","type-post","status-publish","format-standard","has-post-thumbnail","hentry","category-noticias","category-politica","category-regional"],"acf":[],"jetpack_publicize_connections":[],"jetpack_featured_media_url":"https:\/\/i0.wp.com\/blogdoeloiltoncajuhy.com.br\/site\/wp-content\/uploads\/2018\/12\/JaguarariDecreto2018FimAno.jpg?fit=897%2C1280&ssl=1","jetpack_sharing_enabled":true,"publishpress_future_workflow_manual_trigger":{"enabledWorkflows":[]},"_links":{"self":[{"href":"https:\/\/blogdoeloiltoncajuhy.com.br\/site\/wp-json\/wp\/v2\/posts\/30206","targetHints":{"allow":["GET"]}}],"collection":[{"href":"https:\/\/blogdoeloiltoncajuhy.com.br\/site\/wp-json\/wp\/v2\/posts"}],"about":[{"href":"https:\/\/blogdoeloiltoncajuhy.com.br\/site\/wp-json\/wp\/v2\/types\/post"}],"author":[{"embeddable":true,"href":"https:\/\/blogdoeloiltoncajuhy.com.br\/site\/wp-json\/wp\/v2\/users\/2"}],"replies":[{"embeddable":true,"href":"https:\/\/blogdoeloiltoncajuhy.com.br\/site\/wp-json\/wp\/v2\/comments?post=30206"}],"version-history":[{"count":1,"href":"https:\/\/blogdoeloiltoncajuhy.com.br\/site\/wp-json\/wp\/v2\/posts\/30206\/revisions"}],"predecessor-version":[{"id":30208,"href":"https:\/\/blogdoeloiltoncajuhy.com.br\/site\/wp-json\/wp\/v2\/posts\/30206\/revisions\/30208"}],"wp:featuredmedia":[{"embeddable":true,"href":"https:\/\/blogdoeloiltoncajuhy.com.br\/site\/wp-json\/wp\/v2\/media\/30207"}],"wp:attachment":[{"href":"https:\/\/blogdoeloiltoncajuhy.com.br\/site\/wp-json\/wp\/v2\/media?parent=30206"}],"wp:term":[{"taxonomy":"category","embeddable":true,"href":"https:\/\/blogdoeloiltoncajuhy.com.br\/site\/wp-json\/wp\/v2\/categories?post=30206"},{"taxonomy":"post_tag","embeddable":true,"href":"https:\/\/blogdoeloiltoncajuhy.com.br\/site\/wp-json\/wp\/v2\/tags?post=30206"}],"curies":[{"name":"wp","href":"https:\/\/api.w.org\/{rel}","templated":true}]}}