{"id":30199,"date":"2018-12-22T10:00:18","date_gmt":"2018-12-22T13:00:18","guid":{"rendered":"http:\/\/blogdoeloiltoncajuhy.com.br\/site\/?p=30199"},"modified":"2018-12-22T10:04:50","modified_gmt":"2018-12-22T13:04:50","slug":"identificado-um-dos-assaltantes-mortos-em-confronto-com-a-pm-de-campo-formoso","status":"publish","type":"post","link":"https:\/\/blogdoeloiltoncajuhy.com.br\/site\/identificado-um-dos-assaltantes-mortos-em-confronto-com-a-pm-de-campo-formoso\/","title":{"rendered":"Identificado um dos assaltantes mortos em confronto com a PM de Campo Formoso"},"content":{"rendered":"\n<div class=\"wp-block-image\"><figure class=\"aligncenter is-resized\"><img data-recalc-dims=\"1\" fetchpriority=\"high\" decoding=\"async\" src=\"https:\/\/i0.wp.com\/blogdoeloiltoncajuhy.com.br\/site\/wp-content\/uploads\/2018\/12\/OperacaoCF_assaltante.jpg?resize=368%2C391\" alt=\"\" class=\"wp-image-30200\" width=\"368\" height=\"391\"\/><\/figure><\/div>\n\n\n\n<p>A Pol\u00edcia Militar de Campo Formoso divulgou na manh\u00e3 deste s\u00e1bado (22), a identidade de um dos assaltantes que morreram em confronto com policiais, fato ocorrido no final da tarde de ontem. Trata-se de <strong>Edivan Fernandes da Silva Neto<\/strong>, de 24 anos, natural de Salgueiro-PE. Os demais, seguem ainda sem identifica\u00e7\u00e3o.<\/p>\n\n\n\n<p>Segundo informa\u00e7\u00f5es do Comando da 54\u00aa CIA\/PM de Campo Formoso, a a\u00e7\u00e3o da pol\u00edcia come\u00e7ou por volta das 14h30 de sexta-feira (21), quando a unidade policial recebeu v\u00e1rias liga\u00e7\u00f5es informando que cinco elementos armados de rev\u00f3lveres e armas longas, estariam assaltando v\u00e1rios ve\u00edculos na estrada que liga a sede do munic\u00edpio ao Povoado de Lage dos Negros.<\/p>\n\n\n\n<p> Uma Guarni\u00e7\u00e3o da PM foi para o local e, chegando \u00e0 estrada da localidade de Pacu\u00ed, o efetivo policial encontrou um \u00f4nibus coletivo, onde os passageiros informaram que havia v\u00e1rios elementos assaltando naquela estrada.<\/p>\n\n\n\n<p>Seguindo com a dilig\u00eancia, os policiais se depararam com um veiculo VW GOL, de cor preta, placa JRM-6223, licen\u00e7a de Juazeiro-BA, com os cinco elementos. Ao avistarem a viatura, os bandidos deixaram o ve\u00edculo e come\u00e7aram a atirar contra a guarni\u00e7\u00e3o. No revide, tr\u00eas elementos foram alvejados e dois fugiram em dire\u00e7\u00e3o \u00e0 caatinga.<\/p>\n\n\n\n<div class=\"wp-block-image\"><figure class=\"aligncenter is-resized\"><img data-recalc-dims=\"1\" decoding=\"async\" src=\"https:\/\/i0.wp.com\/blogdoeloiltoncajuhy.com.br\/site\/wp-content\/uploads\/2018\/12\/OperacaoCF-gol.jpg?resize=249%2C512\" alt=\"\" class=\"wp-image-30201\" width=\"249\" height=\"512\" srcset=\"https:\/\/i0.wp.com\/blogdoeloiltoncajuhy.com.br\/site\/wp-content\/uploads\/2018\/12\/OperacaoCF-gol.jpg?resize=498%2C1024&amp;ssl=1 498w, https:\/\/i0.wp.com\/blogdoeloiltoncajuhy.com.br\/site\/wp-content\/uploads\/2018\/12\/OperacaoCF-gol.jpg?resize=146%2C300&amp;ssl=1 146w, https:\/\/i0.wp.com\/blogdoeloiltoncajuhy.com.br\/site\/wp-content\/uploads\/2018\/12\/OperacaoCF-gol.jpg?resize=122%2C250&amp;ssl=1 122w, https:\/\/i0.wp.com\/blogdoeloiltoncajuhy.com.br\/site\/wp-content\/uploads\/2018\/12\/OperacaoCF-gol.jpg?w=502&amp;ssl=1 502w\" sizes=\"(max-width: 249px) 100vw, 249px\" \/><\/figure><\/div>\n\n\n\n<p>Alguns instantes depois, sa\u00edram do matagal tr\u00eas adultos e uma crian\u00e7a, informando que foram v\u00edtimas dos assaltantes e que foram feitos ref\u00e9ns dentro da vegeta\u00e7\u00e3o. Uma dessas pessoas, era o propriet\u00e1rio do ve\u00edculo. <\/p>\n\n\n\n<p>Foram encontrados em poder dos acusados, um revolver cal. 38, com 06 cartuchos deflagrados; um rev\u00f3lver taurus, cal. 38,  com 06 muni\u00e7\u00f5es, sendo 04 deflagradas, 1 pinado e 01 intacta, al\u00e9m de 01 espingarda cal.12, com um cartucho pinado e sem numera\u00e7\u00e3o de s\u00e9rie.<\/p>\n\n\n\n<div class=\"wp-block-image\"><figure class=\"aligncenter is-resized\"><img data-recalc-dims=\"1\" decoding=\"async\" src=\"https:\/\/i0.wp.com\/blogdoeloiltoncajuhy.com.br\/site\/wp-content\/uploads\/2018\/12\/OperacaoCF-armas.jpg?resize=384%2C512\" alt=\"\" class=\"wp-image-30202\" width=\"384\" height=\"512\" srcset=\"https:\/\/i0.wp.com\/blogdoeloiltoncajuhy.com.br\/site\/wp-content\/uploads\/2018\/12\/OperacaoCF-armas.jpg?resize=768%2C1024&amp;ssl=1 768w, https:\/\/i0.wp.com\/blogdoeloiltoncajuhy.com.br\/site\/wp-content\/uploads\/2018\/12\/OperacaoCF-armas.jpg?resize=225%2C300&amp;ssl=1 225w, https:\/\/i0.wp.com\/blogdoeloiltoncajuhy.com.br\/site\/wp-content\/uploads\/2018\/12\/OperacaoCF-armas.jpg?resize=188%2C250&amp;ssl=1 188w, https:\/\/i0.wp.com\/blogdoeloiltoncajuhy.com.br\/site\/wp-content\/uploads\/2018\/12\/OperacaoCF-armas.jpg?w=774&amp;ssl=1 774w\" sizes=\"(max-width: 384px) 100vw, 384px\" \/><\/figure><\/div>\n\n\n\n<p>Os acusados foram socorridos ao hospital S\u00e3o Francisco em Campo Formoso, onde foi constatada a morte dos tr\u00eas indiv\u00edduos.<\/p>\n\n\n\n<p>Dando prosseguimento \u00e0 opera\u00e7\u00e3o, foram apresentados a Depol de Campo Formoso, o ve\u00edculo recuperado e as armas de fogo que estavam em poder dos assaltantes, bem como, 01 celular Samsung, 01 celular LG e 01 celular k10, todos pertencentes \u00e0s v\u00edtimas.<\/p>\n\n\n\n<p><strong><em>BLOG DO ELOILTON CAJUHY &#8211; Com informa\u00e7\u00f5es da 54\u00aa CIA\/PM Campo Formoso<\/em><\/strong><\/p>\n","protected":false},"excerpt":{"rendered":"<p>A Pol\u00edcia Militar de Campo Formoso divulgou na manh\u00e3 deste s\u00e1bado (22), a identidade de um dos assaltantes que morreram em confronto com policiais, fato ocorrido no final da tarde de ontem. Trata-se de Edivan Fernandes da Silva Neto, de 24 anos, natural de Salgueiro-PE. Os demais, seguem ainda sem identifica\u00e7\u00e3o. Segundo informa\u00e7\u00f5es do Comando [&hellip;]<\/p>\n","protected":false},"author":2,"featured_media":30202,"comment_status":"open","ping_status":"open","sticky":false,"template":"","format":"standard","meta":{"_acf_changed":false,"_monsterinsights_skip_tracking":false,"_monsterinsights_sitenote_active":false,"_monsterinsights_sitenote_note":"","_monsterinsights_sitenote_category":0,"_jetpack_memberships_contains_paid_content":false,"footnotes":"","jetpack_publicize_message":"","jetpack_publicize_feature_enabled":true,"jetpack_social_post_already_shared":true,"jetpack_social_options":{"image_generator_settings":{"template":"highway","default_image_id":0,"font":"","enabled":false},"version":2}},"categories":[5,1,11],"tags":[],"class_list":["post-30199","post","type-post","status-publish","format-standard","has-post-thumbnail","hentry","category-cotidiano","category-noticias","category-regional"],"acf":[],"jetpack_publicize_connections":[],"jetpack_featured_media_url":"https:\/\/i0.wp.com\/blogdoeloiltoncajuhy.com.br\/site\/wp-content\/uploads\/2018\/12\/OperacaoCF-armas.jpg?fit=774%2C1032&ssl=1","jetpack_sharing_enabled":true,"publishpress_future_workflow_manual_trigger":{"enabledWorkflows":[]},"_links":{"self":[{"href":"https:\/\/blogdoeloiltoncajuhy.com.br\/site\/wp-json\/wp\/v2\/posts\/30199","targetHints":{"allow":["GET"]}}],"collection":[{"href":"https:\/\/blogdoeloiltoncajuhy.com.br\/site\/wp-json\/wp\/v2\/posts"}],"about":[{"href":"https:\/\/blogdoeloiltoncajuhy.com.br\/site\/wp-json\/wp\/v2\/types\/post"}],"author":[{"embeddable":true,"href":"https:\/\/blogdoeloiltoncajuhy.com.br\/site\/wp-json\/wp\/v2\/users\/2"}],"replies":[{"embeddable":true,"href":"https:\/\/blogdoeloiltoncajuhy.com.br\/site\/wp-json\/wp\/v2\/comments?post=30199"}],"version-history":[{"count":2,"href":"https:\/\/blogdoeloiltoncajuhy.com.br\/site\/wp-json\/wp\/v2\/posts\/30199\/revisions"}],"predecessor-version":[{"id":30205,"href":"https:\/\/blogdoeloiltoncajuhy.com.br\/site\/wp-json\/wp\/v2\/posts\/30199\/revisions\/30205"}],"wp:featuredmedia":[{"embeddable":true,"href":"https:\/\/blogdoeloiltoncajuhy.com.br\/site\/wp-json\/wp\/v2\/media\/30202"}],"wp:attachment":[{"href":"https:\/\/blogdoeloiltoncajuhy.com.br\/site\/wp-json\/wp\/v2\/media?parent=30199"}],"wp:term":[{"taxonomy":"category","embeddable":true,"href":"https:\/\/blogdoeloiltoncajuhy.com.br\/site\/wp-json\/wp\/v2\/categories?post=30199"},{"taxonomy":"post_tag","embeddable":true,"href":"https:\/\/blogdoeloiltoncajuhy.com.br\/site\/wp-json\/wp\/v2\/tags?post=30199"}],"curies":[{"name":"wp","href":"https:\/\/api.w.org\/{rel}","templated":true}]}}