{"id":30196,"date":"2018-12-22T08:34:00","date_gmt":"2018-12-22T11:34:00","guid":{"rendered":"http:\/\/blogdoeloiltoncajuhy.com.br\/site\/?p=30196"},"modified":"2018-12-22T08:34:06","modified_gmt":"2018-12-22T11:34:06","slug":"prefeitura-de-bonfim-inaugura-neste-sabado-22-a-praca-cercidio-porcidio","status":"publish","type":"post","link":"https:\/\/blogdoeloiltoncajuhy.com.br\/site\/prefeitura-de-bonfim-inaugura-neste-sabado-22-a-praca-cercidio-porcidio\/","title":{"rendered":"Prefeitura de Bonfim inaugura neste s\u00e1bado (22) a Pra\u00e7a Cerc\u00eddio Porc\u00eddio"},"content":{"rendered":"\n<div class=\"wp-block-image\"><figure class=\"aligncenter is-resized\"><img data-recalc-dims=\"1\" fetchpriority=\"high\" decoding=\"async\" src=\"https:\/\/i0.wp.com\/blogdoeloiltoncajuhy.com.br\/site\/wp-content\/uploads\/2018\/12\/PMSB_PracaCercidio.jpg?resize=427%2C418\" alt=\"\" class=\"wp-image-30197\" width=\"427\" height=\"418\" srcset=\"https:\/\/i0.wp.com\/blogdoeloiltoncajuhy.com.br\/site\/wp-content\/uploads\/2018\/12\/PMSB_PracaCercidio.jpg?w=960&amp;ssl=1 960w, https:\/\/i0.wp.com\/blogdoeloiltoncajuhy.com.br\/site\/wp-content\/uploads\/2018\/12\/PMSB_PracaCercidio.jpg?resize=300%2C293&amp;ssl=1 300w, https:\/\/i0.wp.com\/blogdoeloiltoncajuhy.com.br\/site\/wp-content\/uploads\/2018\/12\/PMSB_PracaCercidio.jpg?resize=768%2C750&amp;ssl=1 768w, https:\/\/i0.wp.com\/blogdoeloiltoncajuhy.com.br\/site\/wp-content\/uploads\/2018\/12\/PMSB_PracaCercidio.jpg?resize=250%2C244&amp;ssl=1 250w, https:\/\/i0.wp.com\/blogdoeloiltoncajuhy.com.br\/site\/wp-content\/uploads\/2018\/12\/PMSB_PracaCercidio.jpg?resize=48%2C48&amp;ssl=1 48w\" sizes=\"(max-width: 427px) 100vw, 427px\" \/><\/figure><\/div>\n\n\n\n<p>Em dois anos, apenas dois anos, j\u00e1 foram inauguradas 38 obras. Agora, ser\u00e1 a 39\u00b0obra inaugurada em Senhor do Bonfim. A Pra\u00e7a Cerc\u00eddio Porc\u00eddio, no Cemit\u00e9rio S\u00e3o Marcos, ser\u00e1 inaugurada neste s\u00e1bado (22), \u00e0s 19h.<\/p>\n\n\n\n<p>Participe do ato solene de entrega \u00e0 comunidade. Voc\u00ea \u00e9 nosso (a) convidado (a). Senhor do Bonfim em Desenvolvimento.<\/p>\n\n\n\n<p><strong><em>Ascom Prefeitura de Senhor do Bonfim-BA<\/em><\/strong><\/p>\n","protected":false},"excerpt":{"rendered":"<p>Em dois anos, apenas dois anos, j\u00e1 foram inauguradas 38 obras. Agora, ser\u00e1 a 39\u00b0obra inaugurada em Senhor do Bonfim. A Pra\u00e7a Cerc\u00eddio Porc\u00eddio, no Cemit\u00e9rio S\u00e3o Marcos, ser\u00e1 inaugurada neste s\u00e1bado (22), \u00e0s 19h. Participe do ato solene de entrega \u00e0 comunidade. Voc\u00ea \u00e9 nosso (a) convidado (a). Senhor do Bonfim em Desenvolvimento. Ascom [&hellip;]<\/p>\n","protected":false},"author":2,"featured_media":30197,"comment_status":"open","ping_status":"open","sticky":false,"template":"","format":"standard","meta":{"_acf_changed":false,"_monsterinsights_skip_tracking":false,"_monsterinsights_sitenote_active":false,"_monsterinsights_sitenote_note":"","_monsterinsights_sitenote_category":0,"_jetpack_memberships_contains_paid_content":false,"footnotes":"","jetpack_publicize_message":"","jetpack_publicize_feature_enabled":true,"jetpack_social_post_already_shared":true,"jetpack_social_options":{"image_generator_settings":{"template":"highway","default_image_id":0,"font":"","enabled":false},"version":2}},"categories":[1,3,4],"tags":[],"class_list":["post-30196","post","type-post","status-publish","format-standard","has-post-thumbnail","hentry","category-noticias","category-politica","category-local"],"acf":[],"jetpack_publicize_connections":[],"jetpack_featured_media_url":"https:\/\/i0.wp.com\/blogdoeloiltoncajuhy.com.br\/site\/wp-content\/uploads\/2018\/12\/PMSB_PracaCercidio.jpg?fit=960%2C937&ssl=1","jetpack_sharing_enabled":true,"publishpress_future_workflow_manual_trigger":{"enabledWorkflows":[]},"_links":{"self":[{"href":"https:\/\/blogdoeloiltoncajuhy.com.br\/site\/wp-json\/wp\/v2\/posts\/30196","targetHints":{"allow":["GET"]}}],"collection":[{"href":"https:\/\/blogdoeloiltoncajuhy.com.br\/site\/wp-json\/wp\/v2\/posts"}],"about":[{"href":"https:\/\/blogdoeloiltoncajuhy.com.br\/site\/wp-json\/wp\/v2\/types\/post"}],"author":[{"embeddable":true,"href":"https:\/\/blogdoeloiltoncajuhy.com.br\/site\/wp-json\/wp\/v2\/users\/2"}],"replies":[{"embeddable":true,"href":"https:\/\/blogdoeloiltoncajuhy.com.br\/site\/wp-json\/wp\/v2\/comments?post=30196"}],"version-history":[{"count":1,"href":"https:\/\/blogdoeloiltoncajuhy.com.br\/site\/wp-json\/wp\/v2\/posts\/30196\/revisions"}],"predecessor-version":[{"id":30198,"href":"https:\/\/blogdoeloiltoncajuhy.com.br\/site\/wp-json\/wp\/v2\/posts\/30196\/revisions\/30198"}],"wp:featuredmedia":[{"embeddable":true,"href":"https:\/\/blogdoeloiltoncajuhy.com.br\/site\/wp-json\/wp\/v2\/media\/30197"}],"wp:attachment":[{"href":"https:\/\/blogdoeloiltoncajuhy.com.br\/site\/wp-json\/wp\/v2\/media?parent=30196"}],"wp:term":[{"taxonomy":"category","embeddable":true,"href":"https:\/\/blogdoeloiltoncajuhy.com.br\/site\/wp-json\/wp\/v2\/categories?post=30196"},{"taxonomy":"post_tag","embeddable":true,"href":"https:\/\/blogdoeloiltoncajuhy.com.br\/site\/wp-json\/wp\/v2\/tags?post=30196"}],"curies":[{"name":"wp","href":"https:\/\/api.w.org\/{rel}","templated":true}]}}