{"id":30193,"date":"2018-12-22T08:17:06","date_gmt":"2018-12-22T11:17:06","guid":{"rendered":"http:\/\/blogdoeloiltoncajuhy.com.br\/site\/?p=30193"},"modified":"2018-12-22T08:17:12","modified_gmt":"2018-12-22T11:17:12","slug":"programacao-especial-de-natal-segue-na-praca-nova-a-partir-deste-sabado-22","status":"publish","type":"post","link":"https:\/\/blogdoeloiltoncajuhy.com.br\/site\/programacao-especial-de-natal-segue-na-praca-nova-a-partir-deste-sabado-22\/","title":{"rendered":"Programa\u00e7\u00e3o especial de natal segue na Pra\u00e7a Nova a partir deste s\u00e1bado, 22"},"content":{"rendered":"\n<div class=\"wp-block-image\"><figure class=\"aligncenter is-resized\"><img data-recalc-dims=\"1\" fetchpriority=\"high\" decoding=\"async\" src=\"https:\/\/i0.wp.com\/blogdoeloiltoncajuhy.com.br\/site\/wp-content\/uploads\/2018\/12\/pmsb_natal-luz.jpg?resize=480%2C320\" alt=\"\" class=\"wp-image-30194\" width=\"480\" height=\"320\" srcset=\"https:\/\/i0.wp.com\/blogdoeloiltoncajuhy.com.br\/site\/wp-content\/uploads\/2018\/12\/pmsb_natal-luz.jpg?w=960&amp;ssl=1 960w, https:\/\/i0.wp.com\/blogdoeloiltoncajuhy.com.br\/site\/wp-content\/uploads\/2018\/12\/pmsb_natal-luz.jpg?resize=300%2C200&amp;ssl=1 300w, https:\/\/i0.wp.com\/blogdoeloiltoncajuhy.com.br\/site\/wp-content\/uploads\/2018\/12\/pmsb_natal-luz.jpg?resize=768%2C512&amp;ssl=1 768w, https:\/\/i0.wp.com\/blogdoeloiltoncajuhy.com.br\/site\/wp-content\/uploads\/2018\/12\/pmsb_natal-luz.jpg?resize=250%2C167&amp;ssl=1 250w\" sizes=\"(max-width: 480px) 100vw, 480px\" \/><\/figure><\/div>\n\n\n\n<p>Dando continuidade \u00e0 Programa\u00e7\u00e3o do <strong>&#8220;Natal de Luz&#8221;<\/strong> uma s\u00e9rie de eventos ser\u00e3o realizados na Pra\u00e7a Nova do Congresso a partir deste s\u00e1bado, 22.<\/p>\n\n\n\n<p>No espa\u00e7o preparado e pensado para receber o p\u00fablico, cerca de 15 atra\u00e7\u00f5es v\u00e3o se apresentar nos tr\u00eas dias de festividades natalinas: 22, 23 e 24 de dezembro.<\/p>\n\n\n\n<p>O evento realizado pela prefeitura de Senhor do Bonfim, teve sua abertura oficial com a chegada do Papai Noel, no \u00faltimo dia 14, quando o prefeito Carlos Brasileiro inaugurou a ilumina\u00e7\u00e3o e a decora\u00e7\u00e3o natalina.<\/p>\n\n\n\n<p><em>&#8220;Senhor do Bonfim est\u00e1 criando um novo roteiro, fico feliz de saber que j\u00e1 somos uma refer\u00eancia na realiza\u00e7\u00e3o dos festejos natalinos na Bahia&#8221;<\/em>, destacou Brasileiro durante a abertura do evento.<\/p>\n\n\n\n<p>As festividades natalinas foram revitalizadas e voltaram a ser valorizadas durante a primeira gest\u00e3o do prefeito Carlos Brasileiro (2001-2008).<\/p>\n\n\n\n<p>Al\u00e9m da Pra\u00e7a Nova, a ilumina\u00e7\u00e3o se estende para outras \u00e1reas do centro, inclusive no tradicional cart\u00e3o postal da cidade, o Pa\u00e7o Municipal. A tradicional Feira Chique na Pra\u00e7a Dr\u00ba Jos\u00e9 Gon\u00e7alves acontece no dia 24 (segunda-feira).<\/p>\n\n\n\n<p>O ponto de encontro das fam\u00edlias na Pra\u00e7a Nova, inclui a Casa do Papai Noel, atra\u00e7\u00f5es culturais, art\u00edsticos e musicais, al\u00e9m de um parque de divers\u00e3o.<\/p>\n\n\n\n<p>Let\u00edcia Mel Nascimento Moura, 9 anos, ficou encantada durante visita\u00e7\u00e3o com os pais. <em>\u201cAchei muito interessante, amei\u201d<\/em>, afirmou.<\/p>\n\n\n\n<p>Este ano, o evento natalino foi totalmente preparado pelas equipes das secretarias de Cultura e de Desenvolvimento Econ\u00f4mico, Turismo e Esporte, e teve apoio da Assist\u00eancia Social e Infraestrutura.<\/p>\n\n\n\n<p><em>&#8220;Todos se uniram para fazer essa decora\u00e7\u00e3o t\u00e3o bonita. Quero aqui agradecer a todas as equipes pelo empenho, e convidar a todos para conhecer e participar do &#8220;Natal de Luz&#8221;<\/em>, lembrou Brasileiro.<\/p>\n\n\n\n<p><strong>Confira a programa\u00e7\u00e3o:<\/strong><\/p>\n\n\n\n<p><strong><em>-S\u00e1bado, 22 de dezembro<\/em><\/strong><br>Coral Ayde\u00e9 Pelegrine &#8211; Coral de flautas<br>Coral Orquestra da Saudade<br>Terno das Ciganas das Idosas &#8211; SCFV (Servi\u00e7o de Conviv\u00eancia e Fortalecimento de V\u00ednculos)<br>Bolinhas de Natal da Escola Abigail Feitosa<br>Apresenta\u00e7\u00e3o do Programa Novo Mais Educa\u00e7\u00e3o<\/p>\n\n\n\n<p><strong><em>-Domingo, 23 de dezembro<\/em><\/strong><br>Nascimento de Cristo &#8211; Grupo OPA<br>Apresenta\u00e7\u00e3o Teatral Shalom<br>Apresenta\u00e7\u00e3o de Projeto Escolas Culturais<br>Show Musical com cantor Jaula<\/p>\n\n\n\n<p><strong><em>-Segunda-feira, 24 de dezembro<\/em><\/strong><br>Orquestra Filarm\u00f4nica Uni\u00e3o dos Ferrovi\u00e1rios Bonfinenses<br>Coral da Igreja de Jesus Cristo dos Santos dos \u00daltimos Dias<br>Coral Infantil da Igreja Adventista<br>Show Musical com o cantor Miguel Ara\u00fajo<\/p>\n\n\n\n<p>A programa\u00e7\u00e3o come\u00e7a a partir das 20 horas.<\/p>\n\n\n\n<p><strong><em>ASCOM &#8211; Prefeitura Municipal de Senhor do Bonfim &#8211; BA<\/em><\/strong><\/p>\n","protected":false},"excerpt":{"rendered":"<p>Dando continuidade \u00e0 Programa\u00e7\u00e3o do &#8220;Natal de Luz&#8221; uma s\u00e9rie de eventos ser\u00e3o realizados na Pra\u00e7a Nova do Congresso a partir deste s\u00e1bado, 22. No espa\u00e7o preparado e pensado para receber o p\u00fablico, cerca de 15 atra\u00e7\u00f5es v\u00e3o se apresentar nos tr\u00eas dias de festividades natalinas: 22, 23 e 24 de dezembro. O evento realizado [&hellip;]<\/p>\n","protected":false},"author":2,"featured_media":30194,"comment_status":"open","ping_status":"open","sticky":false,"template":"","format":"standard","meta":{"_acf_changed":false,"_monsterinsights_skip_tracking":false,"_monsterinsights_sitenote_active":false,"_monsterinsights_sitenote_note":"","_monsterinsights_sitenote_category":0,"_jetpack_memberships_contains_paid_content":false,"footnotes":"","jetpack_publicize_message":"","jetpack_publicize_feature_enabled":true,"jetpack_social_post_already_shared":true,"jetpack_social_options":{"image_generator_settings":{"template":"highway","default_image_id":0,"font":"","enabled":false},"version":2}},"categories":[8,1,4],"tags":[],"class_list":["post-30193","post","type-post","status-publish","format-standard","has-post-thumbnail","hentry","category-cultura","category-noticias","category-local"],"acf":[],"jetpack_publicize_connections":[],"jetpack_featured_media_url":"https:\/\/i0.wp.com\/blogdoeloiltoncajuhy.com.br\/site\/wp-content\/uploads\/2018\/12\/pmsb_natal-luz.jpg?fit=960%2C640&ssl=1","jetpack_sharing_enabled":true,"publishpress_future_workflow_manual_trigger":{"enabledWorkflows":[]},"_links":{"self":[{"href":"https:\/\/blogdoeloiltoncajuhy.com.br\/site\/wp-json\/wp\/v2\/posts\/30193","targetHints":{"allow":["GET"]}}],"collection":[{"href":"https:\/\/blogdoeloiltoncajuhy.com.br\/site\/wp-json\/wp\/v2\/posts"}],"about":[{"href":"https:\/\/blogdoeloiltoncajuhy.com.br\/site\/wp-json\/wp\/v2\/types\/post"}],"author":[{"embeddable":true,"href":"https:\/\/blogdoeloiltoncajuhy.com.br\/site\/wp-json\/wp\/v2\/users\/2"}],"replies":[{"embeddable":true,"href":"https:\/\/blogdoeloiltoncajuhy.com.br\/site\/wp-json\/wp\/v2\/comments?post=30193"}],"version-history":[{"count":1,"href":"https:\/\/blogdoeloiltoncajuhy.com.br\/site\/wp-json\/wp\/v2\/posts\/30193\/revisions"}],"predecessor-version":[{"id":30195,"href":"https:\/\/blogdoeloiltoncajuhy.com.br\/site\/wp-json\/wp\/v2\/posts\/30193\/revisions\/30195"}],"wp:featuredmedia":[{"embeddable":true,"href":"https:\/\/blogdoeloiltoncajuhy.com.br\/site\/wp-json\/wp\/v2\/media\/30194"}],"wp:attachment":[{"href":"https:\/\/blogdoeloiltoncajuhy.com.br\/site\/wp-json\/wp\/v2\/media?parent=30193"}],"wp:term":[{"taxonomy":"category","embeddable":true,"href":"https:\/\/blogdoeloiltoncajuhy.com.br\/site\/wp-json\/wp\/v2\/categories?post=30193"},{"taxonomy":"post_tag","embeddable":true,"href":"https:\/\/blogdoeloiltoncajuhy.com.br\/site\/wp-json\/wp\/v2\/tags?post=30193"}],"curies":[{"name":"wp","href":"https:\/\/api.w.org\/{rel}","templated":true}]}}