{"id":30187,"date":"2018-12-21T20:43:51","date_gmt":"2018-12-21T23:43:51","guid":{"rendered":"http:\/\/blogdoeloiltoncajuhy.com.br\/site\/?p=30187"},"modified":"2018-12-21T20:43:58","modified_gmt":"2018-12-21T23:43:58","slug":"jaguarari-realiza-vi-conferencia-municipal-dos-direitos-da-crianca-e-do-adolescente","status":"publish","type":"post","link":"https:\/\/blogdoeloiltoncajuhy.com.br\/site\/jaguarari-realiza-vi-conferencia-municipal-dos-direitos-da-crianca-e-do-adolescente\/","title":{"rendered":"Jaguarari realiza VI Confer\u00eancia Municipal dos Direitos da Crian\u00e7a e do Adolescente"},"content":{"rendered":"\n<div class=\"wp-block-image\"><figure class=\"aligncenter is-resized\"><img data-recalc-dims=\"1\" fetchpriority=\"high\" decoding=\"async\" src=\"https:\/\/i0.wp.com\/blogdoeloiltoncajuhy.com.br\/site\/wp-content\/uploads\/2018\/12\/JaguarariConferencia_01.jpg?resize=512%2C342\" alt=\"\" class=\"wp-image-30188\" width=\"512\" height=\"342\" srcset=\"https:\/\/i0.wp.com\/blogdoeloiltoncajuhy.com.br\/site\/wp-content\/uploads\/2018\/12\/JaguarariConferencia_01.jpg?resize=1024%2C683&amp;ssl=1 1024w, https:\/\/i0.wp.com\/blogdoeloiltoncajuhy.com.br\/site\/wp-content\/uploads\/2018\/12\/JaguarariConferencia_01.jpg?resize=300%2C200&amp;ssl=1 300w, https:\/\/i0.wp.com\/blogdoeloiltoncajuhy.com.br\/site\/wp-content\/uploads\/2018\/12\/JaguarariConferencia_01.jpg?resize=768%2C512&amp;ssl=1 768w, https:\/\/i0.wp.com\/blogdoeloiltoncajuhy.com.br\/site\/wp-content\/uploads\/2018\/12\/JaguarariConferencia_01.jpg?resize=250%2C167&amp;ssl=1 250w, https:\/\/i0.wp.com\/blogdoeloiltoncajuhy.com.br\/site\/wp-content\/uploads\/2018\/12\/JaguarariConferencia_01.jpg?w=1500&amp;ssl=1 1500w\" sizes=\"(max-width: 512px) 100vw, 512px\" \/><\/figure><\/div>\n\n\n\n<p>A prefeitura de Jaguarari, atrav\u00e9s da Secretaria de Desenvolvimento Social, com apoio do Conselho Municipal dos Direitos da Crian\u00e7a e do Adolescente (CMDCA), realizou nesta sexta-feira (21), no Centro Paroquial, a VI Confer\u00eancia Municipal dos Direitos da Crian\u00e7a e do Adolescente.<\/p>\n\n\n\n<p>O evento contou com a presen\u00e7a de secret\u00e1rios de governo, Conselho Tutelar, Creas, Cras, Casa de Acolhimento e sociedade civil. A abertura da conferencia ficou a cargo da leitura de cordel pelo aluno da rede estadual, Andr\u00e9 Martins.<\/p>\n\n\n\n<p>Com o tema <em>\u201cProte\u00e7\u00e3o Integral, Diversidade e Enfrentamento das Viol\u00eancias\u201d<\/em>, o evento teve como objetivo mobiliza\u00e7\u00e3o de governo municipal e sociedade civil para a constru\u00e7\u00e3o de propostas voltadas para a afirma\u00e7\u00e3o do princ\u00edpio da prote\u00e7\u00e3o integral dos jovens nas pol\u00edticas p\u00fablicas, fortalecendo as estrat\u00e9gias e a\u00e7\u00f5es de enfrentamento \u00e0s viol\u00eancias e considerando as diversidades.<\/p>\n\n\n\n<p>Durante o evento foram apresentados e debatidos os eixos tem\u00e1ticos e as propostas por grupo, al\u00e9m da elei\u00e7\u00e3o dos delegados que v\u00e3o representar o munic\u00edpio na Confer\u00eancia Territorial em Salvador.<\/p>\n\n\n\n<p>O Secretario de Desenvolvimento Social, Ricardo Augusto, falou da import\u00e2ncia da realiza\u00e7\u00e3o da conferencia municipal dos direitos da crian\u00e7a e do adolescente no munic\u00edpio.<\/p>\n\n\n\n<p><em>&#8220;A conferencia \u00e9 o momento para se levantar propostas, debater id\u00e9ias e integrar o sistema de garantias de direitos no intuito de fortalecer a pol\u00edtica de assist\u00eancia social do munic\u00edpio. Com a realiza\u00e7\u00e3o da conferencia hoje no munic\u00edpio, conseguimos atingir esses objetivos&#8221;<\/em>, pontuou o secretario.<\/p>\n\n\n\n<div class=\"wp-block-image\"><figure class=\"aligncenter is-resized\"><img data-recalc-dims=\"1\" decoding=\"async\" src=\"https:\/\/i0.wp.com\/blogdoeloiltoncajuhy.com.br\/site\/wp-content\/uploads\/2018\/12\/JaguarariConferencia_02.jpg?resize=512%2C342\" alt=\"\" class=\"wp-image-30189\" width=\"512\" height=\"342\" srcset=\"https:\/\/i0.wp.com\/blogdoeloiltoncajuhy.com.br\/site\/wp-content\/uploads\/2018\/12\/JaguarariConferencia_02.jpg?resize=1024%2C683&amp;ssl=1 1024w, https:\/\/i0.wp.com\/blogdoeloiltoncajuhy.com.br\/site\/wp-content\/uploads\/2018\/12\/JaguarariConferencia_02.jpg?resize=300%2C200&amp;ssl=1 300w, https:\/\/i0.wp.com\/blogdoeloiltoncajuhy.com.br\/site\/wp-content\/uploads\/2018\/12\/JaguarariConferencia_02.jpg?resize=768%2C512&amp;ssl=1 768w, https:\/\/i0.wp.com\/blogdoeloiltoncajuhy.com.br\/site\/wp-content\/uploads\/2018\/12\/JaguarariConferencia_02.jpg?resize=250%2C167&amp;ssl=1 250w, https:\/\/i0.wp.com\/blogdoeloiltoncajuhy.com.br\/site\/wp-content\/uploads\/2018\/12\/JaguarariConferencia_02.jpg?w=1500&amp;ssl=1 1500w\" sizes=\"(max-width: 512px) 100vw, 512px\" \/><\/figure><\/div>\n\n\n\n<p><strong><em>ASCOM \u2013 Prefeitura de Jaguarari-BA<\/em><\/strong><\/p>\n","protected":false},"excerpt":{"rendered":"<p>A prefeitura de Jaguarari, atrav\u00e9s da Secretaria de Desenvolvimento Social, com apoio do Conselho Municipal dos Direitos da Crian\u00e7a e do Adolescente (CMDCA), realizou nesta sexta-feira (21), no Centro Paroquial, a VI Confer\u00eancia Municipal dos Direitos da Crian\u00e7a e do Adolescente. O evento contou com a presen\u00e7a de secret\u00e1rios de governo, Conselho Tutelar, Creas, Cras, [&hellip;]<\/p>\n","protected":false},"author":2,"featured_media":30189,"comment_status":"open","ping_status":"open","sticky":false,"template":"","format":"standard","meta":{"_acf_changed":false,"_monsterinsights_skip_tracking":false,"_monsterinsights_sitenote_active":false,"_monsterinsights_sitenote_note":"","_monsterinsights_sitenote_category":0,"_jetpack_memberships_contains_paid_content":false,"footnotes":"","jetpack_publicize_message":"","jetpack_publicize_feature_enabled":true,"jetpack_social_post_already_shared":true,"jetpack_social_options":{"image_generator_settings":{"template":"highway","default_image_id":0,"font":"","enabled":false},"version":2}},"categories":[1,11],"tags":[],"class_list":["post-30187","post","type-post","status-publish","format-standard","has-post-thumbnail","hentry","category-noticias","category-regional"],"acf":[],"jetpack_publicize_connections":[],"jetpack_featured_media_url":"https:\/\/i0.wp.com\/blogdoeloiltoncajuhy.com.br\/site\/wp-content\/uploads\/2018\/12\/JaguarariConferencia_02.jpg?fit=1500%2C1000&ssl=1","jetpack_sharing_enabled":true,"publishpress_future_workflow_manual_trigger":{"enabledWorkflows":[]},"_links":{"self":[{"href":"https:\/\/blogdoeloiltoncajuhy.com.br\/site\/wp-json\/wp\/v2\/posts\/30187","targetHints":{"allow":["GET"]}}],"collection":[{"href":"https:\/\/blogdoeloiltoncajuhy.com.br\/site\/wp-json\/wp\/v2\/posts"}],"about":[{"href":"https:\/\/blogdoeloiltoncajuhy.com.br\/site\/wp-json\/wp\/v2\/types\/post"}],"author":[{"embeddable":true,"href":"https:\/\/blogdoeloiltoncajuhy.com.br\/site\/wp-json\/wp\/v2\/users\/2"}],"replies":[{"embeddable":true,"href":"https:\/\/blogdoeloiltoncajuhy.com.br\/site\/wp-json\/wp\/v2\/comments?post=30187"}],"version-history":[{"count":1,"href":"https:\/\/blogdoeloiltoncajuhy.com.br\/site\/wp-json\/wp\/v2\/posts\/30187\/revisions"}],"predecessor-version":[{"id":30190,"href":"https:\/\/blogdoeloiltoncajuhy.com.br\/site\/wp-json\/wp\/v2\/posts\/30187\/revisions\/30190"}],"wp:featuredmedia":[{"embeddable":true,"href":"https:\/\/blogdoeloiltoncajuhy.com.br\/site\/wp-json\/wp\/v2\/media\/30189"}],"wp:attachment":[{"href":"https:\/\/blogdoeloiltoncajuhy.com.br\/site\/wp-json\/wp\/v2\/media?parent=30187"}],"wp:term":[{"taxonomy":"category","embeddable":true,"href":"https:\/\/blogdoeloiltoncajuhy.com.br\/site\/wp-json\/wp\/v2\/categories?post=30187"},{"taxonomy":"post_tag","embeddable":true,"href":"https:\/\/blogdoeloiltoncajuhy.com.br\/site\/wp-json\/wp\/v2\/tags?post=30187"}],"curies":[{"name":"wp","href":"https:\/\/api.w.org\/{rel}","templated":true}]}}