{"id":30181,"date":"2018-12-21T16:12:48","date_gmt":"2018-12-21T19:12:48","guid":{"rendered":"http:\/\/blogdoeloiltoncajuhy.com.br\/site\/?p=30181"},"modified":"2018-12-21T16:12:54","modified_gmt":"2018-12-21T19:12:54","slug":"prefeito-carlos-brasileiro-vai-inaugurar-a-38a-obra-nesta-sexta-feira-21","status":"publish","type":"post","link":"https:\/\/blogdoeloiltoncajuhy.com.br\/site\/prefeito-carlos-brasileiro-vai-inaugurar-a-38a-obra-nesta-sexta-feira-21\/","title":{"rendered":"Prefeito Carlos Brasileiro vai inaugurar a 38\u00aa obra nesta sexta-feira, 21"},"content":{"rendered":"\n<div class=\"wp-block-image\"><figure class=\"aligncenter is-resized\"><img data-recalc-dims=\"1\" fetchpriority=\"high\" decoding=\"async\" src=\"https:\/\/i0.wp.com\/blogdoeloiltoncajuhy.com.br\/site\/wp-content\/uploads\/2018\/12\/PMSB_InauguracaoUBS-Mutirao.jpg?resize=500%2C334\" alt=\"\" class=\"wp-image-30182\" width=\"500\" height=\"334\" srcset=\"https:\/\/i0.wp.com\/blogdoeloiltoncajuhy.com.br\/site\/wp-content\/uploads\/2018\/12\/PMSB_InauguracaoUBS-Mutirao.jpg?w=1000&amp;ssl=1 1000w, https:\/\/i0.wp.com\/blogdoeloiltoncajuhy.com.br\/site\/wp-content\/uploads\/2018\/12\/PMSB_InauguracaoUBS-Mutirao.jpg?resize=300%2C200&amp;ssl=1 300w, https:\/\/i0.wp.com\/blogdoeloiltoncajuhy.com.br\/site\/wp-content\/uploads\/2018\/12\/PMSB_InauguracaoUBS-Mutirao.jpg?resize=768%2C512&amp;ssl=1 768w, https:\/\/i0.wp.com\/blogdoeloiltoncajuhy.com.br\/site\/wp-content\/uploads\/2018\/12\/PMSB_InauguracaoUBS-Mutirao.jpg?resize=250%2C167&amp;ssl=1 250w\" sizes=\"(max-width: 500px) 100vw, 500px\" \/><\/figure><\/div>\n\n\n\n<p>O prefeito do munic\u00edpio de Senhor do Bonfim, Carlos Brasileiro (PT), estar\u00e1 inaugurando nesta sexta-feira, dia 21, \u00e0s 19h, a Unidade B\u00e1sica de Sa\u00fade (UBS) do Mutir\u00e3o, que fica no Alto da Maravilha.<\/p>\n\n\n\n<p>A obra foi encontrada paralisada pela atual gest\u00e3o e retomada. A nova UBS vai beneficiar centenas de pessoas no Alto da Maravilha e adjac\u00eancias.<\/p>\n\n\n\n<p>A UBS Mutir\u00e3o \u00e9 a 38\u00aa obra inaugurada em menos de dois anos e entregue \u00e0 popula\u00e7\u00e3o bonfinense pelo governo Terra do Bom Come\u00e7o.<\/p>\n\n\n\n<p><strong><em>ASCOM &#8211; Prefeitura Municipal de Senhor do Bonfim &#8211; BA<\/em><\/strong><br><em>Telefones: 74 3541-8366<br>Endere\u00e7o: Pra\u00e7a Juracy Magalh\u00e3es, 126<br>E-MAIL: ascom@pmsb.ba.gov.br   <br>SITE OFICIAL: www.pmsb.ba.gov.br<br>FAN PAGE: www.facebook.com\/oficialpmsb<\/em><\/p>\n","protected":false},"excerpt":{"rendered":"<p>O prefeito do munic\u00edpio de Senhor do Bonfim, Carlos Brasileiro (PT), estar\u00e1 inaugurando nesta sexta-feira, dia 21, \u00e0s 19h, a Unidade B\u00e1sica de Sa\u00fade (UBS) do Mutir\u00e3o, que fica no Alto da Maravilha. A obra foi encontrada paralisada pela atual gest\u00e3o e retomada. A nova UBS vai beneficiar centenas de pessoas no Alto da Maravilha [&hellip;]<\/p>\n","protected":false},"author":2,"featured_media":30182,"comment_status":"open","ping_status":"open","sticky":false,"template":"","format":"standard","meta":{"_acf_changed":false,"_monsterinsights_skip_tracking":false,"_monsterinsights_sitenote_active":false,"_monsterinsights_sitenote_note":"","_monsterinsights_sitenote_category":0,"_jetpack_memberships_contains_paid_content":false,"footnotes":"","jetpack_publicize_message":"","jetpack_publicize_feature_enabled":true,"jetpack_social_post_already_shared":true,"jetpack_social_options":{"image_generator_settings":{"template":"highway","default_image_id":0,"font":"","enabled":false},"version":2}},"categories":[1,3,4],"tags":[],"class_list":["post-30181","post","type-post","status-publish","format-standard","has-post-thumbnail","hentry","category-noticias","category-politica","category-local"],"acf":[],"jetpack_publicize_connections":[],"jetpack_featured_media_url":"https:\/\/i0.wp.com\/blogdoeloiltoncajuhy.com.br\/site\/wp-content\/uploads\/2018\/12\/PMSB_InauguracaoUBS-Mutirao.jpg?fit=1000%2C667&ssl=1","jetpack_sharing_enabled":true,"publishpress_future_workflow_manual_trigger":{"enabledWorkflows":[]},"_links":{"self":[{"href":"https:\/\/blogdoeloiltoncajuhy.com.br\/site\/wp-json\/wp\/v2\/posts\/30181","targetHints":{"allow":["GET"]}}],"collection":[{"href":"https:\/\/blogdoeloiltoncajuhy.com.br\/site\/wp-json\/wp\/v2\/posts"}],"about":[{"href":"https:\/\/blogdoeloiltoncajuhy.com.br\/site\/wp-json\/wp\/v2\/types\/post"}],"author":[{"embeddable":true,"href":"https:\/\/blogdoeloiltoncajuhy.com.br\/site\/wp-json\/wp\/v2\/users\/2"}],"replies":[{"embeddable":true,"href":"https:\/\/blogdoeloiltoncajuhy.com.br\/site\/wp-json\/wp\/v2\/comments?post=30181"}],"version-history":[{"count":1,"href":"https:\/\/blogdoeloiltoncajuhy.com.br\/site\/wp-json\/wp\/v2\/posts\/30181\/revisions"}],"predecessor-version":[{"id":30183,"href":"https:\/\/blogdoeloiltoncajuhy.com.br\/site\/wp-json\/wp\/v2\/posts\/30181\/revisions\/30183"}],"wp:featuredmedia":[{"embeddable":true,"href":"https:\/\/blogdoeloiltoncajuhy.com.br\/site\/wp-json\/wp\/v2\/media\/30182"}],"wp:attachment":[{"href":"https:\/\/blogdoeloiltoncajuhy.com.br\/site\/wp-json\/wp\/v2\/media?parent=30181"}],"wp:term":[{"taxonomy":"category","embeddable":true,"href":"https:\/\/blogdoeloiltoncajuhy.com.br\/site\/wp-json\/wp\/v2\/categories?post=30181"},{"taxonomy":"post_tag","embeddable":true,"href":"https:\/\/blogdoeloiltoncajuhy.com.br\/site\/wp-json\/wp\/v2\/tags?post=30181"}],"curies":[{"name":"wp","href":"https:\/\/api.w.org\/{rel}","templated":true}]}}