{"id":30143,"date":"2018-12-20T10:15:11","date_gmt":"2018-12-20T13:15:11","guid":{"rendered":"http:\/\/blogdoeloiltoncajuhy.com.br\/site\/?p=30143"},"modified":"2018-12-20T10:15:18","modified_gmt":"2018-12-20T13:15:18","slug":"prefeito-de-andorinha-participa-de-cafe-da-manha-com-garis","status":"publish","type":"post","link":"https:\/\/blogdoeloiltoncajuhy.com.br\/site\/prefeito-de-andorinha-participa-de-cafe-da-manha-com-garis\/","title":{"rendered":"Prefeito de Andorinha participa de caf\u00e9 da manh\u00e3 com Garis"},"content":{"rendered":"\n<div class=\"wp-block-image\"><figure class=\"aligncenter is-resized\"><img data-recalc-dims=\"1\" fetchpriority=\"high\" decoding=\"async\" src=\"https:\/\/i0.wp.com\/blogdoeloiltoncajuhy.com.br\/site\/wp-content\/uploads\/2018\/12\/RenatoCafeManhaGaris.png?resize=512%2C384\" alt=\"\" class=\"wp-image-30144\" width=\"512\" height=\"384\" srcset=\"https:\/\/i0.wp.com\/blogdoeloiltoncajuhy.com.br\/site\/wp-content\/uploads\/2018\/12\/RenatoCafeManhaGaris.png?resize=1024%2C768&amp;ssl=1 1024w, https:\/\/i0.wp.com\/blogdoeloiltoncajuhy.com.br\/site\/wp-content\/uploads\/2018\/12\/RenatoCafeManhaGaris.png?resize=300%2C225&amp;ssl=1 300w, https:\/\/i0.wp.com\/blogdoeloiltoncajuhy.com.br\/site\/wp-content\/uploads\/2018\/12\/RenatoCafeManhaGaris.png?resize=768%2C576&amp;ssl=1 768w, https:\/\/i0.wp.com\/blogdoeloiltoncajuhy.com.br\/site\/wp-content\/uploads\/2018\/12\/RenatoCafeManhaGaris.png?resize=250%2C188&amp;ssl=1 250w, https:\/\/i0.wp.com\/blogdoeloiltoncajuhy.com.br\/site\/wp-content\/uploads\/2018\/12\/RenatoCafeManhaGaris.png?w=1280&amp;ssl=1 1280w\" sizes=\"(max-width: 512px) 100vw, 512px\" \/><\/figure><\/div>\n\n\n\n<p>O primeiro compromisso da agenda do prefeito de Andorinha, Renato Brand\u00e3o, nesta quarta-feira (19), foi um caf\u00e9 da manh\u00e3 oferecido pela Prefeitura, por meio da Secretaria de Infraestrutura, para os agentes de limpeza e servidores do setor de obras.<\/p>\n\n\n\n<p>A presen\u00e7a do prefeito no caf\u00e9 da manh\u00e3, como ele mesmo frisou, foi mais do que um gesto, mais uma afirma\u00e7\u00e3o do compromisso de sua gest\u00e3o com os andorinhenses.<\/p>\n\n\n\n<p>Nas palavras dirigidas \u00e0 categoria, o prefeito Renato agradeceu a efici\u00eancia no servi\u00e7o de limpeza p\u00fablica. <em>\u201cObrigado a todos voc\u00eas que cuidam da limpeza p\u00fablica com zelo e amor para manter a nossa cidade sempre limpa\u201d<\/em>, destacou o prefeito.<\/p>\n\n\n\n<p>Renato ainda comentou que este ano a maioria dos munic\u00edpios, inclusive Andorinha, passou por in\u00fameras adversidades decorrentes da  crise econ\u00f4mica e financeira que atingiu o pais, mas com  os \u2018p\u00e9s no ch\u00e3o\u2019, administrando de forma s\u00e9ria e respons\u00e1vel, manteve sempre as obriga\u00e7\u00f5es em dia, inclusive o pagamento integral do 13\u00ba sal\u00e1rio dos servidores.<\/p>\n\n\n\n<p>O prefeito ainda aproveitou o momento para agradecer a confian\u00e7a e deixar um a mensagem de fim de ano. <em>\u201cGostaria de agradecer a todos pela confian\u00e7a depositada em mim para administrar o nosso munic\u00edpio. Fiquem com Deus, tenham um feliz natal e um ano novo repleto de conquistas\u201d!<\/em><\/p>\n\n\n\n<p>Quem tamb\u00e9m participou do caf\u00e9 da manh\u00e3, foi a primeira dama, Maria Helena, o secret\u00e1rio de Infraestrutura, Carlos Andr\u00e9 Guimar\u00e3es, a secret\u00e1ria de Educa\u00e7\u00e3o, Lurdineia Almeida, al\u00e9m de diversos servidores.<\/p>\n\n\n\n<p><strong><em>Ascom Prefeitura Municipal de Andorinha-BA<\/em><\/strong><\/p>\n","protected":false},"excerpt":{"rendered":"<p>O primeiro compromisso da agenda do prefeito de Andorinha, Renato Brand\u00e3o, nesta quarta-feira (19), foi um caf\u00e9 da manh\u00e3 oferecido pela Prefeitura, por meio da Secretaria de Infraestrutura, para os agentes de limpeza e servidores do setor de obras. A presen\u00e7a do prefeito no caf\u00e9 da manh\u00e3, como ele mesmo frisou, foi mais do que [&hellip;]<\/p>\n","protected":false},"author":2,"featured_media":30144,"comment_status":"open","ping_status":"open","sticky":false,"template":"","format":"standard","meta":{"_acf_changed":false,"_monsterinsights_skip_tracking":false,"_monsterinsights_sitenote_active":false,"_monsterinsights_sitenote_note":"","_monsterinsights_sitenote_category":0,"_jetpack_memberships_contains_paid_content":false,"footnotes":"","jetpack_publicize_message":"","jetpack_publicize_feature_enabled":true,"jetpack_social_post_already_shared":true,"jetpack_social_options":{"image_generator_settings":{"template":"highway","default_image_id":0,"font":"","enabled":false},"version":2}},"categories":[1,3,11],"tags":[],"class_list":["post-30143","post","type-post","status-publish","format-standard","has-post-thumbnail","hentry","category-noticias","category-politica","category-regional"],"acf":[],"jetpack_publicize_connections":[],"jetpack_featured_media_url":"https:\/\/i0.wp.com\/blogdoeloiltoncajuhy.com.br\/site\/wp-content\/uploads\/2018\/12\/RenatoCafeManhaGaris.png?fit=1280%2C960&ssl=1","jetpack_sharing_enabled":true,"publishpress_future_workflow_manual_trigger":{"enabledWorkflows":[]},"_links":{"self":[{"href":"https:\/\/blogdoeloiltoncajuhy.com.br\/site\/wp-json\/wp\/v2\/posts\/30143","targetHints":{"allow":["GET"]}}],"collection":[{"href":"https:\/\/blogdoeloiltoncajuhy.com.br\/site\/wp-json\/wp\/v2\/posts"}],"about":[{"href":"https:\/\/blogdoeloiltoncajuhy.com.br\/site\/wp-json\/wp\/v2\/types\/post"}],"author":[{"embeddable":true,"href":"https:\/\/blogdoeloiltoncajuhy.com.br\/site\/wp-json\/wp\/v2\/users\/2"}],"replies":[{"embeddable":true,"href":"https:\/\/blogdoeloiltoncajuhy.com.br\/site\/wp-json\/wp\/v2\/comments?post=30143"}],"version-history":[{"count":1,"href":"https:\/\/blogdoeloiltoncajuhy.com.br\/site\/wp-json\/wp\/v2\/posts\/30143\/revisions"}],"predecessor-version":[{"id":30145,"href":"https:\/\/blogdoeloiltoncajuhy.com.br\/site\/wp-json\/wp\/v2\/posts\/30143\/revisions\/30145"}],"wp:featuredmedia":[{"embeddable":true,"href":"https:\/\/blogdoeloiltoncajuhy.com.br\/site\/wp-json\/wp\/v2\/media\/30144"}],"wp:attachment":[{"href":"https:\/\/blogdoeloiltoncajuhy.com.br\/site\/wp-json\/wp\/v2\/media?parent=30143"}],"wp:term":[{"taxonomy":"category","embeddable":true,"href":"https:\/\/blogdoeloiltoncajuhy.com.br\/site\/wp-json\/wp\/v2\/categories?post=30143"},{"taxonomy":"post_tag","embeddable":true,"href":"https:\/\/blogdoeloiltoncajuhy.com.br\/site\/wp-json\/wp\/v2\/tags?post=30143"}],"curies":[{"name":"wp","href":"https:\/\/api.w.org\/{rel}","templated":true}]}}