{"id":30127,"date":"2018-12-19T15:40:42","date_gmt":"2018-12-19T18:40:42","guid":{"rendered":"http:\/\/blogdoeloiltoncajuhy.com.br\/site\/?p=30127"},"modified":"2018-12-19T15:43:50","modified_gmt":"2018-12-19T18:43:50","slug":"seguro-desemprego-pode-ser-solicitado-pela-internet-a-partir-desta-quarta-feira-saiba-como","status":"publish","type":"post","link":"https:\/\/blogdoeloiltoncajuhy.com.br\/site\/seguro-desemprego-pode-ser-solicitado-pela-internet-a-partir-desta-quarta-feira-saiba-como\/","title":{"rendered":"Seguro-desemprego pode ser solicitado pela internet a partir desta quarta-feira; saiba como"},"content":{"rendered":"\n<h5 class=\"wp-block-heading\" style=\"text-align:center\"><em>Pedido online estar\u00e1 dispon\u00edvel a partir das 18h. Trabalhador que pedir o benef\u00edcio deve passar por uma etapa de procura de novas vagas e tamb\u00e9m verificar cursos de qualifica\u00e7\u00e3o<\/em><\/h5>\n\n\n\n<div class=\"wp-block-image\"><figure class=\"aligncenter is-resized\"><img data-recalc-dims=\"1\" fetchpriority=\"high\" decoding=\"async\" src=\"https:\/\/i0.wp.com\/blogdoeloiltoncajuhy.com.br\/site\/wp-content\/uploads\/2018\/01\/desemprego.jpg?resize=614%2C322\" alt=\"\" class=\"wp-image-22621\" width=\"614\" height=\"322\" srcset=\"https:\/\/i0.wp.com\/blogdoeloiltoncajuhy.com.br\/site\/wp-content\/uploads\/2018\/01\/desemprego.jpg?w=450&amp;ssl=1 450w, https:\/\/i0.wp.com\/blogdoeloiltoncajuhy.com.br\/site\/wp-content\/uploads\/2018\/01\/desemprego.jpg?resize=300%2C157&amp;ssl=1 300w, https:\/\/i0.wp.com\/blogdoeloiltoncajuhy.com.br\/site\/wp-content\/uploads\/2018\/01\/desemprego.jpg?resize=250%2C131&amp;ssl=1 250w\" sizes=\"(max-width: 614px) 100vw, 614px\" \/><\/figure><\/div>\n\n\n\n<p>Os trabalhadores poder\u00e3o solicitar a partir desta quarta-feira (19) o seguro-desemprego pela internet.<\/p>\n\n\n\n<p>Por meio do Portal Emprega Brasil, o trabalhador poder\u00e1 fazer todo o processo e liberar o pagamento do segundo-desemprego sem ter que ir presencialmente a uma ag\u00eancia de atendimento do Minist\u00e9rio do Trabalho.<\/p>\n\n\n\n<p>O servi\u00e7o estar\u00e1 dispon\u00edvel a partir das 18h desta quarta-feira.<\/p>\n\n\n\n<p>Segundo o Minist\u00e9rio do Trabalho, as informa\u00e7\u00f5es fornecidas pelo trabalhador ser\u00e3o comparadas com as informa\u00e7\u00f5es da base de dados do governo, como o da Receita Federal.<\/p>\n\n\n\n<p><strong>Saiba o que \u00e9 preciso informar para solicitar o seguro-desemprego:<\/strong><\/p>\n\n\n\n<ol class=\"wp-block-list\"><li>Confirmar os dados do requerimento;<br><\/li><\/ol>\n\n\n\n<p>&nbsp; &nbsp; &nbsp;2. Atualizar informa\u00e7\u00f5es pessoais;<br><\/p>\n\n\n\n<p>&nbsp; &nbsp; &nbsp;3. Atualizar a forma\u00e7\u00e3o acad\u00eamica;<br><\/p>\n\n\n\n<p>&nbsp; &nbsp; &nbsp;4. Indicar as experi\u00eancias profissionais;<br><\/p>\n\n\n\n<p>&nbsp; &nbsp; 5. Indicar os objetivos profissionais;<br><\/p>\n\n\n\n<p>&nbsp; &nbsp; 6. Efetuar pesquisa de vagas de emprego;<br><\/p>\n\n\n\n<p>&nbsp; &nbsp; 7. Verificar a disponibilidade de cursos de qualifica\u00e7\u00e3o;<br><\/p>\n\n\n\n<p>&nbsp; &nbsp; 8. Confirmar a solicita\u00e7\u00e3o do benef\u00edcio.<br><\/p>\n\n\n\n<p>Segundo M\u00e1rcio Borges, coordenador do programa de seguro desemprego do Minist\u00e9rio do Trabalho, a medida vai desafogar as ag\u00eancias do Minist\u00e9rio do Trabalho, al\u00e9m de evitar que trabalhadores tenham que se deslocar por grandes dist\u00e2ncias para garantir o benef\u00edcio.<\/p>\n\n\n\n<p><strong><em>Por La\u00eds Lis, G1 \u2014 Bras\u00edlia<\/em><\/strong><\/p>\n","protected":false},"excerpt":{"rendered":"<p>Pedido online estar\u00e1 dispon\u00edvel a partir das 18h. Trabalhador que pedir o benef\u00edcio deve passar por uma etapa de procura de novas vagas e tamb\u00e9m verificar cursos de qualifica\u00e7\u00e3o Os trabalhadores poder\u00e3o solicitar a partir desta quarta-feira (19) o seguro-desemprego pela internet. Por meio do Portal Emprega Brasil, o trabalhador poder\u00e1 fazer todo o processo [&hellip;]<\/p>\n","protected":false},"author":2,"featured_media":0,"comment_status":"open","ping_status":"open","sticky":false,"template":"","format":"standard","meta":{"_acf_changed":false,"_monsterinsights_skip_tracking":false,"_monsterinsights_sitenote_active":false,"_monsterinsights_sitenote_note":"","_monsterinsights_sitenote_category":0,"_jetpack_memberships_contains_paid_content":false,"footnotes":"","jetpack_publicize_message":"","jetpack_publicize_feature_enabled":true,"jetpack_social_post_already_shared":true,"jetpack_social_options":{"image_generator_settings":{"template":"highway","default_image_id":0,"font":"","enabled":false},"version":2}},"categories":[5,1],"tags":[],"class_list":["post-30127","post","type-post","status-publish","format-standard","hentry","category-cotidiano","category-noticias"],"acf":[],"jetpack_publicize_connections":[],"jetpack_featured_media_url":"","jetpack_sharing_enabled":true,"publishpress_future_workflow_manual_trigger":{"enabledWorkflows":[]},"_links":{"self":[{"href":"https:\/\/blogdoeloiltoncajuhy.com.br\/site\/wp-json\/wp\/v2\/posts\/30127","targetHints":{"allow":["GET"]}}],"collection":[{"href":"https:\/\/blogdoeloiltoncajuhy.com.br\/site\/wp-json\/wp\/v2\/posts"}],"about":[{"href":"https:\/\/blogdoeloiltoncajuhy.com.br\/site\/wp-json\/wp\/v2\/types\/post"}],"author":[{"embeddable":true,"href":"https:\/\/blogdoeloiltoncajuhy.com.br\/site\/wp-json\/wp\/v2\/users\/2"}],"replies":[{"embeddable":true,"href":"https:\/\/blogdoeloiltoncajuhy.com.br\/site\/wp-json\/wp\/v2\/comments?post=30127"}],"version-history":[{"count":2,"href":"https:\/\/blogdoeloiltoncajuhy.com.br\/site\/wp-json\/wp\/v2\/posts\/30127\/revisions"}],"predecessor-version":[{"id":30130,"href":"https:\/\/blogdoeloiltoncajuhy.com.br\/site\/wp-json\/wp\/v2\/posts\/30127\/revisions\/30130"}],"wp:attachment":[{"href":"https:\/\/blogdoeloiltoncajuhy.com.br\/site\/wp-json\/wp\/v2\/media?parent=30127"}],"wp:term":[{"taxonomy":"category","embeddable":true,"href":"https:\/\/blogdoeloiltoncajuhy.com.br\/site\/wp-json\/wp\/v2\/categories?post=30127"},{"taxonomy":"post_tag","embeddable":true,"href":"https:\/\/blogdoeloiltoncajuhy.com.br\/site\/wp-json\/wp\/v2\/tags?post=30127"}],"curies":[{"name":"wp","href":"https:\/\/api.w.org\/{rel}","templated":true}]}}