{"id":30122,"date":"2018-12-19T11:11:05","date_gmt":"2018-12-19T14:11:05","guid":{"rendered":"http:\/\/blogdoeloiltoncajuhy.com.br\/site\/?p=30122"},"modified":"2018-12-19T11:11:11","modified_gmt":"2018-12-19T14:11:11","slug":"prefeitura-de-jaguarari-ira-promover-a-vi-conferencia-municipal-dos-direitos-da-crianca-e-do-adolescente","status":"publish","type":"post","link":"https:\/\/blogdoeloiltoncajuhy.com.br\/site\/prefeitura-de-jaguarari-ira-promover-a-vi-conferencia-municipal-dos-direitos-da-crianca-e-do-adolescente\/","title":{"rendered":"Prefeitura de Jaguarari ir\u00e1 promover a VI Confer\u00eancia Municipal dos Direitos da Crian\u00e7a e do Adolescente"},"content":{"rendered":"\n<div class=\"wp-block-image\"><figure class=\"aligncenter\"><img data-recalc-dims=\"1\" fetchpriority=\"high\" decoding=\"async\" width=\"800\" height=\"571\" src=\"https:\/\/i0.wp.com\/blogdoeloiltoncajuhy.com.br\/site\/wp-content\/uploads\/2018\/12\/JaguarariCoferenciaCriancaAdolescente.jpeg?resize=800%2C571\" alt=\"\" class=\"wp-image-30123\" srcset=\"https:\/\/i0.wp.com\/blogdoeloiltoncajuhy.com.br\/site\/wp-content\/uploads\/2018\/12\/JaguarariCoferenciaCriancaAdolescente.jpeg?resize=1024%2C731&amp;ssl=1 1024w, https:\/\/i0.wp.com\/blogdoeloiltoncajuhy.com.br\/site\/wp-content\/uploads\/2018\/12\/JaguarariCoferenciaCriancaAdolescente.jpeg?resize=300%2C214&amp;ssl=1 300w, https:\/\/i0.wp.com\/blogdoeloiltoncajuhy.com.br\/site\/wp-content\/uploads\/2018\/12\/JaguarariCoferenciaCriancaAdolescente.jpeg?resize=768%2C548&amp;ssl=1 768w, https:\/\/i0.wp.com\/blogdoeloiltoncajuhy.com.br\/site\/wp-content\/uploads\/2018\/12\/JaguarariCoferenciaCriancaAdolescente.jpeg?resize=250%2C179&amp;ssl=1 250w, https:\/\/i0.wp.com\/blogdoeloiltoncajuhy.com.br\/site\/wp-content\/uploads\/2018\/12\/JaguarariCoferenciaCriancaAdolescente.jpeg?w=1280&amp;ssl=1 1280w\" sizes=\"(max-width: 800px) 100vw, 800px\" \/><\/figure><\/div>\n\n\n\n<p>A Prefeitura de Jaguarari, atrav\u00e9s da Secretaria de Desenvolvimento Social, em conjunto com o Conselho Municipal dos Direitos da Crian\u00e7a e do Adolescente &#8211; CMDCA, ir\u00e1 promover nesta sexta-feira (21), a <em>&#8220;VI Confer\u00eancia Municipal dos Direitos da Crian\u00e7a e do Adolescente&#8221;<\/em> com o tema <strong>&#8220;Prote\u00e7\u00e3o integral, diversidade e enfrentamento \u00e0s viol\u00eancias&#8221;<\/strong>. O evento acontecer\u00e1 no Centro Paroquial, a partir das 08h. Contamos com a sua presen\u00e7a!<\/p>\n\n\n\n<p><strong><em>Ascom Prefeitura Municipal de Jaguarari-BA<\/em><\/strong><\/p>\n","protected":false},"excerpt":{"rendered":"<p>A Prefeitura de Jaguarari, atrav\u00e9s da Secretaria de Desenvolvimento Social, em conjunto com o Conselho Municipal dos Direitos da Crian\u00e7a e do Adolescente &#8211; CMDCA, ir\u00e1 promover nesta sexta-feira (21), a &#8220;VI Confer\u00eancia Municipal dos Direitos da Crian\u00e7a e do Adolescente&#8221; com o tema &#8220;Prote\u00e7\u00e3o integral, diversidade e enfrentamento \u00e0s viol\u00eancias&#8221;. O evento acontecer\u00e1 no [&hellip;]<\/p>\n","protected":false},"author":2,"featured_media":30123,"comment_status":"open","ping_status":"open","sticky":false,"template":"","format":"standard","meta":{"_acf_changed":false,"_monsterinsights_skip_tracking":false,"_monsterinsights_sitenote_active":false,"_monsterinsights_sitenote_note":"","_monsterinsights_sitenote_category":0,"_jetpack_memberships_contains_paid_content":false,"footnotes":"","jetpack_publicize_message":"","jetpack_publicize_feature_enabled":true,"jetpack_social_post_already_shared":true,"jetpack_social_options":{"image_generator_settings":{"template":"highway","default_image_id":0,"font":"","enabled":false},"version":2}},"categories":[1,11],"tags":[],"class_list":["post-30122","post","type-post","status-publish","format-standard","has-post-thumbnail","hentry","category-noticias","category-regional"],"acf":[],"jetpack_publicize_connections":[],"jetpack_featured_media_url":"https:\/\/i0.wp.com\/blogdoeloiltoncajuhy.com.br\/site\/wp-content\/uploads\/2018\/12\/JaguarariCoferenciaCriancaAdolescente.jpeg?fit=1280%2C914&ssl=1","jetpack_sharing_enabled":true,"publishpress_future_workflow_manual_trigger":{"enabledWorkflows":[]},"_links":{"self":[{"href":"https:\/\/blogdoeloiltoncajuhy.com.br\/site\/wp-json\/wp\/v2\/posts\/30122","targetHints":{"allow":["GET"]}}],"collection":[{"href":"https:\/\/blogdoeloiltoncajuhy.com.br\/site\/wp-json\/wp\/v2\/posts"}],"about":[{"href":"https:\/\/blogdoeloiltoncajuhy.com.br\/site\/wp-json\/wp\/v2\/types\/post"}],"author":[{"embeddable":true,"href":"https:\/\/blogdoeloiltoncajuhy.com.br\/site\/wp-json\/wp\/v2\/users\/2"}],"replies":[{"embeddable":true,"href":"https:\/\/blogdoeloiltoncajuhy.com.br\/site\/wp-json\/wp\/v2\/comments?post=30122"}],"version-history":[{"count":1,"href":"https:\/\/blogdoeloiltoncajuhy.com.br\/site\/wp-json\/wp\/v2\/posts\/30122\/revisions"}],"predecessor-version":[{"id":30124,"href":"https:\/\/blogdoeloiltoncajuhy.com.br\/site\/wp-json\/wp\/v2\/posts\/30122\/revisions\/30124"}],"wp:featuredmedia":[{"embeddable":true,"href":"https:\/\/blogdoeloiltoncajuhy.com.br\/site\/wp-json\/wp\/v2\/media\/30123"}],"wp:attachment":[{"href":"https:\/\/blogdoeloiltoncajuhy.com.br\/site\/wp-json\/wp\/v2\/media?parent=30122"}],"wp:term":[{"taxonomy":"category","embeddable":true,"href":"https:\/\/blogdoeloiltoncajuhy.com.br\/site\/wp-json\/wp\/v2\/categories?post=30122"},{"taxonomy":"post_tag","embeddable":true,"href":"https:\/\/blogdoeloiltoncajuhy.com.br\/site\/wp-json\/wp\/v2\/tags?post=30122"}],"curies":[{"name":"wp","href":"https:\/\/api.w.org\/{rel}","templated":true}]}}