{"id":30117,"date":"2018-12-19T11:04:15","date_gmt":"2018-12-19T14:04:15","guid":{"rendered":"http:\/\/blogdoeloiltoncajuhy.com.br\/site\/?p=30117"},"modified":"2018-12-19T11:05:14","modified_gmt":"2018-12-19T14:05:14","slug":"secretaria-de-assistencia-social-de-andorinha-vai-realizar-o-natal-encantado-nesta-quinta-feira-20","status":"publish","type":"post","link":"https:\/\/blogdoeloiltoncajuhy.com.br\/site\/secretaria-de-assistencia-social-de-andorinha-vai-realizar-o-natal-encantado-nesta-quinta-feira-20\/","title":{"rendered":"Secretaria de Assist\u00eancia Social de Andorinha vai realizar o \u201cNatal Encantado\u201d nesta quinta-feira, 20"},"content":{"rendered":"\n<figure class=\"wp-block-image\"><img data-recalc-dims=\"1\" fetchpriority=\"high\" decoding=\"async\" width=\"800\" height=\"450\" src=\"https:\/\/i0.wp.com\/blogdoeloiltoncajuhy.com.br\/site\/wp-content\/uploads\/2018\/12\/FestaNatal2018.jpg?resize=800%2C450\" alt=\"\" class=\"wp-image-30120\" srcset=\"https:\/\/i0.wp.com\/blogdoeloiltoncajuhy.com.br\/site\/wp-content\/uploads\/2018\/12\/FestaNatal2018.jpg?w=960&amp;ssl=1 960w, https:\/\/i0.wp.com\/blogdoeloiltoncajuhy.com.br\/site\/wp-content\/uploads\/2018\/12\/FestaNatal2018.jpg?resize=300%2C169&amp;ssl=1 300w, https:\/\/i0.wp.com\/blogdoeloiltoncajuhy.com.br\/site\/wp-content\/uploads\/2018\/12\/FestaNatal2018.jpg?resize=768%2C432&amp;ssl=1 768w, https:\/\/i0.wp.com\/blogdoeloiltoncajuhy.com.br\/site\/wp-content\/uploads\/2018\/12\/FestaNatal2018.jpg?resize=250%2C141&amp;ssl=1 250w\" sizes=\"(max-width: 800px) 100vw, 800px\" \/><\/figure>\n\n\n\n<p>Quem gosta de celebra\u00e7\u00e3o natalina n\u00e3o pode perder o \u201cNatal Encantado\u201d na pr\u00f3xima quinta-feira (20) em Andorinha. A festa de natal come\u00e7a \u00e0s 17 horas com a chegada do Papai Noel na Pra\u00e7a de Eventos. O \u201cbom velhinho\u201d vai distribuir presentes, lanches e doces para a garotada.<\/p>\n\n\n\n<p>Um parquinho com brinquedos infl\u00e1veis ser\u00e1 instalado na pra\u00e7a para divers\u00e3o da crian\u00e7ada ser completa. Na programa\u00e7\u00e3o especial de natal ainda tem, entre outras atra\u00e7\u00f5es, a apresenta\u00e7\u00e3o dos idosos e o ballet das crian\u00e7as do Servi\u00e7o de Conviv\u00eancia e Fortalecimento de V\u00ednculos (SCFV), al\u00e9m da Cantata de Natal   do Centro Municipal de Educa\u00e7\u00e3o Infantil (Cmei).<\/p>\n\n\n\n<p><em>\u201cO objetivo da Prefeitura \u00e9 proporcionar \u00e0s fam\u00edlias momentos de confraterniza\u00e7\u00e3o e solidariedade, envolvendo-as no clima m\u00e1gico de Natal\u201d<\/em>, destacou a secret\u00e1ria de Assist\u00eancia Social, Maria Helena.<\/p>\n\n\n\n<p><strong><em>Ascom Prefeitura Municipal de Andorinha<\/em><\/strong><\/p>\n","protected":false},"excerpt":{"rendered":"<p>Quem gosta de celebra\u00e7\u00e3o natalina n\u00e3o pode perder o \u201cNatal Encantado\u201d na pr\u00f3xima quinta-feira (20) em Andorinha. A festa de natal come\u00e7a \u00e0s 17 horas com a chegada do Papai Noel na Pra\u00e7a de Eventos. O \u201cbom velhinho\u201d vai distribuir presentes, lanches e doces para a garotada. Um parquinho com brinquedos infl\u00e1veis ser\u00e1 instalado na [&hellip;]<\/p>\n","protected":false},"author":2,"featured_media":30120,"comment_status":"open","ping_status":"open","sticky":false,"template":"","format":"standard","meta":{"_acf_changed":false,"_monsterinsights_skip_tracking":false,"_monsterinsights_sitenote_active":false,"_monsterinsights_sitenote_note":"","_monsterinsights_sitenote_category":0,"_jetpack_memberships_contains_paid_content":false,"footnotes":"","jetpack_publicize_message":"","jetpack_publicize_feature_enabled":true,"jetpack_social_post_already_shared":true,"jetpack_social_options":{"image_generator_settings":{"template":"highway","default_image_id":0,"font":"","enabled":false},"version":2}},"categories":[1,11],"tags":[],"class_list":["post-30117","post","type-post","status-publish","format-standard","has-post-thumbnail","hentry","category-noticias","category-regional"],"acf":[],"jetpack_publicize_connections":[],"jetpack_featured_media_url":"https:\/\/i0.wp.com\/blogdoeloiltoncajuhy.com.br\/site\/wp-content\/uploads\/2018\/12\/FestaNatal2018.jpg?fit=960%2C540&ssl=1","jetpack_sharing_enabled":true,"publishpress_future_workflow_manual_trigger":{"enabledWorkflows":[]},"_links":{"self":[{"href":"https:\/\/blogdoeloiltoncajuhy.com.br\/site\/wp-json\/wp\/v2\/posts\/30117","targetHints":{"allow":["GET"]}}],"collection":[{"href":"https:\/\/blogdoeloiltoncajuhy.com.br\/site\/wp-json\/wp\/v2\/posts"}],"about":[{"href":"https:\/\/blogdoeloiltoncajuhy.com.br\/site\/wp-json\/wp\/v2\/types\/post"}],"author":[{"embeddable":true,"href":"https:\/\/blogdoeloiltoncajuhy.com.br\/site\/wp-json\/wp\/v2\/users\/2"}],"replies":[{"embeddable":true,"href":"https:\/\/blogdoeloiltoncajuhy.com.br\/site\/wp-json\/wp\/v2\/comments?post=30117"}],"version-history":[{"count":2,"href":"https:\/\/blogdoeloiltoncajuhy.com.br\/site\/wp-json\/wp\/v2\/posts\/30117\/revisions"}],"predecessor-version":[{"id":30121,"href":"https:\/\/blogdoeloiltoncajuhy.com.br\/site\/wp-json\/wp\/v2\/posts\/30117\/revisions\/30121"}],"wp:featuredmedia":[{"embeddable":true,"href":"https:\/\/blogdoeloiltoncajuhy.com.br\/site\/wp-json\/wp\/v2\/media\/30120"}],"wp:attachment":[{"href":"https:\/\/blogdoeloiltoncajuhy.com.br\/site\/wp-json\/wp\/v2\/media?parent=30117"}],"wp:term":[{"taxonomy":"category","embeddable":true,"href":"https:\/\/blogdoeloiltoncajuhy.com.br\/site\/wp-json\/wp\/v2\/categories?post=30117"},{"taxonomy":"post_tag","embeddable":true,"href":"https:\/\/blogdoeloiltoncajuhy.com.br\/site\/wp-json\/wp\/v2\/tags?post=30117"}],"curies":[{"name":"wp","href":"https:\/\/api.w.org\/{rel}","templated":true}]}}