{"id":30109,"date":"2018-12-19T10:15:07","date_gmt":"2018-12-19T13:15:07","guid":{"rendered":"http:\/\/blogdoeloiltoncajuhy.com.br\/site\/?p=30109"},"modified":"2018-12-19T10:44:39","modified_gmt":"2018-12-19T13:44:39","slug":"mineracao-ameaca-modo-de-vida-das-comunidades-em-senhor-do-bonfim","status":"publish","type":"post","link":"https:\/\/blogdoeloiltoncajuhy.com.br\/site\/mineracao-ameaca-modo-de-vida-das-comunidades-em-senhor-do-bonfim\/","title":{"rendered":"Minera\u00e7\u00e3o amea\u00e7a modo de vida das comunidades em Senhor do Bonfim"},"content":{"rendered":"\n<div class=\"wp-block-image\"><figure class=\"alignleft is-resized\"><img data-recalc-dims=\"1\" fetchpriority=\"high\" decoding=\"async\" src=\"https:\/\/i0.wp.com\/blogdoeloiltoncajuhy.com.br\/site\/wp-content\/uploads\/2018\/12\/CPT-foto.jpg?resize=283%2C472\" alt=\"\" class=\"wp-image-30110\" width=\"283\" height=\"472\" srcset=\"https:\/\/i0.wp.com\/blogdoeloiltoncajuhy.com.br\/site\/wp-content\/uploads\/2018\/12\/CPT-foto.jpg?w=180&amp;ssl=1 180w, https:\/\/i0.wp.com\/blogdoeloiltoncajuhy.com.br\/site\/wp-content\/uploads\/2018\/12\/CPT-foto.jpg?resize=150%2C250&amp;ssl=1 150w\" sizes=\"(max-width: 283px) 100vw, 283px\" \/><\/figure><\/div>\n\n\n\n<p>Entidades sociais e lideran\u00e7as comunit\u00e1rias se reuniram no \u00faltimo dia 4, na sede do Sindicato dos Trabalhadores Rurais (STR), para discutir o avan\u00e7o na pesquisa das mineradoras na Serra do Gado Bravo, extens\u00e3o da Chapada Diamantina, que fica na Cordilheira do Espinha\u00e7o, munic\u00edpio de Senhor do Bonfim.<\/p>\n\n\n\n<p>As comunidades est\u00e3o em uma localiza\u00e7\u00e3o privilegiada. A regi\u00e3o denominada de \u201cGrota\u201d tem a mata verde durante todo o ano e \u00e9 abastecida de frutas e verduras, al\u00e9m de v\u00e1rias nascentes de rios, pertencentes \u00e0 bacia do rio Itapicuru.  H\u00e1 tamb\u00e9m v\u00e1rios a\u00e7udes no munic\u00edpio, tais como o do Sohen, do Quic\u00e9 e da Boa Vista, que ajudam a aliviar a falta d\u2019\u00e1gua nos tempos de seca e que ainda represam riachos.<\/p>\n\n\n\n<p>Na regi\u00e3o \u00e9 poss\u00edvel observar diferentes tipos de vegeta\u00e7\u00e3o, desde a densa mata serrana, remanescente da Mata Atl\u00e2ntica, at\u00e9 a caatinga, sendo um observat\u00f3rio perfeito para quem pretende contemplar ou estudar os aspectos da cobertura vegetal do Nordeste brasileiro.<\/p>\n\n\n\n<p>No primeiro momento do encontro, Ant\u00f4nio C\u00e9lio, agente da Comiss\u00e3o Pastoral da Terra (CPT), fez uma an\u00e1lise dos impactos das mineradoras na regi\u00e3o e a quantidade de empresas que vem fazendo pesquisas na serra, uma amea\u00e7a tanto para a natureza, para a fonte de vida das comunidades e para a popula\u00e7\u00e3o da cidade que \u00e9 abastecida de frutas agroecol\u00f3gicas vindas deste territ\u00f3rio. Em seguida, o professor Gustavo Hees de Negreiro, falou sobre como se d\u00e1 as licen\u00e7as de libera\u00e7\u00e3o de pesquisas, lavras e extra\u00e7\u00e3o.<\/p>\n\n\n\n<p>O Presidente da C\u00e2mara de Senhor do Bonfim, Reinaldo Santana, falou da import\u00e2ncia das comunidades se unirem pela defesa da Serra, conhecida tamb\u00e9m como Caixa D&#8217;\u00c1gua do rio Itapicuru, fonte de vida destas comunidades. Disse ainda que em sess\u00e3o da c\u00e2mara houve um debate sobre a amea\u00e7a de explora\u00e7\u00e3o miner\u00e1ria nesta regi\u00e3o e j\u00e1 tem indicativo de uma audi\u00eancia p\u00fablica.<\/p>\n\n\n\n<p>Segundo a professora Normilza Moura, uma pesquisa realizada pelos alunos da Escola Modelo com a comunidade da Barroca do Faleiro, apresenta o medo da popula\u00e7\u00e3o local com a possibilidade de uma mineradora se instalar na regi\u00e3o e dos estragos que podem trazer para as fam\u00edlias e para a natureza. <em>\u201cImportante que o poder p\u00fablico se posicione de qual lado est\u00e1. N\u00e3o se pode entregar para empresas aquelas \u00e1reas que s\u00e3o fontes de vida, uma \u00e1rea de preserva\u00e7\u00e3o ambiental. Cheio da mata, nascentes e \u00e1gua que alimenta a bacia do Itapicuru\u201d<\/em>, completou.<\/p>\n\n\n\n<p>Devido ao perigo da instala\u00e7\u00e3o das mineradoras, o grupo definiu alguns encaminhamentos, entre eles: fortalecer o trabalho de forma\u00e7\u00e3o e conscientiza\u00e7\u00e3o nas comunidades; e que o presidente da C\u00e2mara mobilize os vereadores de Senhor do Bonfim para a aprova\u00e7\u00e3o no in\u00edcio do ano de 2019 de uma audi\u00eancia p\u00fablica.<\/p>\n\n\n\n<p>Por fim, foi composta uma comiss\u00e3o para preparar a audi\u00eancia e agendar uma conversa com a promotoria p\u00fablica. Entre outras a\u00e7\u00f5es que mobilize as comunidades na luta contra esse modelo de desenvolvimento das mineradoras, que na maioria das vezes, provoca a destrui\u00e7\u00e3o da vida humana e do meio ambiente.<\/p>\n\n\n\n<p>Estiveram presentes na reuni\u00e3o os\/as representantes das comunidades de Barroca de Baixo e de Cima, Moc\u00f3, Varzinha e Curadeira; do STR, da CPT e da Secretaria Municipal da Agricultura Familiar, al\u00e9m do Presidente da C\u00e2mara Municipal e da Bacia do Itapicuru.<\/p>\n\n\n\n<p><strong><em>Texto e foto: Equipe Centro Norte\/ CPT Bahia<\/em><\/strong><\/p>\n","protected":false},"excerpt":{"rendered":"<p>Entidades sociais e lideran\u00e7as comunit\u00e1rias se reuniram no \u00faltimo dia 4, na sede do Sindicato dos Trabalhadores Rurais (STR), para discutir o avan\u00e7o na pesquisa das mineradoras na Serra do Gado Bravo, extens\u00e3o da Chapada Diamantina, que fica na Cordilheira do Espinha\u00e7o, munic\u00edpio de Senhor do Bonfim. As comunidades est\u00e3o em uma localiza\u00e7\u00e3o privilegiada. A [&hellip;]<\/p>\n","protected":false},"author":2,"featured_media":30110,"comment_status":"open","ping_status":"open","sticky":false,"template":"","format":"standard","meta":{"_acf_changed":false,"_monsterinsights_skip_tracking":false,"_monsterinsights_sitenote_active":false,"_monsterinsights_sitenote_note":"","_monsterinsights_sitenote_category":0,"_jetpack_memberships_contains_paid_content":false,"footnotes":"","jetpack_publicize_message":"","jetpack_publicize_feature_enabled":true,"jetpack_social_post_already_shared":true,"jetpack_social_options":{"image_generator_settings":{"template":"highway","default_image_id":0,"font":"","enabled":false},"version":2}},"categories":[1,11,4],"tags":[],"class_list":["post-30109","post","type-post","status-publish","format-standard","has-post-thumbnail","hentry","category-noticias","category-regional","category-local"],"acf":[],"jetpack_publicize_connections":[],"jetpack_featured_media_url":"https:\/\/i0.wp.com\/blogdoeloiltoncajuhy.com.br\/site\/wp-content\/uploads\/2018\/12\/CPT-foto.jpg?fit=180%2C300&ssl=1","jetpack_sharing_enabled":true,"publishpress_future_workflow_manual_trigger":{"enabledWorkflows":[]},"_links":{"self":[{"href":"https:\/\/blogdoeloiltoncajuhy.com.br\/site\/wp-json\/wp\/v2\/posts\/30109","targetHints":{"allow":["GET"]}}],"collection":[{"href":"https:\/\/blogdoeloiltoncajuhy.com.br\/site\/wp-json\/wp\/v2\/posts"}],"about":[{"href":"https:\/\/blogdoeloiltoncajuhy.com.br\/site\/wp-json\/wp\/v2\/types\/post"}],"author":[{"embeddable":true,"href":"https:\/\/blogdoeloiltoncajuhy.com.br\/site\/wp-json\/wp\/v2\/users\/2"}],"replies":[{"embeddable":true,"href":"https:\/\/blogdoeloiltoncajuhy.com.br\/site\/wp-json\/wp\/v2\/comments?post=30109"}],"version-history":[{"count":2,"href":"https:\/\/blogdoeloiltoncajuhy.com.br\/site\/wp-json\/wp\/v2\/posts\/30109\/revisions"}],"predecessor-version":[{"id":30113,"href":"https:\/\/blogdoeloiltoncajuhy.com.br\/site\/wp-json\/wp\/v2\/posts\/30109\/revisions\/30113"}],"wp:featuredmedia":[{"embeddable":true,"href":"https:\/\/blogdoeloiltoncajuhy.com.br\/site\/wp-json\/wp\/v2\/media\/30110"}],"wp:attachment":[{"href":"https:\/\/blogdoeloiltoncajuhy.com.br\/site\/wp-json\/wp\/v2\/media?parent=30109"}],"wp:term":[{"taxonomy":"category","embeddable":true,"href":"https:\/\/blogdoeloiltoncajuhy.com.br\/site\/wp-json\/wp\/v2\/categories?post=30109"},{"taxonomy":"post_tag","embeddable":true,"href":"https:\/\/blogdoeloiltoncajuhy.com.br\/site\/wp-json\/wp\/v2\/tags?post=30109"}],"curies":[{"name":"wp","href":"https:\/\/api.w.org\/{rel}","templated":true}]}}