{"id":30099,"date":"2018-12-18T20:19:30","date_gmt":"2018-12-18T23:19:30","guid":{"rendered":"http:\/\/blogdoeloiltoncajuhy.com.br\/site\/?p=30099"},"modified":"2018-12-18T20:19:36","modified_gmt":"2018-12-18T23:19:36","slug":"dicionario-critico-da-mineracao-e-lancado-em-seminario-na-univasf","status":"publish","type":"post","link":"https:\/\/blogdoeloiltoncajuhy.com.br\/site\/dicionario-critico-da-mineracao-e-lancado-em-seminario-na-univasf\/","title":{"rendered":"\u201cDicion\u00e1rio Cr\u00edtico da Minera\u00e7\u00e3o\u201d \u00e9 lan\u00e7ado em Semin\u00e1rio na Univasf"},"content":{"rendered":"\n<div class=\"wp-block-image\"><figure class=\"aligncenter\"><img data-recalc-dims=\"1\" fetchpriority=\"high\" decoding=\"async\" width=\"800\" height=\"391\" src=\"https:\/\/i0.wp.com\/blogdoeloiltoncajuhy.com.br\/site\/wp-content\/uploads\/2018\/12\/mesafinal.jpg?resize=800%2C391\" alt=\"\" class=\"wp-image-30100\" srcset=\"https:\/\/i0.wp.com\/blogdoeloiltoncajuhy.com.br\/site\/wp-content\/uploads\/2018\/12\/mesafinal.jpg?resize=1024%2C500&amp;ssl=1 1024w, https:\/\/i0.wp.com\/blogdoeloiltoncajuhy.com.br\/site\/wp-content\/uploads\/2018\/12\/mesafinal.jpg?resize=300%2C147&amp;ssl=1 300w, https:\/\/i0.wp.com\/blogdoeloiltoncajuhy.com.br\/site\/wp-content\/uploads\/2018\/12\/mesafinal.jpg?resize=768%2C375&amp;ssl=1 768w, https:\/\/i0.wp.com\/blogdoeloiltoncajuhy.com.br\/site\/wp-content\/uploads\/2018\/12\/mesafinal.jpg?resize=250%2C122&amp;ssl=1 250w, https:\/\/i0.wp.com\/blogdoeloiltoncajuhy.com.br\/site\/wp-content\/uploads\/2018\/12\/mesafinal.jpg?w=1200&amp;ssl=1 1200w\" sizes=\"(max-width: 800px) 100vw, 800px\" \/><\/figure><\/div>\n\n\n\n<p>Aconteceu na noite do dia 05 deste m\u00eas, na Universidade Federal do Vale do S\u00e3o Francisco (UNIVASF), no campus de Senhor do Bonfim (BA), o I Semin\u00e1rio Reflex\u00f5es Socioambientais das Atividades Mineradoras na Bacia do Itapicuru e Brasil, com o tema <em>\u201cDesafios e perspectivas \u2013 Construir Soberania Popular Na Minera\u00e7\u00e3o, um debate urgente e necess\u00e1rio\u201d<\/em> e o lan\u00e7amento do <em>\u201cDicion\u00e1rio Cr\u00edtico da Minera\u00e7\u00e3o\u201d<\/em>.<\/p>\n\n\n\n<p>O evento teve como objetivo o debate sobre as problem\u00e1ticas socioambientais causadas pela atividade mineradora no Brasil e na Bacia do rio Itapicuru, que fica localizada no Nordeste da Bahia.<\/p>\n\n\n\n<p>No primeiro momento foi realizado o lan\u00e7amento do \u201cDicion\u00e1rio Cr\u00edtico da Minera\u00e7\u00e3o\u201d, que foi apresentado por Pablo Montalv\u00e3o, representante do Movimento pela Soberania Popular na Minera\u00e7\u00e3o (MAM), e que tamb\u00e9m participou da mesa redonda.<\/p>\n\n\n\n<p>O produto \u00e9 resultado de um trabalho coletivo de professores\/as e pesquisadores\/as de diversas universidades do pa\u00eds, articulado e coordenado pelo MAM, que pesquisam e produzem de maneira sistem\u00e1tica sobre a ind\u00fastria extrativa do Brasil em v\u00e1rias \u00e1reas de conhecimento, dispostos a demonstrar experi\u00eancias, estudos e reflex\u00f5es sobre a minera\u00e7\u00e3o em suas interfaces com an\u00e1lises j\u00e1 produzidas acerca das rela\u00e7\u00f5es s\u00f3cias, de trabalho, de sa\u00fade, ambientais e de direitos humanos.<\/p>\n\n\n\n<p><em>\u201cO objetivo foi o de construir e socializar uma s\u00edntese de compreens\u00e3o te\u00f3rica da minera\u00e7\u00e3o com base na concep\u00e7\u00e3o produzida e defendida pelos movimentos populares, se transformando, portanto, em um instrumento de estudo e de luta social. Esse trabalho vem com a proposta de que possamos nos debru\u00e7ar sobre a obra, compreendendo como funciona a ind\u00fastria extrativa da minera\u00e7\u00e3o, mas que seja utilizado como um material para anteciparmos as articula\u00e7\u00f5es das empresas mineradoras\u201d<\/em>, afirmou.<\/p>\n\n\n\n<p>No segundo momento do Semin\u00e1rio, Gustavo Negreiros, professor do Colegiado de Geografia (UNIVASF) exp\u00f4s os impactos causados em toda Bacia do Itapicuru pelas atividades mineradoras. <em>\u201cO Rio Itapicuru \u00e9 de muita import\u00e2ncia para essa regi\u00e3o, uma vez que o mesmo vem garantido a sobreviv\u00eancia de fam\u00edlias ribeirinhas, agricultores familiares, camponeses e as popula\u00e7\u00f5es urbanas. E a minera\u00e7\u00e3o tem causado, e ainda causa, danos estrondosos\u201d<\/em>, disse.<\/p>\n\n\n\n<p>Maria Aparecida, agente da Comiss\u00e3o Pastoral da Terra (CPT), apresentou a conjuntura de como tem se dado os conflitos frente aos impactos das mineradoras na Bacia do Itapicuru.<\/p>\n\n\n\n<p><em>\u201cO subsolo pertence \u00e0 uni\u00e3o, e a quem pertence a uni\u00e3o, se n\u00e3o ao povo? \u00c9 entendendo que os superfici\u00e1rios n\u00e3o s\u00e3o apenas usu\u00e1rios da superf\u00edcie do solo, mas s\u00e3o donos e devem usufruir de tudo o que nele est\u00e1, \u00e9 um bem comum que deve estar \u00e0 disposi\u00e7\u00e3o daqueles que querem us\u00e1-los. Na nossa regi\u00e3o, a concentra\u00e7\u00e3o de terras tem aumentado muito, mas agora n\u00e3o mais s\u00f3 pelos fazendeiros, mas pelo avan\u00e7o do capitalismo-extrativista, com as grandes empresas do Agrohidroneg\u00f3cio, que tem se tornado um grande transtorno em nossa regi\u00e3o. Soma a isso as empresas mineradoras, parques e\u00f3licos e solares\u201d<\/em>, enfatizou.<\/p>\n\n\n\n<p>Aparecida ainda relatou que h\u00e1 quase tr\u00eas anos, a CPT faz o acompanhamento de um territ\u00f3rio quilombola com 12 comunidades no munic\u00edpio de Nordestina onde est\u00e1 instalada a LIPARI MINERA\u00c7\u00c3O LTDA, que extrai diamantes. A empresa est\u00e1 dentro do territ\u00f3rio quilombola e com sua chegada come\u00e7ou a criar limites para a popula\u00e7\u00e3o, criando cercas, aumentando o risco de acidentes no percurso de acesso a mina com o tr\u00e1fego de autom\u00f3veis pesados. E ainda assim a empresa insiste que n\u00e3o tem nenhuma responsabilidade com a popula\u00e7\u00e3o impactada e nem com os problemas ali presentes.<\/p>\n\n\n\n<p>Em sua participa\u00e7\u00e3o na mesa redonda, Pablo relatou que \u00e9 complexa a constru\u00e7\u00e3o da organiza\u00e7\u00e3o popular no munic\u00edpio de Nordestina devido a seu processo hist\u00f3rico de nega\u00e7\u00e3o do conhecimento, que hoje reflete em um n\u00edvel alto de analfabetismo. Segundo ele, a LIPARI utiliza na planta de beneficiamento 669 m3 de \u00e1gua\/h o que daria para abastecer 85 resid\u00eancias durante um m\u00eas na cidade, sendo que h\u00e1 fam\u00edlias recebendo \u00e1gua de caminh\u00e3o pipa, e as crian\u00e7as ainda v\u00e3o a escola sem tomar banho por falta de \u00e1gua.<\/p>\n\n\n\n<p><em>\u201cS\u00e3o situa\u00e7\u00f5es como essas que nos causam indigna\u00e7\u00e3o e nos incentivam a sair do conforto de nossas fam\u00edlias, para lutar mais e mais com o povo. A luta pela soberania popular na minera\u00e7\u00e3o n\u00e3o \u00e9 recente, mas de mais de 400 anos de saque dos recursos naturais. Ainda hoje, o Brasil n\u00e3o se reconhece como um pais minerador e \u00e9 por esse motivo, e tantos outros, que lutamos para que possamos reconhecer o quanto foi negado ao povo ao longo da hist\u00f3ria, o acesso ao conhecimento, \u00e0 educa\u00e7\u00e3o e \u00e0 participa\u00e7\u00e3o na constru\u00e7\u00e3o de um projeto de na\u00e7\u00e3o\u201d<\/em>, concluiu.<\/p>\n\n\n\n<p>Para o MAM, a luta da minera\u00e7\u00e3o n\u00e3o se fecha somente no complexo de explora\u00e7\u00e3o da mina, mas se estende por algo muito maior, passando-se pelas barragens de rejeito, as ferrovias e portos que est\u00e3o sempre ligados numa l\u00f3gica de explora\u00e7\u00e3o estrat\u00e9gica em fun\u00e7\u00e3o do fortalecimento do capitalismo internacional via Ind\u00fastria Extrativa da Minera\u00e7\u00e3o em um sistema Neoliberal.<\/p>\n\n\n\n<p><strong><em>Texto: Pablo Montalv\u00e3o\/ Movimento pela Soberania Popular na Minera\u00e7\u00e3o (MAM)<\/em><\/strong><\/p>\n\n\n\n<p><em>Edi\u00e7\u00e3o: Comunica\u00e7\u00e3o CPT BA<\/em><\/p>\n\n\n\n<p><em>Foto: Lucas Zenhas\/ GeografAR \u2013 Universidade Federal da Bahia (UFBA)<\/em><\/p>\n","protected":false},"excerpt":{"rendered":"<p>Aconteceu na noite do dia 05 deste m\u00eas, na Universidade Federal do Vale do S\u00e3o Francisco (UNIVASF), no campus de Senhor do Bonfim (BA), o I Semin\u00e1rio Reflex\u00f5es Socioambientais das Atividades Mineradoras na Bacia do Itapicuru e Brasil, com o tema \u201cDesafios e perspectivas \u2013 Construir Soberania Popular Na Minera\u00e7\u00e3o, um debate urgente e necess\u00e1rio\u201d [&hellip;]<\/p>\n","protected":false},"author":2,"featured_media":30100,"comment_status":"open","ping_status":"open","sticky":false,"template":"","format":"standard","meta":{"_acf_changed":false,"_monsterinsights_skip_tracking":false,"_monsterinsights_sitenote_active":false,"_monsterinsights_sitenote_note":"","_monsterinsights_sitenote_category":0,"_jetpack_memberships_contains_paid_content":false,"footnotes":"","jetpack_publicize_message":"","jetpack_publicize_feature_enabled":true,"jetpack_social_post_already_shared":true,"jetpack_social_options":{"image_generator_settings":{"template":"highway","default_image_id":0,"font":"","enabled":false},"version":2}},"categories":[1],"tags":[],"class_list":["post-30099","post","type-post","status-publish","format-standard","has-post-thumbnail","hentry","category-noticias"],"acf":[],"jetpack_publicize_connections":[],"jetpack_featured_media_url":"https:\/\/i0.wp.com\/blogdoeloiltoncajuhy.com.br\/site\/wp-content\/uploads\/2018\/12\/mesafinal.jpg?fit=1200%2C586&ssl=1","jetpack_sharing_enabled":true,"publishpress_future_workflow_manual_trigger":{"enabledWorkflows":[]},"_links":{"self":[{"href":"https:\/\/blogdoeloiltoncajuhy.com.br\/site\/wp-json\/wp\/v2\/posts\/30099","targetHints":{"allow":["GET"]}}],"collection":[{"href":"https:\/\/blogdoeloiltoncajuhy.com.br\/site\/wp-json\/wp\/v2\/posts"}],"about":[{"href":"https:\/\/blogdoeloiltoncajuhy.com.br\/site\/wp-json\/wp\/v2\/types\/post"}],"author":[{"embeddable":true,"href":"https:\/\/blogdoeloiltoncajuhy.com.br\/site\/wp-json\/wp\/v2\/users\/2"}],"replies":[{"embeddable":true,"href":"https:\/\/blogdoeloiltoncajuhy.com.br\/site\/wp-json\/wp\/v2\/comments?post=30099"}],"version-history":[{"count":1,"href":"https:\/\/blogdoeloiltoncajuhy.com.br\/site\/wp-json\/wp\/v2\/posts\/30099\/revisions"}],"predecessor-version":[{"id":30101,"href":"https:\/\/blogdoeloiltoncajuhy.com.br\/site\/wp-json\/wp\/v2\/posts\/30099\/revisions\/30101"}],"wp:featuredmedia":[{"embeddable":true,"href":"https:\/\/blogdoeloiltoncajuhy.com.br\/site\/wp-json\/wp\/v2\/media\/30100"}],"wp:attachment":[{"href":"https:\/\/blogdoeloiltoncajuhy.com.br\/site\/wp-json\/wp\/v2\/media?parent=30099"}],"wp:term":[{"taxonomy":"category","embeddable":true,"href":"https:\/\/blogdoeloiltoncajuhy.com.br\/site\/wp-json\/wp\/v2\/categories?post=30099"},{"taxonomy":"post_tag","embeddable":true,"href":"https:\/\/blogdoeloiltoncajuhy.com.br\/site\/wp-json\/wp\/v2\/tags?post=30099"}],"curies":[{"name":"wp","href":"https:\/\/api.w.org\/{rel}","templated":true}]}}