{"id":30095,"date":"2018-12-18T18:42:12","date_gmt":"2018-12-18T21:42:12","guid":{"rendered":"http:\/\/blogdoeloiltoncajuhy.com.br\/site\/?p=30095"},"modified":"2018-12-18T18:42:18","modified_gmt":"2018-12-18T21:42:18","slug":"familiares-e-amigos-dao-o-ultimo-adeus-a-ana-paula-morato","status":"publish","type":"post","link":"https:\/\/blogdoeloiltoncajuhy.com.br\/site\/familiares-e-amigos-dao-o-ultimo-adeus-a-ana-paula-morato\/","title":{"rendered":"Familiares e amigos d\u00e3o o \u00faltimo adeus a Ana Paula Morato"},"content":{"rendered":"\n<div class=\"wp-block-image\"><figure class=\"aligncenter\"><img data-recalc-dims=\"1\" fetchpriority=\"high\" decoding=\"async\" width=\"800\" height=\"479\" src=\"https:\/\/i0.wp.com\/blogdoeloiltoncajuhy.com.br\/site\/wp-content\/uploads\/2018\/12\/ana-paula-morato-sepultamento.jpeg?resize=800%2C479\" alt=\"\" class=\"wp-image-30096\" srcset=\"https:\/\/i0.wp.com\/blogdoeloiltoncajuhy.com.br\/site\/wp-content\/uploads\/2018\/12\/ana-paula-morato-sepultamento.jpeg?w=1024&amp;ssl=1 1024w, https:\/\/i0.wp.com\/blogdoeloiltoncajuhy.com.br\/site\/wp-content\/uploads\/2018\/12\/ana-paula-morato-sepultamento.jpeg?resize=300%2C180&amp;ssl=1 300w, https:\/\/i0.wp.com\/blogdoeloiltoncajuhy.com.br\/site\/wp-content\/uploads\/2018\/12\/ana-paula-morato-sepultamento.jpeg?resize=768%2C460&amp;ssl=1 768w, https:\/\/i0.wp.com\/blogdoeloiltoncajuhy.com.br\/site\/wp-content\/uploads\/2018\/12\/ana-paula-morato-sepultamento.jpeg?resize=250%2C150&amp;ssl=1 250w\" sizes=\"(max-width: 800px) 100vw, 800px\" \/><figcaption><em>Foto: George L\u00f4la \/ Bonfim Not\u00edcias<\/em><\/figcaption><\/figure><\/div>\n\n\n\n<p>Por volta das 10h da manh\u00e3 desta ter\u00e7a-feira (18), familiares e amigos puderam dar o \u00faltimo adeus \u00e0 empres\u00e1ria bonfinense Ana Paula Morato.<\/p>\n\n\n\n<p>O cortejo f\u00fanebre saiu do Memorial Vila Nova, onde o corpo estava sendo velado desde a tarde de segunda-feira (17), e percorreu algumas ruas de Senhor do Bonfim at\u00e9 chegar ao cemit\u00e9rio Jardim da Saudade, onde foi sepultado.<\/p>\n\n\n\n<figure class=\"wp-block-image\"><img data-recalc-dims=\"1\" decoding=\"async\" width=\"800\" height=\"488\" src=\"https:\/\/i0.wp.com\/blogdoeloiltoncajuhy.com.br\/site\/wp-content\/uploads\/2018\/12\/ana-paula-morato-sepultamento2.jpeg?resize=800%2C488\" alt=\"\" class=\"wp-image-30097\" srcset=\"https:\/\/i0.wp.com\/blogdoeloiltoncajuhy.com.br\/site\/wp-content\/uploads\/2018\/12\/ana-paula-morato-sepultamento2.jpeg?w=1024&amp;ssl=1 1024w, https:\/\/i0.wp.com\/blogdoeloiltoncajuhy.com.br\/site\/wp-content\/uploads\/2018\/12\/ana-paula-morato-sepultamento2.jpeg?resize=300%2C183&amp;ssl=1 300w, https:\/\/i0.wp.com\/blogdoeloiltoncajuhy.com.br\/site\/wp-content\/uploads\/2018\/12\/ana-paula-morato-sepultamento2.jpeg?resize=768%2C469&amp;ssl=1 768w, https:\/\/i0.wp.com\/blogdoeloiltoncajuhy.com.br\/site\/wp-content\/uploads\/2018\/12\/ana-paula-morato-sepultamento2.jpeg?resize=250%2C153&amp;ssl=1 250w\" sizes=\"(max-width: 800px) 100vw, 800px\" \/><figcaption><em>Foto: George L\u00f4la \/ Bonfim Not\u00edcias<\/em><\/figcaption><\/figure>\n\n\n\n<p>Ana Paula tinha 36 anos e trabalhava na administra\u00e7\u00e3o da loja Stela Magazine em Senhor do Bonfim ao lado da m\u00e3e, Auristela Morato.<\/p>\n\n\n\n<p>Ana Paula Morato faleceu na madrugada desta segunda-feira. Ela dirigia na BA-220, pr\u00f3ximo \u00e0 Campo Formoso, quando perdeu o controle do seu carro, que acabou capotando. Ela deixa duas filhas.<\/p>\n\n\n\n<p><strong><em>Bonfim Not\u00edcias<\/em><\/strong><\/p>\n","protected":false},"excerpt":{"rendered":"<p>Por volta das 10h da manh\u00e3 desta ter\u00e7a-feira (18), familiares e amigos puderam dar o \u00faltimo adeus \u00e0 empres\u00e1ria bonfinense Ana Paula Morato. O cortejo f\u00fanebre saiu do Memorial Vila Nova, onde o corpo estava sendo velado desde a tarde de segunda-feira (17), e percorreu algumas ruas de Senhor do Bonfim at\u00e9 chegar ao cemit\u00e9rio [&hellip;]<\/p>\n","protected":false},"author":2,"featured_media":30097,"comment_status":"open","ping_status":"open","sticky":false,"template":"","format":"standard","meta":{"_acf_changed":false,"_monsterinsights_skip_tracking":false,"_monsterinsights_sitenote_active":false,"_monsterinsights_sitenote_note":"","_monsterinsights_sitenote_category":0,"_jetpack_memberships_contains_paid_content":false,"footnotes":"","jetpack_publicize_message":"","jetpack_publicize_feature_enabled":true,"jetpack_social_post_already_shared":true,"jetpack_social_options":{"image_generator_settings":{"template":"highway","default_image_id":0,"font":"","enabled":false},"version":2}},"categories":[1,4],"tags":[],"class_list":["post-30095","post","type-post","status-publish","format-standard","has-post-thumbnail","hentry","category-noticias","category-local"],"acf":[],"jetpack_publicize_connections":[],"jetpack_featured_media_url":"https:\/\/i0.wp.com\/blogdoeloiltoncajuhy.com.br\/site\/wp-content\/uploads\/2018\/12\/ana-paula-morato-sepultamento2.jpeg?fit=1024%2C625&ssl=1","jetpack_sharing_enabled":true,"publishpress_future_workflow_manual_trigger":{"enabledWorkflows":[]},"_links":{"self":[{"href":"https:\/\/blogdoeloiltoncajuhy.com.br\/site\/wp-json\/wp\/v2\/posts\/30095","targetHints":{"allow":["GET"]}}],"collection":[{"href":"https:\/\/blogdoeloiltoncajuhy.com.br\/site\/wp-json\/wp\/v2\/posts"}],"about":[{"href":"https:\/\/blogdoeloiltoncajuhy.com.br\/site\/wp-json\/wp\/v2\/types\/post"}],"author":[{"embeddable":true,"href":"https:\/\/blogdoeloiltoncajuhy.com.br\/site\/wp-json\/wp\/v2\/users\/2"}],"replies":[{"embeddable":true,"href":"https:\/\/blogdoeloiltoncajuhy.com.br\/site\/wp-json\/wp\/v2\/comments?post=30095"}],"version-history":[{"count":1,"href":"https:\/\/blogdoeloiltoncajuhy.com.br\/site\/wp-json\/wp\/v2\/posts\/30095\/revisions"}],"predecessor-version":[{"id":30098,"href":"https:\/\/blogdoeloiltoncajuhy.com.br\/site\/wp-json\/wp\/v2\/posts\/30095\/revisions\/30098"}],"wp:featuredmedia":[{"embeddable":true,"href":"https:\/\/blogdoeloiltoncajuhy.com.br\/site\/wp-json\/wp\/v2\/media\/30097"}],"wp:attachment":[{"href":"https:\/\/blogdoeloiltoncajuhy.com.br\/site\/wp-json\/wp\/v2\/media?parent=30095"}],"wp:term":[{"taxonomy":"category","embeddable":true,"href":"https:\/\/blogdoeloiltoncajuhy.com.br\/site\/wp-json\/wp\/v2\/categories?post=30095"},{"taxonomy":"post_tag","embeddable":true,"href":"https:\/\/blogdoeloiltoncajuhy.com.br\/site\/wp-json\/wp\/v2\/tags?post=30095"}],"curies":[{"name":"wp","href":"https:\/\/api.w.org\/{rel}","templated":true}]}}