{"id":30084,"date":"2018-12-18T12:33:11","date_gmt":"2018-12-18T15:33:11","guid":{"rendered":"http:\/\/blogdoeloiltoncajuhy.com.br\/site\/?p=30084"},"modified":"2018-12-18T12:33:18","modified_gmt":"2018-12-18T15:33:18","slug":"bobo-e-diplomado-deputado-estadual-em-sessao-solene-da-justica-eleitoral","status":"publish","type":"post","link":"https:\/\/blogdoeloiltoncajuhy.com.br\/site\/bobo-e-diplomado-deputado-estadual-em-sessao-solene-da-justica-eleitoral\/","title":{"rendered":"Bob\u00f4 \u00e9 diplomado deputado estadual em sess\u00e3o solene da Justi\u00e7a Eleitoral"},"content":{"rendered":"\n<div class=\"wp-block-image\"><figure class=\"aligncenter is-resized\"><img data-recalc-dims=\"1\" fetchpriority=\"high\" decoding=\"async\" src=\"https:\/\/i0.wp.com\/blogdoeloiltoncajuhy.com.br\/site\/wp-content\/uploads\/2018\/12\/DeputadoBoboDiploma%C3%A7%C3%A3o.jpg?resize=482%2C321\" alt=\"\" class=\"wp-image-30085\" width=\"482\" height=\"321\" srcset=\"https:\/\/i0.wp.com\/blogdoeloiltoncajuhy.com.br\/site\/wp-content\/uploads\/2018\/12\/DeputadoBoboDiploma%C3%A7%C3%A3o.jpg?resize=1024%2C683&amp;ssl=1 1024w, https:\/\/i0.wp.com\/blogdoeloiltoncajuhy.com.br\/site\/wp-content\/uploads\/2018\/12\/DeputadoBoboDiploma%C3%A7%C3%A3o.jpg?resize=300%2C200&amp;ssl=1 300w, https:\/\/i0.wp.com\/blogdoeloiltoncajuhy.com.br\/site\/wp-content\/uploads\/2018\/12\/DeputadoBoboDiploma%C3%A7%C3%A3o.jpg?resize=768%2C512&amp;ssl=1 768w, https:\/\/i0.wp.com\/blogdoeloiltoncajuhy.com.br\/site\/wp-content\/uploads\/2018\/12\/DeputadoBoboDiploma%C3%A7%C3%A3o.jpg?resize=250%2C167&amp;ssl=1 250w, https:\/\/i0.wp.com\/blogdoeloiltoncajuhy.com.br\/site\/wp-content\/uploads\/2018\/12\/DeputadoBoboDiploma%C3%A7%C3%A3o.jpg?w=1224&amp;ssl=1 1224w\" sizes=\"(max-width: 482px) 100vw, 482px\" \/><\/figure><\/div>\n\n\n\n<p>Eleito com 57.716 votos para o segundo mandato na Assembleia Legislativa da Bahia, o deputado estadual Bob\u00f4 foi diplomado pelo Tribunal Regional Eleitoral da Bahia (TRE-BA), nesta segunda-feira (17), \u00e0s 15h, na sala principal do Teatro Castro Alves (TCA).<\/p>\n\n\n\n<p><em>\u201cQuero dividir o momento especial com os amigos, familiares, a minha equipe e todos que acreditaram no nosso projeto e que caminharam conosco durante o primeiro mandato e no recente processo eleitoral. Vamos iniciar um novo ciclo de trabalho com a mesma dedica\u00e7\u00e3o e responsabilidade de sempre, a favor dos interesses dos baianos\u201d<\/em>, afirmou Bob\u00f4. <\/p>\n\n\n\n<p>Animado com o bom desempenho do PCdoB nas elei\u00e7\u00f5es, o parlamentar tamb\u00e9m celebrou bastante a diploma\u00e7\u00e3o dos companheiros de partido. <\/p>\n\n\n\n<p><em>\u201cConseguimos eleger dois deputados federais, cinco estaduais (maior bancada no legislativo em toda hist\u00f3ria) e ainda garantimos, pela primeira vez, a presen\u00e7a do PCdoB na chapa majorit\u00e1ria eleita no Estado. Com isso, sa\u00edmos das elei\u00e7\u00f5es mais fortalecidos e com muita disposi\u00e7\u00e3o para continuarmos lutando, democraticamente, pelos direitos do nosso povo\u201d<\/em>, concluiu.<\/p>\n\n\n\n<p>Dentre os 138 diplomados est\u00e3o o governador Rui Costa, o vice Jo\u00e3o Le\u00e3o e os demais eleitos em outubro para o Senado, a C\u00e2mara Federal e Assembleia Legislativa. Por concess\u00e3o do presidente do TRE, desembargador Jos\u00e9 Rotondano, Bob\u00f4 recebeu o diploma das m\u00e3os de Mariana, sua filha ca\u00e7ula.  <\/p>\n\n\n\n<p>Com a entrega do documento, a Justi\u00e7a Eleitoral confirma que os eleitos est\u00e3o aptos a assumir os cargos. O pr\u00f3ximo passo \u00e9 a posse, que acontece em primeiro de janeiro para governador e vice, e primeiro de fevereiro para senadores e deputados.<\/p>\n\n\n\n<p><strong><em>Ascom Deputado Bob\u00f4<\/em><\/strong><\/p>\n","protected":false},"excerpt":{"rendered":"<p>Eleito com 57.716 votos para o segundo mandato na Assembleia Legislativa da Bahia, o deputado estadual Bob\u00f4 foi diplomado pelo Tribunal Regional Eleitoral da Bahia (TRE-BA), nesta segunda-feira (17), \u00e0s 15h, na sala principal do Teatro Castro Alves (TCA). \u201cQuero dividir o momento especial com os amigos, familiares, a minha equipe e todos que acreditaram [&hellip;]<\/p>\n","protected":false},"author":2,"featured_media":30085,"comment_status":"open","ping_status":"open","sticky":false,"template":"","format":"standard","meta":{"_acf_changed":false,"_monsterinsights_skip_tracking":false,"_monsterinsights_sitenote_active":false,"_monsterinsights_sitenote_note":"","_monsterinsights_sitenote_category":0,"_jetpack_memberships_contains_paid_content":false,"footnotes":"","jetpack_publicize_message":"","jetpack_publicize_feature_enabled":true,"jetpack_social_post_already_shared":true,"jetpack_social_options":{"image_generator_settings":{"template":"highway","default_image_id":0,"font":"","enabled":false},"version":2}},"categories":[1,3,4],"tags":[],"class_list":["post-30084","post","type-post","status-publish","format-standard","has-post-thumbnail","hentry","category-noticias","category-politica","category-local"],"acf":[],"jetpack_publicize_connections":[],"jetpack_featured_media_url":"https:\/\/i0.wp.com\/blogdoeloiltoncajuhy.com.br\/site\/wp-content\/uploads\/2018\/12\/DeputadoBoboDiploma%C3%A7%C3%A3o.jpg?fit=1224%2C816&ssl=1","jetpack_sharing_enabled":true,"publishpress_future_workflow_manual_trigger":{"enabledWorkflows":[]},"_links":{"self":[{"href":"https:\/\/blogdoeloiltoncajuhy.com.br\/site\/wp-json\/wp\/v2\/posts\/30084","targetHints":{"allow":["GET"]}}],"collection":[{"href":"https:\/\/blogdoeloiltoncajuhy.com.br\/site\/wp-json\/wp\/v2\/posts"}],"about":[{"href":"https:\/\/blogdoeloiltoncajuhy.com.br\/site\/wp-json\/wp\/v2\/types\/post"}],"author":[{"embeddable":true,"href":"https:\/\/blogdoeloiltoncajuhy.com.br\/site\/wp-json\/wp\/v2\/users\/2"}],"replies":[{"embeddable":true,"href":"https:\/\/blogdoeloiltoncajuhy.com.br\/site\/wp-json\/wp\/v2\/comments?post=30084"}],"version-history":[{"count":1,"href":"https:\/\/blogdoeloiltoncajuhy.com.br\/site\/wp-json\/wp\/v2\/posts\/30084\/revisions"}],"predecessor-version":[{"id":30086,"href":"https:\/\/blogdoeloiltoncajuhy.com.br\/site\/wp-json\/wp\/v2\/posts\/30084\/revisions\/30086"}],"wp:featuredmedia":[{"embeddable":true,"href":"https:\/\/blogdoeloiltoncajuhy.com.br\/site\/wp-json\/wp\/v2\/media\/30085"}],"wp:attachment":[{"href":"https:\/\/blogdoeloiltoncajuhy.com.br\/site\/wp-json\/wp\/v2\/media?parent=30084"}],"wp:term":[{"taxonomy":"category","embeddable":true,"href":"https:\/\/blogdoeloiltoncajuhy.com.br\/site\/wp-json\/wp\/v2\/categories?post=30084"},{"taxonomy":"post_tag","embeddable":true,"href":"https:\/\/blogdoeloiltoncajuhy.com.br\/site\/wp-json\/wp\/v2\/tags?post=30084"}],"curies":[{"name":"wp","href":"https:\/\/api.w.org\/{rel}","templated":true}]}}