{"id":30070,"date":"2018-12-17T20:37:35","date_gmt":"2018-12-17T23:37:35","guid":{"rendered":"http:\/\/blogdoeloiltoncajuhy.com.br\/site\/?p=30070"},"modified":"2018-12-17T20:38:59","modified_gmt":"2018-12-17T23:38:59","slug":"a-dor-proxima-de-um-desconhecido","status":"publish","type":"post","link":"https:\/\/blogdoeloiltoncajuhy.com.br\/site\/a-dor-proxima-de-um-desconhecido\/","title":{"rendered":"A dor pr\u00f3xima de um desconhecido"},"content":{"rendered":"\n<h5 class=\"wp-block-heading\" style=\"text-align:right\"><em><strong>Por Marcos Ces\u00e1rio<\/strong><\/em><\/h5>\n\n\n\n<div class=\"wp-block-image\"><figure class=\"aligncenter is-resized\"><img data-recalc-dims=\"1\" fetchpriority=\"high\" decoding=\"async\" src=\"https:\/\/i0.wp.com\/blogdoeloiltoncajuhy.com.br\/site\/wp-content\/uploads\/2018\/12\/ana-paula-morato-2.jpg?resize=226%2C300\" alt=\"\" class=\"wp-image-30071\" width=\"226\" height=\"300\" srcset=\"https:\/\/i0.wp.com\/blogdoeloiltoncajuhy.com.br\/site\/wp-content\/uploads\/2018\/12\/ana-paula-morato-2.jpg?w=720&amp;ssl=1 720w, https:\/\/i0.wp.com\/blogdoeloiltoncajuhy.com.br\/site\/wp-content\/uploads\/2018\/12\/ana-paula-morato-2.jpg?resize=225%2C300&amp;ssl=1 225w, https:\/\/i0.wp.com\/blogdoeloiltoncajuhy.com.br\/site\/wp-content\/uploads\/2018\/12\/ana-paula-morato-2.jpg?resize=188%2C250&amp;ssl=1 188w\" sizes=\"(max-width: 226px) 100vw, 226px\" \/><figcaption><em>Reprodu\u00e7\u00e3o \/ Facebook<\/em><\/figcaption><\/figure><\/div>\n\n\n\n<p>Cresci te vendo crescer nas ruas da cidade onde eu tamb\u00e9m crescia e, desde sempre, te achei linda. Te via sempre de longe e, das poucas vezes que te vi de perto, fingi que te olhava de longe. Mas eu, sempre que podia, te olhava com aten\u00e7\u00e3o e com uma certa admira\u00e7\u00e3o.<br><\/p>\n\n\n\n<p>O que eu admirava em voc\u00ea? N\u00e3o sei exatamente. Eu imaginava voc\u00ea pela sua forma simples de caminhar na rua. Admirava sua forma de olhar sem encarar. Admirava a aus\u00eancia de sua voz que nunca ouvi. N\u00e3o sei dizer. N\u00e3o sei\u2026<br><\/p>\n\n\n\n<p>E agora, agora mesmo, acabo de saber que voc\u00ea morreu esta madrugada, em um tr\u00e1gico acidente de carro. E me vem esta tristeza sincera pelas palavras que nunca lhe disse, pelo olhar que nunca lhe ofereci de perto. <\/p>\n\n\n\n<p>N\u00e3o sei quem era voc\u00ea de verdade. E quem sabe quem \u00e9 quem de verdade? Acho que ningu\u00e9m\u2026 Mas lamento a morte de quem imaginei ouvir, olhar, conhecer de perto. Agora lamento tanto n\u00e3o ter deixado voc\u00ea ver o quanto eu te olhava.<br><\/p>\n\n\n\n<p>Querida, estou sentindo sua morte. N\u00e3o sei dizer, muito bem, como e onde estou sentindo sua morte. Mas espero que aceite esta dor estranha de um pr\u00f3ximo e triste desconhecido.<\/p>\n\n\n\n<p><strong><em>Homenagem do Fot\u00f3grafo bonfinense, Marcos Ces\u00e1rio, em mem\u00f3ria de Ana Paula Morato, morta em acidente de carro, na madrugada desta segunda-feira (17)<\/em><\/strong><\/p>\n","protected":false},"excerpt":{"rendered":"<p>Por Marcos Ces\u00e1rio Cresci te vendo crescer nas ruas da cidade onde eu tamb\u00e9m crescia e, desde sempre, te achei linda. Te via sempre de longe e, das poucas vezes que te vi de perto, fingi que te olhava de longe. Mas eu, sempre que podia, te olhava com aten\u00e7\u00e3o e com uma certa admira\u00e7\u00e3o. [&hellip;]<\/p>\n","protected":false},"author":2,"featured_media":30071,"comment_status":"open","ping_status":"open","sticky":false,"template":"","format":"standard","meta":{"_acf_changed":false,"_monsterinsights_skip_tracking":false,"_monsterinsights_sitenote_active":false,"_monsterinsights_sitenote_note":"","_monsterinsights_sitenote_category":0,"_jetpack_memberships_contains_paid_content":false,"footnotes":"","jetpack_publicize_message":"","jetpack_publicize_feature_enabled":true,"jetpack_social_post_already_shared":true,"jetpack_social_options":{"image_generator_settings":{"template":"highway","default_image_id":0,"font":"","enabled":false},"version":2}},"categories":[1,2,4],"tags":[],"class_list":["post-30070","post","type-post","status-publish","format-standard","has-post-thumbnail","hentry","category-noticias","category-opiniao","category-local"],"acf":[],"jetpack_publicize_connections":[],"jetpack_featured_media_url":"https:\/\/i0.wp.com\/blogdoeloiltoncajuhy.com.br\/site\/wp-content\/uploads\/2018\/12\/ana-paula-morato-2.jpg?fit=720%2C960&ssl=1","jetpack_sharing_enabled":true,"publishpress_future_workflow_manual_trigger":{"enabledWorkflows":[]},"_links":{"self":[{"href":"https:\/\/blogdoeloiltoncajuhy.com.br\/site\/wp-json\/wp\/v2\/posts\/30070","targetHints":{"allow":["GET"]}}],"collection":[{"href":"https:\/\/blogdoeloiltoncajuhy.com.br\/site\/wp-json\/wp\/v2\/posts"}],"about":[{"href":"https:\/\/blogdoeloiltoncajuhy.com.br\/site\/wp-json\/wp\/v2\/types\/post"}],"author":[{"embeddable":true,"href":"https:\/\/blogdoeloiltoncajuhy.com.br\/site\/wp-json\/wp\/v2\/users\/2"}],"replies":[{"embeddable":true,"href":"https:\/\/blogdoeloiltoncajuhy.com.br\/site\/wp-json\/wp\/v2\/comments?post=30070"}],"version-history":[{"count":2,"href":"https:\/\/blogdoeloiltoncajuhy.com.br\/site\/wp-json\/wp\/v2\/posts\/30070\/revisions"}],"predecessor-version":[{"id":30073,"href":"https:\/\/blogdoeloiltoncajuhy.com.br\/site\/wp-json\/wp\/v2\/posts\/30070\/revisions\/30073"}],"wp:featuredmedia":[{"embeddable":true,"href":"https:\/\/blogdoeloiltoncajuhy.com.br\/site\/wp-json\/wp\/v2\/media\/30071"}],"wp:attachment":[{"href":"https:\/\/blogdoeloiltoncajuhy.com.br\/site\/wp-json\/wp\/v2\/media?parent=30070"}],"wp:term":[{"taxonomy":"category","embeddable":true,"href":"https:\/\/blogdoeloiltoncajuhy.com.br\/site\/wp-json\/wp\/v2\/categories?post=30070"},{"taxonomy":"post_tag","embeddable":true,"href":"https:\/\/blogdoeloiltoncajuhy.com.br\/site\/wp-json\/wp\/v2\/tags?post=30070"}],"curies":[{"name":"wp","href":"https:\/\/api.w.org\/{rel}","templated":true}]}}