{"id":30066,"date":"2018-12-17T20:14:25","date_gmt":"2018-12-17T23:14:25","guid":{"rendered":"http:\/\/blogdoeloiltoncajuhy.com.br\/site\/?p=30066"},"modified":"2018-12-17T20:14:31","modified_gmt":"2018-12-17T23:14:31","slug":"campanha-para-valorizar-oficio-das-baianas-de-acaraje-e-lancada-em-salvador","status":"publish","type":"post","link":"https:\/\/blogdoeloiltoncajuhy.com.br\/site\/campanha-para-valorizar-oficio-das-baianas-de-acaraje-e-lancada-em-salvador\/","title":{"rendered":"Campanha para valorizar of\u00edcio das baianas de acaraj\u00e9 \u00e9 lan\u00e7ada em Salvador"},"content":{"rendered":"\n<div class=\"wp-block-image\"><figure class=\"aligncenter is-resized\"><img data-recalc-dims=\"1\" fetchpriority=\"high\" decoding=\"async\" src=\"https:\/\/i0.wp.com\/blogdoeloiltoncajuhy.com.br\/site\/wp-content\/uploads\/2018\/12\/baianas-acaraje_dez-2018.jpg?resize=509%2C375\" alt=\"\" class=\"wp-image-30067\" width=\"509\" height=\"375\" srcset=\"https:\/\/i0.wp.com\/blogdoeloiltoncajuhy.com.br\/site\/wp-content\/uploads\/2018\/12\/baianas-acaraje_dez-2018.jpg?w=380&amp;ssl=1 380w, https:\/\/i0.wp.com\/blogdoeloiltoncajuhy.com.br\/site\/wp-content\/uploads\/2018\/12\/baianas-acaraje_dez-2018.jpg?resize=300%2C221&amp;ssl=1 300w, https:\/\/i0.wp.com\/blogdoeloiltoncajuhy.com.br\/site\/wp-content\/uploads\/2018\/12\/baianas-acaraje_dez-2018.jpg?resize=250%2C184&amp;ssl=1 250w\" sizes=\"(max-width: 509px) 100vw, 509px\" \/><figcaption><em>Foto: Bahia Not\u00edcias \/ Lara Teixeira<\/em><\/figcaption><\/figure><\/div>\n\n\n\n<p>A pedido da Associa\u00e7\u00e3o Nacional das Baianas de Acaraj\u00e9 (Abam) foi criada uma campanha, lan\u00e7ada nesta segunda-feira (17), no Espa\u00e7o Cultural da Barroquinha, em Salvador, sobre a valoriza\u00e7\u00e3o do Of\u00edcio das Baianas de Acaraj\u00e9.<\/p>\n\n\n\n<p>O projeto contou com o apoio do Instituto do Patrim\u00f4nio Hist\u00f3rico e Art\u00edstico Nacional (Iphan) do Minist\u00e9rio da Cultura e com diversas parcerias, como Margareth Menezes, que cedeu sua imagem e voz para o document\u00e1rio, al\u00e9m da ag\u00eancia de publicidade NBS, que ajudou a articular e engajar apoiadores em Salvador para a produ\u00e7\u00e3o dos produtos. <\/p>\n\n\n\n<p>Durante a coletiva de imprensa de lan\u00e7amento da campanha que aconteceu nesta segunda, o superintendente do Iphan na Bahia, Bruno Tavares, explicou que o objetivo principal da iniciativa \u00e9 manter a <em>&#8220;tradi\u00e7\u00e3o e ancestralidade&#8221;<\/em> das baianas de acaraj\u00e9. Ele destacou que <em>&#8220;essas s\u00e3o as duas coisas que precisam ser prezadas&#8221;<\/em> no momento de produ\u00e7\u00e3o do alimento. <\/p>\n\n\n\n<p>Tavares ainda afirmou que sem a tradi\u00e7\u00e3o e a ancestralidade, o acaraj\u00e9 \u00e9 apenas um <em>&#8220;bolinho de feij\u00e3o&#8221;<\/em>. Para ele, como se trata de algo cultural, esses dois aspectos destacados s\u00e3o fundamentais para a cria\u00e7\u00e3o da comida de matriz africana. <\/p>\n\n\n\n<p>Tamb\u00e9m presente na coletiva, a presidente da Abam, Rita Santos afirmou que a campanha \u00e9 <em>&#8220;muito importante para as baianas&#8221;<\/em> e para preservar o of\u00edcio das baianas de acaraj\u00e9, que se tornou Patrim\u00f4nio Cultural do Brasil desde 2005.<\/p>\n\n\n\n<p>Al\u00e9m disso, Rita informou que s\u00e3o poucas as baianas que vendem de fato acaraj\u00e9, e durante um ano s\u00f3 conseguiu entregar o selo a 20 baianas. <em>&#8220;As baianas precisam estar dentro do contexto. Existe um decreto municipal da prefeitura dizendo que a baiana tem que estar de bata, saia e torso e se n\u00e3o estiver ela recebe uma multa. Mas isso n\u00e3o \u00e9 fiscalizado pela prefeitura&#8221;<\/em>, explica Rita. <\/p>\n\n\n\n<p>Como resultado da campanha, a presidente da Abam espera que a popula\u00e7\u00e3o passe a <em>&#8220;cobrar e vigiar&#8221;<\/em> as profissionais de Salvador. <em>&#8220;Salvador \u00e9 o lugar onde tudo nasceu e tudo est\u00e1 se perdendo. A campanha chega como um resgate para as verdadeiras vendedoras baianas que lutaram para que o acaraj\u00e9 tivesse o nome que tem. Est\u00e1 dif\u00edcil achar uma baiana tradicional na cidade&#8221;<\/em>, aponta Santos. <\/p>\n\n\n\n<p>O diretor do Departamento de Patrim\u00f4nio Imaterial, Hermano Queiroz, ressaltou na coletiva que <em>&#8220;as baianas s\u00e3o os nossos patrim\u00f4nios vivos&#8221;<\/em>. E sobre o registro do of\u00edcio das baianas de acaraj\u00e9, ele destacou que \u00e9 <em>&#8220;um dos bens culturais mais representativos do Brasil&#8221;<\/em>. <\/p>\n\n\n\n<p><em>&#8220;O registro \u00e9 um instrumento de luta pol\u00edtica e garante direitos para as baianas. O acaraj\u00e9 n\u00e3o \u00e9 uma comida qualquer, ele \u00e9 um s\u00edmbolo identit\u00e1rio do nosso estado e do Brasil&#8221;<\/em>. <\/p>\n\n\n\n<p>J\u00e1 o secret\u00e1rio de Cultura e Turismo de Salvador, Cl\u00e1udio Tinoco, falou sobre a import\u00e2ncia de fazer com que a campanha chegue at\u00e9 os turistas. <em>&#8220;Pessoas que pretendem vir a Salvador normalmente fazem buscas, ent\u00e3o nada melhor do que eles encontrarem a campanha e quando forem consumir o acaraj\u00e9, eles j\u00e1 podem entender a import\u00e2ncia de se dirigir \u00e0 baiana tradicional&#8221;<\/em>.  <\/p>\n\n\n\n<p>O secret\u00e1rio ainda informou que os v\u00eddeos e as pe\u00e7as publicit\u00e1rias ser\u00e3o disponibilizadas nas redes sociais da prefeitura.<\/p>\n\n\n\n<p><strong><em>Bahia Not\u00edcias<\/em><\/strong><\/p>\n","protected":false},"excerpt":{"rendered":"<p>A pedido da Associa\u00e7\u00e3o Nacional das Baianas de Acaraj\u00e9 (Abam) foi criada uma campanha, lan\u00e7ada nesta segunda-feira (17), no Espa\u00e7o Cultural da Barroquinha, em Salvador, sobre a valoriza\u00e7\u00e3o do Of\u00edcio das Baianas de Acaraj\u00e9. O projeto contou com o apoio do Instituto do Patrim\u00f4nio Hist\u00f3rico e Art\u00edstico Nacional (Iphan) do Minist\u00e9rio da Cultura e com [&hellip;]<\/p>\n","protected":false},"author":2,"featured_media":30067,"comment_status":"open","ping_status":"open","sticky":false,"template":"","format":"standard","meta":{"_acf_changed":false,"_monsterinsights_skip_tracking":false,"_monsterinsights_sitenote_active":false,"_monsterinsights_sitenote_note":"","_monsterinsights_sitenote_category":0,"_jetpack_memberships_contains_paid_content":false,"footnotes":"","jetpack_publicize_message":"","jetpack_publicize_feature_enabled":true,"jetpack_social_post_already_shared":true,"jetpack_social_options":{"image_generator_settings":{"template":"highway","default_image_id":0,"font":"","enabled":false},"version":2}},"categories":[8,1],"tags":[],"class_list":["post-30066","post","type-post","status-publish","format-standard","has-post-thumbnail","hentry","category-cultura","category-noticias"],"acf":[],"jetpack_publicize_connections":[],"jetpack_featured_media_url":"https:\/\/i0.wp.com\/blogdoeloiltoncajuhy.com.br\/site\/wp-content\/uploads\/2018\/12\/baianas-acaraje_dez-2018.jpg?fit=380%2C280&ssl=1","jetpack_sharing_enabled":true,"publishpress_future_workflow_manual_trigger":{"enabledWorkflows":[]},"_links":{"self":[{"href":"https:\/\/blogdoeloiltoncajuhy.com.br\/site\/wp-json\/wp\/v2\/posts\/30066","targetHints":{"allow":["GET"]}}],"collection":[{"href":"https:\/\/blogdoeloiltoncajuhy.com.br\/site\/wp-json\/wp\/v2\/posts"}],"about":[{"href":"https:\/\/blogdoeloiltoncajuhy.com.br\/site\/wp-json\/wp\/v2\/types\/post"}],"author":[{"embeddable":true,"href":"https:\/\/blogdoeloiltoncajuhy.com.br\/site\/wp-json\/wp\/v2\/users\/2"}],"replies":[{"embeddable":true,"href":"https:\/\/blogdoeloiltoncajuhy.com.br\/site\/wp-json\/wp\/v2\/comments?post=30066"}],"version-history":[{"count":1,"href":"https:\/\/blogdoeloiltoncajuhy.com.br\/site\/wp-json\/wp\/v2\/posts\/30066\/revisions"}],"predecessor-version":[{"id":30068,"href":"https:\/\/blogdoeloiltoncajuhy.com.br\/site\/wp-json\/wp\/v2\/posts\/30066\/revisions\/30068"}],"wp:featuredmedia":[{"embeddable":true,"href":"https:\/\/blogdoeloiltoncajuhy.com.br\/site\/wp-json\/wp\/v2\/media\/30067"}],"wp:attachment":[{"href":"https:\/\/blogdoeloiltoncajuhy.com.br\/site\/wp-json\/wp\/v2\/media?parent=30066"}],"wp:term":[{"taxonomy":"category","embeddable":true,"href":"https:\/\/blogdoeloiltoncajuhy.com.br\/site\/wp-json\/wp\/v2\/categories?post=30066"},{"taxonomy":"post_tag","embeddable":true,"href":"https:\/\/blogdoeloiltoncajuhy.com.br\/site\/wp-json\/wp\/v2\/tags?post=30066"}],"curies":[{"name":"wp","href":"https:\/\/api.w.org\/{rel}","templated":true}]}}