{"id":30060,"date":"2018-12-17T19:54:28","date_gmt":"2018-12-17T22:54:28","guid":{"rendered":"http:\/\/blogdoeloiltoncajuhy.com.br\/site\/?p=30060"},"modified":"2018-12-17T19:54:36","modified_gmt":"2018-12-17T22:54:36","slug":"educacao-universidades-publicas-na-bahia-tem-mais-de-cinco-mil-vagas-pelo-sisu","status":"publish","type":"post","link":"https:\/\/blogdoeloiltoncajuhy.com.br\/site\/educacao-universidades-publicas-na-bahia-tem-mais-de-cinco-mil-vagas-pelo-sisu\/","title":{"rendered":"Educa\u00e7\u00e3o: Universidades p\u00fablicas na Bahia t\u00eam mais de cinco mil vagas pelo Sisu"},"content":{"rendered":"\n<h5 class=\"wp-block-heading\" style=\"text-align:center\"><em>Candidatos devem se inscrever no per\u00edodo de 22 a 25 de janeiro de 2019, no site do Sistema de Sele\u00e7\u00e3o Unificada (Sisu)<\/em><\/h5>\n\n\n\n<p>Universidades p\u00fablicas na Bahia divulgaram o quadro de vagas dos cursos dispon\u00edveis no Sistema de Sele\u00e7\u00e3o Unificada (Sisu) 2019.1.<\/p>\n\n\n\n<p>Os candidatos devem fazer a inscri\u00e7\u00e3o no per\u00edodo de 22 a 25 de janeiro de 2019, no&nbsp;<a href=\"http:\/\/sisu.mec.gov.br\/\" target=\"_blank\" rel=\"noreferrer noopener\">site&nbsp;<\/a>do Sisu. O resultado ser\u00e1 divulgado no dia 28 de janeiro.<\/p>\n\n\n\n<p>As matr\u00edculas da chamada regular est\u00e3o marcadas pelo Sistema entre os dias 30 de janeiro a 4 de fevereiro. \u00c9 importante que cada participante observe os dias, hor\u00e1rios e locais de atendimento definidos por cada institui\u00e7\u00e3o em edital pr\u00f3prio.<\/p>\n\n\n\n<p>O prazo para manifestar interesse na lista de espera vai de 28 de janeiro a 4 de fevereiro.<\/p>\n\n\n\n<ul class=\"wp-block-list\"><li><a href=\"https:\/\/ufsb.edu.br\/images\/editais\/2018\/Edital-39-2018\/Edital_39-2018.pdf\" target=\"_blank\" rel=\"noreferrer noopener\"><strong>Veja edital do processo seletivo Sisu 2019<\/strong><\/a><\/li><\/ul>\n\n\n\n<h2 class=\"wp-block-heading\"><strong>Universidade do Estado da Bahia (Uneb)<\/strong><\/h2>\n\n\n\n<div class=\"wp-block-image\"><figure class=\"aligncenter is-resized\"><img data-recalc-dims=\"1\" fetchpriority=\"high\" decoding=\"async\" src=\"https:\/\/i0.wp.com\/blogdoeloiltoncajuhy.com.br\/site\/wp-content\/uploads\/2017\/05\/uneb-salvador.jpg?resize=584%2C329\" alt=\"\" class=\"wp-image-17651\" width=\"584\" height=\"329\" srcset=\"https:\/\/i0.wp.com\/blogdoeloiltoncajuhy.com.br\/site\/wp-content\/uploads\/2017\/05\/uneb-salvador.jpg?w=540&amp;ssl=1 540w, https:\/\/i0.wp.com\/blogdoeloiltoncajuhy.com.br\/site\/wp-content\/uploads\/2017\/05\/uneb-salvador.jpg?resize=300%2C169&amp;ssl=1 300w, https:\/\/i0.wp.com\/blogdoeloiltoncajuhy.com.br\/site\/wp-content\/uploads\/2017\/05\/uneb-salvador.jpg?resize=250%2C141&amp;ssl=1 250w\" sizes=\"(max-width: 584px) 100vw, 584px\" \/><\/figure><\/div>\n\n\n\n<ul class=\"wp-block-list\"><li><strong>N\u00ba de Vagas<\/strong>: 1.226 vagas, al\u00e9m de 425 sobrevagas<\/li><li><strong>N\u00ba de cursos<\/strong>: 81 cursos (Ci\u00eancias Cont\u00e1beis, Administra\u00e7\u00e3o, Letras\/L\u00edngua Espanhola e Literaturas, Direito, Hist\u00f3ria, Pedagogia, Psicologia, Jogos Digitais, Nutri\u00e7\u00e3o, Enfermagem, Fonoaudiologia, Fisioterapia, Farm\u00e1cia, Medicina, Ci\u00eancias Biol\u00f3gicas, Matem\u00e1tica, Engenharia Sanit\u00e1ria e Ambiental, Letras\/L\u00edngua Francesa e Literaturas, Educa\u00e7\u00e3o F\u00edsica, Engenharia Agron\u00f4mica, Engenharia de Bioprocessos e Biotecnologia, Letras\/L\u00edngua Inglesa e Literaturas, Hist\u00f3ria, Educa\u00e7\u00e3o F\u00edsica, Geografia, Engenharia de Minas, Ci\u00eancias Cont\u00e1beis, Enfermagem, Teatro, Ci\u00eancias Biol\u00f3gicas, Arqueologia, Engenharia Agron\u00f4mica, Letras\/L\u00edngua Portuguesa e Literaturas, Matem\u00e1tica, Pedagogia, Hist\u00f3ria, Letras\/L\u00edngua Portuguesa e Literaturas, Educa\u00e7\u00e3o F\u00edsica , Comunica\u00e7\u00e3o Social \/ R\u00e1dio e TV , Turismo, Engenharia de Pesca e Engenharia Sanit\u00e1ria e Ambiental.<\/li><\/ul>\n\n\n\n<h2 class=\"wp-block-heading\"><a href=\"https:\/\/g1.globo.com\/ba\/bahia\/noticia\/2018\/11\/27\/uefs-tem-968-vagas-em-29-opcoes-cursos-para-o-semestre-20192-confira-lista.ghtml\">Universidade Estadual de Feira de Santana (Uefs)<\/a><\/h2>\n\n\n\n<div class=\"wp-block-image\"><figure class=\"aligncenter\"><img data-recalc-dims=\"1\" decoding=\"async\" width=\"800\" height=\"535\" src=\"https:\/\/i0.wp.com\/blogdoeloiltoncajuhy.com.br\/site\/wp-content\/uploads\/2018\/12\/uefs.jpg?resize=800%2C535\" alt=\"\" class=\"wp-image-30061\" srcset=\"https:\/\/i0.wp.com\/blogdoeloiltoncajuhy.com.br\/site\/wp-content\/uploads\/2018\/12\/uefs.jpg?w=984&amp;ssl=1 984w, https:\/\/i0.wp.com\/blogdoeloiltoncajuhy.com.br\/site\/wp-content\/uploads\/2018\/12\/uefs.jpg?resize=300%2C201&amp;ssl=1 300w, https:\/\/i0.wp.com\/blogdoeloiltoncajuhy.com.br\/site\/wp-content\/uploads\/2018\/12\/uefs.jpg?resize=768%2C514&amp;ssl=1 768w, https:\/\/i0.wp.com\/blogdoeloiltoncajuhy.com.br\/site\/wp-content\/uploads\/2018\/12\/uefs.jpg?resize=250%2C167&amp;ssl=1 250w\" sizes=\"(max-width: 800px) 100vw, 800px\" \/><figcaption><em>S\u00e3o 968 vagas distribu\u00eddas em 29 cursos \u2014 Foto: Divulga\u00e7\u00e3o<\/em><\/figcaption><\/figure><\/div>\n\n\n\n<ul class=\"wp-block-list\"><li><strong>N\u00ba de Vagas:<\/strong>&nbsp;968 vagas<\/li><li><strong>N\u00ba de cursos<\/strong>:&nbsp;<a href=\"http:\/\/www.uefs.br\/2018\/11\/2265\/Uefs-divulga-quadro-de-vagas-para-ingresso-pelo-Sisu.html\" target=\"_blank\" rel=\"noreferrer noopener\">29<\/a><\/li><\/ul>\n\n\n\n<h2 class=\"wp-block-heading\">Universidade Federal do Rec\u00f4ncavo da Bahia (UFRB)<\/h2>\n\n\n\n<div class=\"wp-block-image\"><figure class=\"aligncenter\"><img data-recalc-dims=\"1\" decoding=\"async\" width=\"800\" height=\"600\" src=\"https:\/\/i0.wp.com\/blogdoeloiltoncajuhy.com.br\/site\/wp-content\/uploads\/2018\/12\/ufrb.jpg?resize=800%2C600\" alt=\"\" class=\"wp-image-30062\" srcset=\"https:\/\/i0.wp.com\/blogdoeloiltoncajuhy.com.br\/site\/wp-content\/uploads\/2018\/12\/ufrb.jpg?w=984&amp;ssl=1 984w, https:\/\/i0.wp.com\/blogdoeloiltoncajuhy.com.br\/site\/wp-content\/uploads\/2018\/12\/ufrb.jpg?resize=300%2C225&amp;ssl=1 300w, https:\/\/i0.wp.com\/blogdoeloiltoncajuhy.com.br\/site\/wp-content\/uploads\/2018\/12\/ufrb.jpg?resize=768%2C576&amp;ssl=1 768w, https:\/\/i0.wp.com\/blogdoeloiltoncajuhy.com.br\/site\/wp-content\/uploads\/2018\/12\/ufrb.jpg?resize=250%2C188&amp;ssl=1 250w\" sizes=\"(max-width: 800px) 100vw, 800px\" \/><figcaption><em>UFRB \u2014 Foto: Reprodu\u00e7\u00e3o\/TV Suba\u00e9<\/em><\/figcaption><\/figure><\/div>\n\n\n\n<ul class=\"wp-block-list\"><li><strong>N\u00ba de Vagas<\/strong>: 1.200 vagas<\/li><li><strong>N\u00ba de cursos<\/strong>: 30 (Agroecologia, Agronomia, Biologia, Gest\u00e3o de Cooperativas, Medicina Veterin\u00e1ria, Ci\u00eancias Exatas e Tecn\u00f3logicas, Engenharia Sanit\u00e1ria e Ambiental, Publicidade e Propaganda, Servi\u00e7o Social, Filosofia, Letras, Matem\u00e1tica, Pedagogia, Enfermagem, Nutri\u00e7\u00e3o, Psicologia, Medicina, Interdisciplinar em Energia e Sustentabilidade, Engenharia de Tecnologia Assistiva e Acessibilidade, Engenharia de Produ\u00e7\u00e3o, Engenharia de Materiais, Engenharia de Energias, Artes do Espet\u00e1culo, Inter. Cultura, Linguagens e Tecnologias Aplicadas, Interdisciplinar em Ci\u00eancias Ambientais, Interdisciplinar em Artes (Licenciatura), M\u00fasica Popular Brasileira (Licenciatura), Pol\u00edtica e Gest\u00e3o Cultural(Tecnol\u00f3gico) e Produ\u00e7\u00e3o Musical(Tecnol\u00f3gico).<\/li><\/ul>\n\n\n\n<h2 class=\"wp-block-heading\">Universidade Federal do Oeste da Bahia (Ufob)<\/h2>\n\n\n\n<div class=\"wp-block-image\"><figure class=\"aligncenter\"><img data-recalc-dims=\"1\" loading=\"lazy\" decoding=\"async\" width=\"800\" height=\"530\" src=\"https:\/\/i0.wp.com\/blogdoeloiltoncajuhy.com.br\/site\/wp-content\/uploads\/2018\/12\/ufob.jpg?resize=800%2C530\" alt=\"\" class=\"wp-image-30063\" srcset=\"https:\/\/i0.wp.com\/blogdoeloiltoncajuhy.com.br\/site\/wp-content\/uploads\/2018\/12\/ufob.jpg?w=984&amp;ssl=1 984w, https:\/\/i0.wp.com\/blogdoeloiltoncajuhy.com.br\/site\/wp-content\/uploads\/2018\/12\/ufob.jpg?resize=300%2C199&amp;ssl=1 300w, https:\/\/i0.wp.com\/blogdoeloiltoncajuhy.com.br\/site\/wp-content\/uploads\/2018\/12\/ufob.jpg?resize=768%2C509&amp;ssl=1 768w, https:\/\/i0.wp.com\/blogdoeloiltoncajuhy.com.br\/site\/wp-content\/uploads\/2018\/12\/ufob.jpg?resize=250%2C166&amp;ssl=1 250w\" sizes=\"(max-width: 800px) 100vw, 800px\" \/><figcaption><em>Na Ufob, s\u00e3o 1028 vagas e 30 op\u00e7\u00f5es de curso \u2014 Foto: Divulga\u00e7\u00e3o<\/em><\/figcaption><\/figure><\/div>\n\n\n\n<ul class=\"wp-block-list\"><li><strong>N\u00ba de Vagas<\/strong>: 1.028 vagas<\/li><li><strong>N\u00ba de cursos<\/strong>: 30 cursos (Administra\u00e7\u00e3o, Agronomia, Artes Visuais, Ci\u00eancia e Tecnologia, Ci\u00eancias Biol\u00f3gicas, Direito, Engenharia Civil, Engenharia da Biotecnologia, Engenharia de Produ\u00e7\u00e3o, Engenharia El\u00e9trica, Engenharia Mec\u00e2nica, Engenharia Sanit\u00e1ria e Ambiental, Farm\u00e1cia, F\u00edsica, Geografia, Geologia, Hist\u00f3ria, Humanidades, Matem\u00e1tica, Medicina, Medicina Veterin\u00e1ria, Nutri\u00e7\u00e3o, Publicidade e Propaganda e Qu\u00edmica)<\/li><\/ul>\n\n\n\n<h2 class=\"wp-block-heading\">Universidade Federal do Sul da Bahia (UFSB)<\/h2>\n\n\n\n<div class=\"wp-block-image\"><figure class=\"aligncenter\"><img data-recalc-dims=\"1\" loading=\"lazy\" decoding=\"async\" width=\"800\" height=\"501\" src=\"https:\/\/i0.wp.com\/blogdoeloiltoncajuhy.com.br\/site\/wp-content\/uploads\/2018\/12\/ufsb.jpg?resize=800%2C501\" alt=\"\" class=\"wp-image-30064\" srcset=\"https:\/\/i0.wp.com\/blogdoeloiltoncajuhy.com.br\/site\/wp-content\/uploads\/2018\/12\/ufsb.jpg?w=984&amp;ssl=1 984w, https:\/\/i0.wp.com\/blogdoeloiltoncajuhy.com.br\/site\/wp-content\/uploads\/2018\/12\/ufsb.jpg?resize=300%2C188&amp;ssl=1 300w, https:\/\/i0.wp.com\/blogdoeloiltoncajuhy.com.br\/site\/wp-content\/uploads\/2018\/12\/ufsb.jpg?resize=768%2C481&amp;ssl=1 768w, https:\/\/i0.wp.com\/blogdoeloiltoncajuhy.com.br\/site\/wp-content\/uploads\/2018\/12\/ufsb.jpg?resize=250%2C157&amp;ssl=1 250w\" sizes=\"(max-width: 800px) 100vw, 800px\" \/><figcaption><em>Campus de Porto Seguro da Universidade Federal do Sul da Bahia \u2014 Foto: Divulga\u00e7\u00e3o\/ UFSB<\/em><\/figcaption><\/figure><\/div>\n\n\n\n<ul class=\"wp-block-list\"><li><strong>N\u00ba de Vagas<\/strong>: 930 vagas<\/li><li><strong>N\u00ba de cursos<\/strong>: 8 cursos (BI Artes, BI em Ci\u00eancias, BI em Humanidades, Licenciatura em Artes, Licenciatura em Ci\u00eancias da Natureza, Licenciatura em Linguagens e Licenciatura em Matem\u00e1tica).<\/li><\/ul>\n\n\n\n<p><strong><em>Por G1 BA<\/em><\/strong><\/p>\n","protected":false},"excerpt":{"rendered":"<p>Candidatos devem se inscrever no per\u00edodo de 22 a 25 de janeiro de 2019, no site do Sistema de Sele\u00e7\u00e3o Unificada (Sisu) Universidades p\u00fablicas na Bahia divulgaram o quadro de vagas dos cursos dispon\u00edveis no Sistema de Sele\u00e7\u00e3o Unificada (Sisu) 2019.1. Os candidatos devem fazer a inscri\u00e7\u00e3o no per\u00edodo de 22 a 25 de janeiro [&hellip;]<\/p>\n","protected":false},"author":2,"featured_media":30064,"comment_status":"open","ping_status":"open","sticky":false,"template":"","format":"standard","meta":{"_acf_changed":false,"_monsterinsights_skip_tracking":false,"_monsterinsights_sitenote_active":false,"_monsterinsights_sitenote_note":"","_monsterinsights_sitenote_category":0,"_jetpack_memberships_contains_paid_content":false,"footnotes":"","jetpack_publicize_message":"","jetpack_publicize_feature_enabled":true,"jetpack_social_post_already_shared":true,"jetpack_social_options":{"image_generator_settings":{"template":"highway","default_image_id":0,"font":"","enabled":false},"version":2}},"categories":[14,1],"tags":[],"class_list":["post-30060","post","type-post","status-publish","format-standard","has-post-thumbnail","hentry","category-educacao","category-noticias"],"acf":[],"jetpack_publicize_connections":[],"jetpack_featured_media_url":"https:\/\/i0.wp.com\/blogdoeloiltoncajuhy.com.br\/site\/wp-content\/uploads\/2018\/12\/ufsb.jpg?fit=984%2C616&ssl=1","jetpack_sharing_enabled":true,"publishpress_future_workflow_manual_trigger":{"enabledWorkflows":[]},"_links":{"self":[{"href":"https:\/\/blogdoeloiltoncajuhy.com.br\/site\/wp-json\/wp\/v2\/posts\/30060","targetHints":{"allow":["GET"]}}],"collection":[{"href":"https:\/\/blogdoeloiltoncajuhy.com.br\/site\/wp-json\/wp\/v2\/posts"}],"about":[{"href":"https:\/\/blogdoeloiltoncajuhy.com.br\/site\/wp-json\/wp\/v2\/types\/post"}],"author":[{"embeddable":true,"href":"https:\/\/blogdoeloiltoncajuhy.com.br\/site\/wp-json\/wp\/v2\/users\/2"}],"replies":[{"embeddable":true,"href":"https:\/\/blogdoeloiltoncajuhy.com.br\/site\/wp-json\/wp\/v2\/comments?post=30060"}],"version-history":[{"count":1,"href":"https:\/\/blogdoeloiltoncajuhy.com.br\/site\/wp-json\/wp\/v2\/posts\/30060\/revisions"}],"predecessor-version":[{"id":30065,"href":"https:\/\/blogdoeloiltoncajuhy.com.br\/site\/wp-json\/wp\/v2\/posts\/30060\/revisions\/30065"}],"wp:featuredmedia":[{"embeddable":true,"href":"https:\/\/blogdoeloiltoncajuhy.com.br\/site\/wp-json\/wp\/v2\/media\/30064"}],"wp:attachment":[{"href":"https:\/\/blogdoeloiltoncajuhy.com.br\/site\/wp-json\/wp\/v2\/media?parent=30060"}],"wp:term":[{"taxonomy":"category","embeddable":true,"href":"https:\/\/blogdoeloiltoncajuhy.com.br\/site\/wp-json\/wp\/v2\/categories?post=30060"},{"taxonomy":"post_tag","embeddable":true,"href":"https:\/\/blogdoeloiltoncajuhy.com.br\/site\/wp-json\/wp\/v2\/tags?post=30060"}],"curies":[{"name":"wp","href":"https:\/\/api.w.org\/{rel}","templated":true}]}}