{"id":30055,"date":"2018-12-17T18:53:08","date_gmt":"2018-12-17T21:53:08","guid":{"rendered":"http:\/\/blogdoeloiltoncajuhy.com.br\/site\/?p=30055"},"modified":"2018-12-17T18:54:07","modified_gmt":"2018-12-17T21:54:07","slug":"politica-governador-senadores-deputados-federais-e-estaduais-da-bahia-sao-diplomados-para-exercer-as-funcoes","status":"publish","type":"post","link":"https:\/\/blogdoeloiltoncajuhy.com.br\/site\/politica-governador-senadores-deputados-federais-e-estaduais-da-bahia-sao-diplomados-para-exercer-as-funcoes\/","title":{"rendered":"POL\u00cdTICA: Governador, senadores, deputados federais e estaduais da Bahia s\u00e3o diplomados para exercer as fun\u00e7\u00f5es"},"content":{"rendered":"\n<h5 class=\"wp-block-heading\" style=\"text-align:center\"><em>Posse do governador e vice reeleitos ser\u00e1 no dia 1\u00b0 de janeiro; senadores e deputados assumem mandato em 1\u00b0 de fevereiro<\/em><\/h5>\n\n\n\n<div class=\"wp-block-image\"><figure class=\"aligncenter is-resized\"><img data-recalc-dims=\"1\" fetchpriority=\"high\" decoding=\"async\" src=\"https:\/\/i0.wp.com\/blogdoeloiltoncajuhy.com.br\/site\/wp-content\/uploads\/2018\/12\/posse-eleitosBA_2018.jpeg?resize=535%2C401\" alt=\"\" class=\"wp-image-30056\" width=\"535\" height=\"401\" srcset=\"https:\/\/i0.wp.com\/blogdoeloiltoncajuhy.com.br\/site\/wp-content\/uploads\/2018\/12\/posse-eleitosBA_2018.jpeg?w=984&amp;ssl=1 984w, https:\/\/i0.wp.com\/blogdoeloiltoncajuhy.com.br\/site\/wp-content\/uploads\/2018\/12\/posse-eleitosBA_2018.jpeg?resize=300%2C225&amp;ssl=1 300w, https:\/\/i0.wp.com\/blogdoeloiltoncajuhy.com.br\/site\/wp-content\/uploads\/2018\/12\/posse-eleitosBA_2018.jpeg?resize=768%2C576&amp;ssl=1 768w, https:\/\/i0.wp.com\/blogdoeloiltoncajuhy.com.br\/site\/wp-content\/uploads\/2018\/12\/posse-eleitosBA_2018.jpeg?resize=250%2C188&amp;ssl=1 250w\" sizes=\"(max-width: 535px) 100vw, 535px\" \/><figcaption><em>Governador reeleito, Rui Costa foi diplomado nesta segunda-feira (17) \u2014 Foto: Itana Alencar\/ G1<\/em><\/figcaption><\/figure><\/div>\n\n\n\n<p>A cerim\u00f4nia de diploma\u00e7\u00e3o do governador Rui Costa (PT), al\u00e9m dos senadores e deputados federais e estaduais, eleitos em outubro, foi realizada pelo Tribunal Regional Eleitoral da Bahia (TRE-BA) na tarde desta segunda-feira (17), em cerim\u00f4nia na Sala Principal do Teatro Castro Alves (TCA), em Salvador.<\/p>\n\n\n\n<p>Rui Costa foi reeleito junto ao vice-governador Jo\u00e3o Le\u00e3o, com 75,50% dos votos. Com a entrega dos diplomas, a Justi\u00e7a Eleitoral confirma que os dois est\u00e3o aptos a tomar posse dos cargos pleiteados a partir de 1\u00ba de janeiro de 2019.<\/p>\n\n\n\n<p>O governador recebeu o diploma, cedido pelo presidente do TRE-BA, Jos\u00e9 Rotondano, das m\u00e3os da mulher e primeira dama do estado, Aline Peixoto, e das duas filhas, Malu e Marina.<\/p>\n\n\n\n<p>Os senadores eleitos Jaques Wagner (PT) e \u00c2ngelo Coronel (PSD) tamb\u00e9m foram diplomados na cerim\u00f4nia, e receberam os documentos das m\u00e3os de suas respectivas esposas, F\u00e1tima Mendon\u00e7a e Eleusa Coronel.<\/p>\n\n\n\n<p>A Justi\u00e7a Eleitoral tamb\u00e9m considerou aptos os 39 deputados federais e 63 deputados estudais que foram escolhidos durante a vota\u00e7\u00e3o de outubro, e os respectivos suplentes. Eles s\u00f3 tomar\u00e3o posse no dia 1\u00ba de fevereiro.<\/p>\n\n\n\n<p><strong>Por G1 BA<\/strong><\/p>\n","protected":false},"excerpt":{"rendered":"<p>Posse do governador e vice reeleitos ser\u00e1 no dia 1\u00b0 de janeiro; senadores e deputados assumem mandato em 1\u00b0 de fevereiro A cerim\u00f4nia de diploma\u00e7\u00e3o do governador Rui Costa (PT), al\u00e9m dos senadores e deputados federais e estaduais, eleitos em outubro, foi realizada pelo Tribunal Regional Eleitoral da Bahia (TRE-BA) na tarde desta segunda-feira (17), [&hellip;]<\/p>\n","protected":false},"author":2,"featured_media":30056,"comment_status":"open","ping_status":"open","sticky":false,"template":"","format":"standard","meta":{"_acf_changed":false,"_monsterinsights_skip_tracking":false,"_monsterinsights_sitenote_active":false,"_monsterinsights_sitenote_note":"","_monsterinsights_sitenote_category":0,"_jetpack_memberships_contains_paid_content":false,"footnotes":"","jetpack_publicize_message":"","jetpack_publicize_feature_enabled":true,"jetpack_social_post_already_shared":true,"jetpack_social_options":{"image_generator_settings":{"template":"highway","default_image_id":0,"font":"","enabled":false},"version":2}},"categories":[1,3],"tags":[],"class_list":["post-30055","post","type-post","status-publish","format-standard","has-post-thumbnail","hentry","category-noticias","category-politica"],"acf":[],"jetpack_publicize_connections":[],"jetpack_featured_media_url":"https:\/\/i0.wp.com\/blogdoeloiltoncajuhy.com.br\/site\/wp-content\/uploads\/2018\/12\/posse-eleitosBA_2018.jpeg?fit=984%2C738&ssl=1","jetpack_sharing_enabled":true,"publishpress_future_workflow_manual_trigger":{"enabledWorkflows":[]},"_links":{"self":[{"href":"https:\/\/blogdoeloiltoncajuhy.com.br\/site\/wp-json\/wp\/v2\/posts\/30055","targetHints":{"allow":["GET"]}}],"collection":[{"href":"https:\/\/blogdoeloiltoncajuhy.com.br\/site\/wp-json\/wp\/v2\/posts"}],"about":[{"href":"https:\/\/blogdoeloiltoncajuhy.com.br\/site\/wp-json\/wp\/v2\/types\/post"}],"author":[{"embeddable":true,"href":"https:\/\/blogdoeloiltoncajuhy.com.br\/site\/wp-json\/wp\/v2\/users\/2"}],"replies":[{"embeddable":true,"href":"https:\/\/blogdoeloiltoncajuhy.com.br\/site\/wp-json\/wp\/v2\/comments?post=30055"}],"version-history":[{"count":2,"href":"https:\/\/blogdoeloiltoncajuhy.com.br\/site\/wp-json\/wp\/v2\/posts\/30055\/revisions"}],"predecessor-version":[{"id":30059,"href":"https:\/\/blogdoeloiltoncajuhy.com.br\/site\/wp-json\/wp\/v2\/posts\/30055\/revisions\/30059"}],"wp:featuredmedia":[{"embeddable":true,"href":"https:\/\/blogdoeloiltoncajuhy.com.br\/site\/wp-json\/wp\/v2\/media\/30056"}],"wp:attachment":[{"href":"https:\/\/blogdoeloiltoncajuhy.com.br\/site\/wp-json\/wp\/v2\/media?parent=30055"}],"wp:term":[{"taxonomy":"category","embeddable":true,"href":"https:\/\/blogdoeloiltoncajuhy.com.br\/site\/wp-json\/wp\/v2\/categories?post=30055"},{"taxonomy":"post_tag","embeddable":true,"href":"https:\/\/blogdoeloiltoncajuhy.com.br\/site\/wp-json\/wp\/v2\/tags?post=30055"}],"curies":[{"name":"wp","href":"https:\/\/api.w.org\/{rel}","templated":true}]}}