{"id":30052,"date":"2018-12-17T16:47:45","date_gmt":"2018-12-17T19:47:45","guid":{"rendered":"http:\/\/blogdoeloiltoncajuhy.com.br\/site\/?p=30052"},"modified":"2018-12-17T16:47:52","modified_gmt":"2018-12-17T19:47:52","slug":"bonfim-secretaria-de-educacao-realiza-eleicao-de-gestores-escolares-nesta-terca-feira-18","status":"publish","type":"post","link":"https:\/\/blogdoeloiltoncajuhy.com.br\/site\/bonfim-secretaria-de-educacao-realiza-eleicao-de-gestores-escolares-nesta-terca-feira-18\/","title":{"rendered":"BONFIM: Secretaria de Educa\u00e7\u00e3o realiza elei\u00e7\u00e3o de Gestores Escolares nesta ter\u00e7a-feira, 18"},"content":{"rendered":"\n<div class=\"wp-block-image\"><figure class=\"aligncenter is-resized\"><img data-recalc-dims=\"1\" fetchpriority=\"high\" decoding=\"async\" src=\"https:\/\/i0.wp.com\/blogdoeloiltoncajuhy.com.br\/site\/wp-content\/uploads\/2018\/12\/PMSB_EleicaoDiretorEscolar.jpg?resize=450%2C435\" alt=\"\" class=\"wp-image-30053\" width=\"450\" height=\"435\" srcset=\"https:\/\/i0.wp.com\/blogdoeloiltoncajuhy.com.br\/site\/wp-content\/uploads\/2018\/12\/PMSB_EleicaoDiretorEscolar.jpg?w=960&amp;ssl=1 960w, https:\/\/i0.wp.com\/blogdoeloiltoncajuhy.com.br\/site\/wp-content\/uploads\/2018\/12\/PMSB_EleicaoDiretorEscolar.jpg?resize=300%2C290&amp;ssl=1 300w, https:\/\/i0.wp.com\/blogdoeloiltoncajuhy.com.br\/site\/wp-content\/uploads\/2018\/12\/PMSB_EleicaoDiretorEscolar.jpg?resize=768%2C743&amp;ssl=1 768w, https:\/\/i0.wp.com\/blogdoeloiltoncajuhy.com.br\/site\/wp-content\/uploads\/2018\/12\/PMSB_EleicaoDiretorEscolar.jpg?resize=250%2C242&amp;ssl=1 250w\" sizes=\"(max-width: 450px) 100vw, 450px\" \/><\/figure><\/div>\n\n\n\n<p>Nesta ter\u00e7a-feira (18), acontecer\u00e1 a escolha dos Gestores Escolares da Rede Municipal de Ensino de Senhor do Bonfim.<\/p>\n\n\n\n<p>A vota\u00e7\u00e3o ser\u00e1 secreta e ocorrer\u00e1 das 8h \u00e0s 17h, nas escolas que funcionam somente nos turnos matutino e vespertino, e das 8h \u00e0s 20h para as escolas que ofere\u00e7am a modalidade Educa\u00e7\u00e3o de Jovens e Adultos (EJA), no turno noturno.<br><\/p>\n\n\n\n<p>Prevista na Lei Org\u00e2nica do Munic\u00edpio (Lei 1039\/2007) e no Plano de Cargos do Magist\u00e9rio, os gestores eleitos tomar\u00e3o posse para o bi\u00eanio 2019\/2020.<\/p>\n\n\n\n<p><strong><em>SEMED \/ Bonfim<\/em><\/strong><\/p>\n","protected":false},"excerpt":{"rendered":"<p>Nesta ter\u00e7a-feira (18), acontecer\u00e1 a escolha dos Gestores Escolares da Rede Municipal de Ensino de Senhor do Bonfim. A vota\u00e7\u00e3o ser\u00e1 secreta e ocorrer\u00e1 das 8h \u00e0s 17h, nas escolas que funcionam somente nos turnos matutino e vespertino, e das 8h \u00e0s 20h para as escolas que ofere\u00e7am a modalidade Educa\u00e7\u00e3o de Jovens e Adultos [&hellip;]<\/p>\n","protected":false},"author":2,"featured_media":30053,"comment_status":"open","ping_status":"open","sticky":false,"template":"","format":"standard","meta":{"_acf_changed":false,"_monsterinsights_skip_tracking":false,"_monsterinsights_sitenote_active":false,"_monsterinsights_sitenote_note":"","_monsterinsights_sitenote_category":0,"_jetpack_memberships_contains_paid_content":false,"footnotes":"","jetpack_publicize_message":"","jetpack_publicize_feature_enabled":true,"jetpack_social_post_already_shared":true,"jetpack_social_options":{"image_generator_settings":{"template":"highway","default_image_id":0,"font":"","enabled":false},"version":2}},"categories":[14,1,4],"tags":[],"class_list":["post-30052","post","type-post","status-publish","format-standard","has-post-thumbnail","hentry","category-educacao","category-noticias","category-local"],"acf":[],"jetpack_publicize_connections":[],"jetpack_featured_media_url":"https:\/\/i0.wp.com\/blogdoeloiltoncajuhy.com.br\/site\/wp-content\/uploads\/2018\/12\/PMSB_EleicaoDiretorEscolar.jpg?fit=960%2C929&ssl=1","jetpack_sharing_enabled":true,"publishpress_future_workflow_manual_trigger":{"enabledWorkflows":[]},"_links":{"self":[{"href":"https:\/\/blogdoeloiltoncajuhy.com.br\/site\/wp-json\/wp\/v2\/posts\/30052","targetHints":{"allow":["GET"]}}],"collection":[{"href":"https:\/\/blogdoeloiltoncajuhy.com.br\/site\/wp-json\/wp\/v2\/posts"}],"about":[{"href":"https:\/\/blogdoeloiltoncajuhy.com.br\/site\/wp-json\/wp\/v2\/types\/post"}],"author":[{"embeddable":true,"href":"https:\/\/blogdoeloiltoncajuhy.com.br\/site\/wp-json\/wp\/v2\/users\/2"}],"replies":[{"embeddable":true,"href":"https:\/\/blogdoeloiltoncajuhy.com.br\/site\/wp-json\/wp\/v2\/comments?post=30052"}],"version-history":[{"count":1,"href":"https:\/\/blogdoeloiltoncajuhy.com.br\/site\/wp-json\/wp\/v2\/posts\/30052\/revisions"}],"predecessor-version":[{"id":30054,"href":"https:\/\/blogdoeloiltoncajuhy.com.br\/site\/wp-json\/wp\/v2\/posts\/30052\/revisions\/30054"}],"wp:featuredmedia":[{"embeddable":true,"href":"https:\/\/blogdoeloiltoncajuhy.com.br\/site\/wp-json\/wp\/v2\/media\/30053"}],"wp:attachment":[{"href":"https:\/\/blogdoeloiltoncajuhy.com.br\/site\/wp-json\/wp\/v2\/media?parent=30052"}],"wp:term":[{"taxonomy":"category","embeddable":true,"href":"https:\/\/blogdoeloiltoncajuhy.com.br\/site\/wp-json\/wp\/v2\/categories?post=30052"},{"taxonomy":"post_tag","embeddable":true,"href":"https:\/\/blogdoeloiltoncajuhy.com.br\/site\/wp-json\/wp\/v2\/tags?post=30052"}],"curies":[{"name":"wp","href":"https:\/\/api.w.org\/{rel}","templated":true}]}}