{"id":30043,"date":"2018-12-17T10:40:06","date_gmt":"2018-12-17T13:40:06","guid":{"rendered":"http:\/\/blogdoeloiltoncajuhy.com.br\/site\/?p=30043"},"modified":"2018-12-17T10:40:12","modified_gmt":"2018-12-17T13:40:12","slug":"livro-de-dom-murilo-krieger-sera-lancado-nesta-terca-feira-em-salvador-confira","status":"publish","type":"post","link":"https:\/\/blogdoeloiltoncajuhy.com.br\/site\/livro-de-dom-murilo-krieger-sera-lancado-nesta-terca-feira-em-salvador-confira\/","title":{"rendered":"Livro de Dom Murilo Krieger ser\u00e1 lan\u00e7ado nesta ter\u00e7a-feira em Salvador; confira"},"content":{"rendered":"\n<h5 class=\"wp-block-heading\" style=\"text-align:center\"><em>&#8216;Deus \u00e9 amor: passos de um catarinense em terras baianas&#8217; ser\u00e1 lan\u00e7ado no sagu\u00e3o Deputado Nestor Duarte, na Assembleia Legislativa da Bahia, \u00e0s 14h30<\/em><\/h5>\n\n\n\n<div class=\"wp-block-image\"><figure class=\"aligncenter\"><img data-recalc-dims=\"1\" fetchpriority=\"high\" decoding=\"async\" width=\"800\" height=\"533\" src=\"https:\/\/i0.wp.com\/blogdoeloiltoncajuhy.com.br\/site\/wp-content\/uploads\/2018\/12\/dom-murilo_livro.jpg?resize=800%2C533\" alt=\"\" class=\"wp-image-30044\" srcset=\"https:\/\/i0.wp.com\/blogdoeloiltoncajuhy.com.br\/site\/wp-content\/uploads\/2018\/12\/dom-murilo_livro.jpg?w=984&amp;ssl=1 984w, https:\/\/i0.wp.com\/blogdoeloiltoncajuhy.com.br\/site\/wp-content\/uploads\/2018\/12\/dom-murilo_livro.jpg?resize=300%2C200&amp;ssl=1 300w, https:\/\/i0.wp.com\/blogdoeloiltoncajuhy.com.br\/site\/wp-content\/uploads\/2018\/12\/dom-murilo_livro.jpg?resize=768%2C512&amp;ssl=1 768w, https:\/\/i0.wp.com\/blogdoeloiltoncajuhy.com.br\/site\/wp-content\/uploads\/2018\/12\/dom-murilo_livro.jpg?resize=250%2C167&amp;ssl=1 250w\" sizes=\"(max-width: 800px) 100vw, 800px\" \/><figcaption><em>Dom Murilo Krieger lan\u00e7a livro em Salvador \u2014 Foto: Sara Gomes\/Divulga\u00e7\u00e3o Arquidiocese<\/em><\/figcaption><\/figure><\/div>\n\n\n\n<p>O livro <strong><em>&#8220;Deus \u00e9 amor: passos de um catarinense em terras baianas&#8221;<\/em><\/strong>, de autoria do Arcebispo de Salvador e Primaz do Brasil, Dom Murilo Krieger ser\u00e1 lan\u00e7ado nesta ter\u00e7a-feira (18), na Assembleia Legislativa da Bahia (ALBA), em Salvador. O evento de lan\u00e7amento do livro ser\u00e1 \u00e0s 14h30, no sagu\u00e3o Deputado Nestor Duarte, da ALBA, localizada no Centro Administrativo da Bahia (CAB).<\/p>\n\n\n\n<p>A obra conta com artigos que lembram os sete anos de pastoreio de Dom Murilo na Arquidiocese de Salvador, bem como sobre pessoas que tiveram destaque em a\u00e7\u00f5es de amor ao pr\u00f3ximo, como a Bem-Aventurada Dulce dos Pobres. No livro, Dom Murilo escreve, ainda, sobre fatos relevantes para a sociedade como, por exemplo, as greves da Pol\u00edcia Militar da Bahia.<\/p>\n\n\n\n<h2 class=\"wp-block-heading\">O arcebispo<\/h2>\n\n\n\n<p>Nascido em Brusque, Santa Catarina, Dom Murilo Krieger tomou posse como Arcebispo de Salvador no dia 25 de mar\u00e7o de 2011. No per\u00edodo de sete anos de pastoreio, Dom Murilo intercedeu pela restaura\u00e7\u00e3o de templos importantes, como a Catedral Bas\u00edlica (Terreiro de Jesus), a matriz da Par\u00f3quia Sant\u00edssimo Sacramento e Sant\u2019Ana (Nazar\u00e9) e a Igreja de S\u00e3o Domingos (Terreiro de Jesus) e a Igreja Sant\u00edssimo Sacramento da Rua do Passo (Pelourinho), ambas entregues recentemente; e o Pal\u00e1cio Arquiepiscopal, localizado na Pra\u00e7a da S\u00e9, que abrigar\u00e1 o Centro de Refer\u00eancia da Hist\u00f3ria da Igreja Cat\u00f3lica no Brasil.<\/p>\n\n\n\n<p><strong>SERVI\u00c7O<\/strong><\/p>\n\n\n\n<p><strong>Lan\u00e7amento do livro &#8220;Deus \u00e9 amor: passos de um catarinense em terras baianas&#8221;<\/strong><br><strong>Data:<\/strong>\u00a018 de dezembro, \u00e0s 14h30<br><strong>Local:<\/strong>\u00a0Assembleia Legislativa da Bahia &#8211; Sagu\u00e3o Deputado Nestor Duarte, da ALBA, localizada no Centro Administrativo da Bahia (CAB)<br><strong>Entrada:<\/strong>\u00a0gratuita<\/p>\n\n\n\n<p class=\"has-medium-font-size\"><strong><em>Por G1 BA<\/em><\/strong><\/p>\n","protected":false},"excerpt":{"rendered":"<p>&#8216;Deus \u00e9 amor: passos de um catarinense em terras baianas&#8217; ser\u00e1 lan\u00e7ado no sagu\u00e3o Deputado Nestor Duarte, na Assembleia Legislativa da Bahia, \u00e0s 14h30 O livro &#8220;Deus \u00e9 amor: passos de um catarinense em terras baianas&#8221;, de autoria do Arcebispo de Salvador e Primaz do Brasil, Dom Murilo Krieger ser\u00e1 lan\u00e7ado nesta ter\u00e7a-feira (18), na [&hellip;]<\/p>\n","protected":false},"author":2,"featured_media":30044,"comment_status":"open","ping_status":"open","sticky":false,"template":"","format":"standard","meta":{"_acf_changed":false,"_monsterinsights_skip_tracking":false,"_monsterinsights_sitenote_active":false,"_monsterinsights_sitenote_note":"","_monsterinsights_sitenote_category":0,"_jetpack_memberships_contains_paid_content":false,"footnotes":"","jetpack_publicize_message":"","jetpack_publicize_feature_enabled":true,"jetpack_social_post_already_shared":true,"jetpack_social_options":{"image_generator_settings":{"template":"highway","default_image_id":0,"font":"","enabled":false},"version":2}},"categories":[5,8,1],"tags":[],"class_list":["post-30043","post","type-post","status-publish","format-standard","has-post-thumbnail","hentry","category-cotidiano","category-cultura","category-noticias"],"acf":[],"jetpack_publicize_connections":[],"jetpack_featured_media_url":"https:\/\/i0.wp.com\/blogdoeloiltoncajuhy.com.br\/site\/wp-content\/uploads\/2018\/12\/dom-murilo_livro.jpg?fit=984%2C656&ssl=1","jetpack_sharing_enabled":true,"publishpress_future_workflow_manual_trigger":{"enabledWorkflows":[]},"_links":{"self":[{"href":"https:\/\/blogdoeloiltoncajuhy.com.br\/site\/wp-json\/wp\/v2\/posts\/30043","targetHints":{"allow":["GET"]}}],"collection":[{"href":"https:\/\/blogdoeloiltoncajuhy.com.br\/site\/wp-json\/wp\/v2\/posts"}],"about":[{"href":"https:\/\/blogdoeloiltoncajuhy.com.br\/site\/wp-json\/wp\/v2\/types\/post"}],"author":[{"embeddable":true,"href":"https:\/\/blogdoeloiltoncajuhy.com.br\/site\/wp-json\/wp\/v2\/users\/2"}],"replies":[{"embeddable":true,"href":"https:\/\/blogdoeloiltoncajuhy.com.br\/site\/wp-json\/wp\/v2\/comments?post=30043"}],"version-history":[{"count":1,"href":"https:\/\/blogdoeloiltoncajuhy.com.br\/site\/wp-json\/wp\/v2\/posts\/30043\/revisions"}],"predecessor-version":[{"id":30045,"href":"https:\/\/blogdoeloiltoncajuhy.com.br\/site\/wp-json\/wp\/v2\/posts\/30043\/revisions\/30045"}],"wp:featuredmedia":[{"embeddable":true,"href":"https:\/\/blogdoeloiltoncajuhy.com.br\/site\/wp-json\/wp\/v2\/media\/30044"}],"wp:attachment":[{"href":"https:\/\/blogdoeloiltoncajuhy.com.br\/site\/wp-json\/wp\/v2\/media?parent=30043"}],"wp:term":[{"taxonomy":"category","embeddable":true,"href":"https:\/\/blogdoeloiltoncajuhy.com.br\/site\/wp-json\/wp\/v2\/categories?post=30043"},{"taxonomy":"post_tag","embeddable":true,"href":"https:\/\/blogdoeloiltoncajuhy.com.br\/site\/wp-json\/wp\/v2\/tags?post=30043"}],"curies":[{"name":"wp","href":"https:\/\/api.w.org\/{rel}","templated":true}]}}