{"id":30041,"date":"2018-12-17T10:29:45","date_gmt":"2018-12-17T13:29:45","guid":{"rendered":"http:\/\/blogdoeloiltoncajuhy.com.br\/site\/?p=30041"},"modified":"2018-12-17T10:29:51","modified_gmt":"2018-12-17T13:29:51","slug":"mais-de-170-concursos-tem-inscricoes-abertas-para-157-mil-vagas-no-pais","status":"publish","type":"post","link":"https:\/\/blogdoeloiltoncajuhy.com.br\/site\/mais-de-170-concursos-tem-inscricoes-abertas-para-157-mil-vagas-no-pais\/","title":{"rendered":"Mais de 170 concursos t\u00eam inscri\u00e7\u00f5es abertas para 15,7 mil vagas no pa\u00eds"},"content":{"rendered":"\n<h5 class=\"wp-block-heading\" style=\"text-align:center\"><em>Cargos s\u00e3o em todos os n\u00edveis de escolaridade. Os sal\u00e1rios chegam a R$ 29.114,95 na Assembleia Legislativa de Goi\u00e1s<\/em><\/h5>\n\n\n\n<div class=\"wp-block-image\"><figure class=\"aligncenter is-resized\"><img data-recalc-dims=\"1\" fetchpriority=\"high\" decoding=\"async\" src=\"https:\/\/i0.wp.com\/blogdoeloiltoncajuhy.com.br\/site\/wp-content\/uploads\/2017\/08\/concursos-abertos-e1502031896813.png?resize=537%2C303\" alt=\"\" class=\"wp-image-19311\" width=\"537\" height=\"303\"\/><\/figure><\/div>\n\n\n\n<p>Pelo menos 173 concursos p\u00fablicos no pa\u00eds est\u00e3o com inscri\u00e7\u00f5es abertas nesta segunda-feira (17) e re\u00fanem 15.735 vagas em cargos de todos os n\u00edveis de escolaridade. Os sal\u00e1rios chegam a R$ 29.114,95 na Assembleia Legislativa de Goi\u00e1s.<\/p>\n\n\n\n<p><a href=\"http:\/\/especiais.g1.globo.com\/economia\/concursos-e-emprego\/lista-de-concursos-publicos-e-vagas-de-emprego\/\" target=\"_blank\" rel=\"noreferrer noopener\"><strong>CONFIRA AQUI A LISTA COMPLETA DE CONCURSOS<\/strong><\/a><\/p>\n\n\n\n<p>Al\u00e9m das vagas abertas, h\u00e1 concursos para forma\u00e7\u00e3o de cadastro de reserva \u2013 ou seja, os candidatos aprovados s\u00e3o chamados conforme a abertura de vagas durante a validade do concurso.<\/p>\n\n\n\n<p>Dois concursos federais est\u00e3o com inscri\u00e7\u00f5es abertas:<\/p>\n\n\n\n<ul class=\"wp-block-list\"><li><a href=\"https:\/\/g1.globo.com\/economia\/concursos-e-emprego\/noticia\/2018\/11\/28\/prf-abre-concurso-para-500-vagas-de-policial-rodoviario.ghtml\">Pol\u00edcia Rodovi\u00e1ria Federal<\/a>, para 500 vagas, cujas inscri\u00e7\u00f5es encerram amanh\u00e3;<\/li><li><a href=\"http:\/\/portal.nc.ufpr.br\/PortalNC\/Concurso?concurso=ITAIPU2018\" target=\"_blank\" rel=\"noreferrer noopener\">Itaipu Binacional<\/a>, para 46 vagas<\/li><\/ul>\n\n\n\n<p>Nesta segunda-feira, pelo menos 15 \u00f3rg\u00e3os abrem o prazo de inscri\u00e7\u00f5es para 409 vagas em cargos de todos os n\u00edveis de escolaridade. Os sal\u00e1rios chegam a R$ 13.299,22 na Prefeitura de Matinhos (PR). Veja abaixo as informa\u00e7\u00f5es de cada concurso:<\/p>\n\n\n\n<h2 class=\"wp-block-heading\">C\u00e2mara Municipal de Guaraci (PR)<\/h2>\n\n\n\n<ul class=\"wp-block-list\"><li>Inscri\u00e7\u00f5es: at\u00e9 15\/01\/2019<\/li><li>Vagas: 2<\/li><li>Sal\u00e1rios de at\u00e9 R$ 3.242,79<\/li><li>Cargos de assistente legislativo (n\u00edvel m\u00e9dio) e contador (n\u00edvel superior)<\/li><li><a href=\"https:\/\/www.fundacaofafipa.org.br\/\" target=\"_blank\" rel=\"noreferrer noopener\">Veja o edital<\/a><\/li><\/ul>\n\n\n\n<h2 class=\"wp-block-heading\">C\u00e2mara Municipal de Pira\u00ed (RJ)<\/h2>\n\n\n\n<ul class=\"wp-block-list\"><li>Inscri\u00e7\u00f5es: at\u00e9 20\/01\/2019<\/li><li>Vagas: 6<\/li><li>Sal\u00e1rios: at\u00e9 R$ 3.873,59<\/li><li>Cargos de n\u00edvel m\u00e9dio e superior<\/li><li><a href=\"http:\/\/www.ibam-concursos.org.br\/documento.asp?cod=8\" target=\"_blank\" rel=\"noreferrer noopener\">Veja o edital<\/a><\/li><\/ul>\n\n\n\n<h2 class=\"wp-block-heading\">Controladoria e Ouvidoria Geral do Estado do Cear\u00e1 (CGE-CE)<\/h2>\n\n\n\n<ul class=\"wp-block-list\"><li>Inscri\u00e7\u00f5es: at\u00e9 04\/01\/2019<\/li><li>Vagas: 25<\/li><li>Sal\u00e1rios: at\u00e9 R$ 4.281,16<\/li><li>Cargos de n\u00edvel superior<\/li><li><a href=\"http:\/\/www.cespe.unb.br\/concursos\/cge_ce_18\/\" target=\"_blank\" rel=\"noreferrer noopener\">Veja o edital<\/a><\/li><\/ul>\n\n\n\n<h2 class=\"wp-block-heading\">Prefeitura de Ara\u00e7oiaba da Serra (SP)<\/h2>\n\n\n\n<ul class=\"wp-block-list\"><li>Inscri\u00e7\u00f5es: at\u00e9 07\/01\/2019<\/li><li>Sal\u00e1rios: at\u00e9 R$ 2.476,52<\/li><li>Cadastro de reserva para professores<\/li><li><a href=\"http:\/\/www.conscamweb.com.br\/concurso\/concursoPaginaInterna.do?idInstituicao=61&amp;idConcurso=1\" target=\"_blank\" rel=\"noreferrer noopener\">Veja o edital<\/a><\/li><\/ul>\n\n\n\n<h2 class=\"wp-block-heading\">Prefeitura de Belo Horizonte (MG)<\/h2>\n\n\n\n<ul class=\"wp-block-list\"><li>At\u00e9 18\/12\/2018<\/li><li>Vagas: 12<\/li><li>Sal\u00e1rios: at\u00e9 R$ 4.132,89<\/li><li>Cargos de n\u00edvel superior<\/li><li><a href=\"https:\/\/prefeitura.pbh.gov.br\/smasac\/oportunidades-de-trabalho\/processo-seletivo-simplificado-002-2018\" target=\"_blank\" rel=\"noreferrer noopener\">Veja o edital<\/a><\/li><\/ul>\n\n\n\n<h2 class=\"wp-block-heading\">Prefeitura de Frei Inoc\u00eancio (MG)<\/h2>\n\n\n\n<ul class=\"wp-block-list\"><li>Inscri\u00e7\u00f5es: at\u00e9 30\/12\/2018<\/li><li>Vagas: 26<\/li><li>Sal\u00e1rios: at\u00e9 R$ 1.014,00<\/li><li>Cargos de n\u00edvel m\u00e9dio<\/li><li><a href=\"https:\/\/concursos.exameconsultores.com.br\/informacoes\/365\/\" target=\"_blank\" rel=\"noreferrer noopener\">Veja o edital<\/a><\/li><\/ul>\n\n\n\n<h2 class=\"wp-block-heading\">Prefeitura de Guimar\u00e2nia (MG)<\/h2>\n\n\n\n<ul class=\"wp-block-list\"><li>Inscri\u00e7\u00f5es: at\u00e9 18\/01\/2019<\/li><li>Vagas: 1<\/li><li>Sal\u00e1rios: at\u00e9 R$ 2.030,84<\/li><li>Cargo de fiscal tribut\u00e1rio (n\u00edvel superior)<\/li><li><a href=\"https:\/\/www.guimarania.mg.gov.br\/images\/concurso_publico\/editais\/01_edital_concurso_092018_3.pdf\" target=\"_blank\" rel=\"noreferrer noopener\">Veja o edital<\/a><\/li><\/ul>\n\n\n\n<h2 class=\"wp-block-heading\">Prefeitura de Matinhos (PR)<\/h2>\n\n\n\n<ul class=\"wp-block-list\"><li>Inscri\u00e7\u00f5es: at\u00e9 23\/01\/2019<\/li><li>Vagas: 172<\/li><li>Sal\u00e1rios: at\u00e9 R$ 13.299,22<\/li><li>Cargos de n\u00edvel fundamental, m\u00e9dio e superior<\/li><li><a href=\"http:\/\/portal.nc.ufpr.br\/PortalNC\/Concurso?concurso=MATINHOS2018\" target=\"_blank\" rel=\"noreferrer noopener\">Veja o edital<\/a><\/li><\/ul>\n\n\n\n<h2 class=\"wp-block-heading\">Prefeitura de Nortel\u00e2ndia (MT)<\/h2>\n\n\n\n<ul class=\"wp-block-list\"><li>Inscri\u00e7\u00f5es: at\u00e9 17\/01\/2019<\/li><li>Vagas: 45<\/li><li>Sal\u00e1rios: at\u00e9 R$ 2.762,49<\/li><li>Cargos de n\u00edvel fundamental, m\u00e9dio e superior<\/li><li><a rel=\"noreferrer noopener\" href=\"https:\/\/www.nortelandia.mt.gov.br\/fotos_noticias\/341.pdf\" target=\"_blank\">Veja o edital<\/a><\/li><\/ul>\n\n\n\n<h2 class=\"wp-block-heading\">Prefeitura de Ribeir\u00e3o Pires (SP)<\/h2>\n\n\n\n<ul class=\"wp-block-list\"><li>Inscri\u00e7\u00f5es: at\u00e9 17\/01\/2019<\/li><li>Vagas: 46<\/li><li>Sal\u00e1rio: R$ 1.014,00<\/li><li>Cargos de agente comunit\u00e1rio de sa\u00fade e agente de combate a endemias (n\u00edvel m\u00e9dio)<\/li><li><a href=\"https:\/\/www.institutomais.org.br\/Concursos\/Detalhe\/304\" target=\"_blank\" rel=\"noreferrer noopener\">Veja o edital<\/a><\/li><\/ul>\n\n\n\n<h2 class=\"wp-block-heading\">Prefeitura de Santa Maria da Serra (SP)<\/h2>\n\n\n\n<ul class=\"wp-block-list\"><li>Inscri\u00e7\u00f5es: at\u00e9 07\/01\/2019<\/li><li>Vagas: 2<\/li><li>Sal\u00e1rios: at\u00e9 R$ 2.079,56<\/li><li>Vagas para psic\u00f3logo e professor de ingl\u00eas (n\u00edvel superior)<\/li><li><a href=\"http:\/\/concursos.sigmaassessoria.com.br\/informacoes\/171\/\" target=\"_blank\" rel=\"noreferrer noopener\">Veja o edital<\/a><\/li><\/ul>\n\n\n\n<h2 class=\"wp-block-heading\">Prefeitura de Terra Nova do Norte (MT)<\/h2>\n\n\n\n<ul class=\"wp-block-list\"><li>Inscri\u00e7\u00f5es: at\u00e9 06\/01\/2019<\/li><li>Vagas: 39<\/li><li>Sal\u00e1rios: at\u00e9 R$ 1.434,92<\/li><li>Cargos de n\u00edvel fundamental, m\u00e9dio e superior<\/li><li><a href=\"http:\/\/sosconsultoria.listaeditais.com.br\/edital\/aberto-para-inscricao\/1970\/processo-seletivo-simplificado-prefeitura-municipal-de-terra-nova-do-norte-0022018\" target=\"_blank\" rel=\"noreferrer noopener\">Veja o edital<\/a><\/li><\/ul>\n\n\n\n<h2 class=\"wp-block-heading\">Prefeitura de Varginha (MG)<\/h2>\n\n\n\n<ul class=\"wp-block-list\"><li>Inscri\u00e7\u00f5es: at\u00e9 18\/12\/2018<\/li><li>Vagas: 4<\/li><li>Sal\u00e1rios: R$ 3.318,54<\/li><li>Vagas para m\u00e9dicos<\/li><li><a href=\"http:\/\/www.varginha.mg.gov.br\/selecao-de-pessoal\/cat_view\/314-\/659-2018-semus\" target=\"_blank\" rel=\"noreferrer noopener\">Veja o edital<\/a><\/li><\/ul>\n\n\n\n<h2 class=\"wp-block-heading\">Tribunal de Justi\u00e7a do Paran\u00e1<\/h2>\n\n\n\n<ul class=\"wp-block-list\"><li>Inscri\u00e7\u00f5es: at\u00e9 16\/01\/2019<\/li><li>Vagas: 17<\/li><li>Sal\u00e1rio: n\u00e3o informado<\/li><li>Vagas para juiz<\/li><li><a href=\"http:\/\/www.cespe.unb.br\/concursos\/tj_pr_18_juiz\/\" target=\"_blank\" rel=\"noreferrer noopener\">Veja o edital<\/a><\/li><\/ul>\n\n\n\n<h2 class=\"wp-block-heading\">Universidade Federal dos Vales do Jequitinhonha e Mucuri (UFVJM)<\/h2>\n\n\n\n<ul class=\"wp-block-list\"><li>Inscri\u00e7\u00f5es: at\u00e9 18\/01\/2019<\/li><li>Vagas: 12<\/li><li>Sal\u00e1rios: at\u00e9 R$ 9.600,92<\/li><li>Cargos de n\u00edvel superior<\/li><li>Vagas para Diamantina, Una\u00ed e Jana\u00faba<\/li><li><a rel=\"noreferrer noopener\" href=\"http:\/\/www.ufvjm.edu.br\/rh\/index.php?option=com_content&amp;view=article&amp;id=1702&amp;Itemid=37\" target=\"_blank\">Veja o edital<\/a><\/li><\/ul>\n\n\n\n<p class=\"has-medium-font-size\"><strong><em>Por G1<\/em><\/strong><\/p>\n","protected":false},"excerpt":{"rendered":"<p>Cargos s\u00e3o em todos os n\u00edveis de escolaridade. Os sal\u00e1rios chegam a R$ 29.114,95 na Assembleia Legislativa de Goi\u00e1s Pelo menos 173 concursos p\u00fablicos no pa\u00eds est\u00e3o com inscri\u00e7\u00f5es abertas nesta segunda-feira (17) e re\u00fanem 15.735 vagas em cargos de todos os n\u00edveis de escolaridade. Os sal\u00e1rios chegam a R$ 29.114,95 na Assembleia Legislativa de [&hellip;]<\/p>\n","protected":false},"author":2,"featured_media":0,"comment_status":"open","ping_status":"open","sticky":false,"template":"","format":"standard","meta":{"_acf_changed":false,"_monsterinsights_skip_tracking":false,"_monsterinsights_sitenote_active":false,"_monsterinsights_sitenote_note":"","_monsterinsights_sitenote_category":0,"_jetpack_memberships_contains_paid_content":false,"footnotes":"","jetpack_publicize_message":"","jetpack_publicize_feature_enabled":true,"jetpack_social_post_already_shared":true,"jetpack_social_options":{"image_generator_settings":{"template":"highway","default_image_id":0,"font":"","enabled":false},"version":2}},"categories":[5,1],"tags":[],"class_list":["post-30041","post","type-post","status-publish","format-standard","hentry","category-cotidiano","category-noticias"],"acf":[],"jetpack_publicize_connections":[],"jetpack_featured_media_url":"","jetpack_sharing_enabled":true,"publishpress_future_workflow_manual_trigger":{"enabledWorkflows":[]},"_links":{"self":[{"href":"https:\/\/blogdoeloiltoncajuhy.com.br\/site\/wp-json\/wp\/v2\/posts\/30041","targetHints":{"allow":["GET"]}}],"collection":[{"href":"https:\/\/blogdoeloiltoncajuhy.com.br\/site\/wp-json\/wp\/v2\/posts"}],"about":[{"href":"https:\/\/blogdoeloiltoncajuhy.com.br\/site\/wp-json\/wp\/v2\/types\/post"}],"author":[{"embeddable":true,"href":"https:\/\/blogdoeloiltoncajuhy.com.br\/site\/wp-json\/wp\/v2\/users\/2"}],"replies":[{"embeddable":true,"href":"https:\/\/blogdoeloiltoncajuhy.com.br\/site\/wp-json\/wp\/v2\/comments?post=30041"}],"version-history":[{"count":1,"href":"https:\/\/blogdoeloiltoncajuhy.com.br\/site\/wp-json\/wp\/v2\/posts\/30041\/revisions"}],"predecessor-version":[{"id":30042,"href":"https:\/\/blogdoeloiltoncajuhy.com.br\/site\/wp-json\/wp\/v2\/posts\/30041\/revisions\/30042"}],"wp:attachment":[{"href":"https:\/\/blogdoeloiltoncajuhy.com.br\/site\/wp-json\/wp\/v2\/media?parent=30041"}],"wp:term":[{"taxonomy":"category","embeddable":true,"href":"https:\/\/blogdoeloiltoncajuhy.com.br\/site\/wp-json\/wp\/v2\/categories?post=30041"},{"taxonomy":"post_tag","embeddable":true,"href":"https:\/\/blogdoeloiltoncajuhy.com.br\/site\/wp-json\/wp\/v2\/tags?post=30041"}],"curies":[{"name":"wp","href":"https:\/\/api.w.org\/{rel}","templated":true}]}}