{"id":30033,"date":"2018-12-17T09:40:29","date_gmt":"2018-12-17T12:40:29","guid":{"rendered":"http:\/\/blogdoeloiltoncajuhy.com.br\/site\/?p=30033"},"modified":"2018-12-17T09:40:35","modified_gmt":"2018-12-17T12:40:35","slug":"rotary-club-senhor-do-bonfim-realiza-30a-edicao-do-natal-do-menor-carente","status":"publish","type":"post","link":"https:\/\/blogdoeloiltoncajuhy.com.br\/site\/rotary-club-senhor-do-bonfim-realiza-30a-edicao-do-natal-do-menor-carente\/","title":{"rendered":"Rotary Club Senhor do Bonfim realiza 30\u00aa edi\u00e7\u00e3o do \u201cNatal do Menor Carente\u201d"},"content":{"rendered":"\n<div class=\"wp-block-image\"><figure class=\"aligncenter is-resized\"><img data-recalc-dims=\"1\" fetchpriority=\"high\" decoding=\"async\" src=\"https:\/\/i0.wp.com\/blogdoeloiltoncajuhy.com.br\/site\/wp-content\/uploads\/2018\/12\/RotaryFestaCrian%C3%A7a_2018-01.jpg?resize=528%2C396\" alt=\"\" class=\"wp-image-30034\" width=\"528\" height=\"396\" srcset=\"https:\/\/i0.wp.com\/blogdoeloiltoncajuhy.com.br\/site\/wp-content\/uploads\/2018\/12\/RotaryFestaCrian%C3%A7a_2018-01.jpg?resize=1024%2C768&amp;ssl=1 1024w, https:\/\/i0.wp.com\/blogdoeloiltoncajuhy.com.br\/site\/wp-content\/uploads\/2018\/12\/RotaryFestaCrian%C3%A7a_2018-01.jpg?resize=300%2C225&amp;ssl=1 300w, https:\/\/i0.wp.com\/blogdoeloiltoncajuhy.com.br\/site\/wp-content\/uploads\/2018\/12\/RotaryFestaCrian%C3%A7a_2018-01.jpg?resize=768%2C576&amp;ssl=1 768w, https:\/\/i0.wp.com\/blogdoeloiltoncajuhy.com.br\/site\/wp-content\/uploads\/2018\/12\/RotaryFestaCrian%C3%A7a_2018-01.jpg?resize=250%2C188&amp;ssl=1 250w, https:\/\/i0.wp.com\/blogdoeloiltoncajuhy.com.br\/site\/wp-content\/uploads\/2018\/12\/RotaryFestaCrian%C3%A7a_2018-01.jpg?w=1280&amp;ssl=1 1280w\" sizes=\"(max-width: 528px) 100vw, 528px\" \/><\/figure><\/div>\n\n\n\n<p>No \u00faltimo s\u00e1bado, 15 de dezembro, foi realizada a trig\u00e9sima edi\u00e7\u00e3o do <strong>\u201cNatal do Menor Carente\u201d<\/strong> pelo <strong>Rotary Club Senhor do Bonfim<\/strong>&#8211; Centro e C<strong>asa da Amizade.<\/strong> A a\u00e7\u00e3o em comemora\u00e7\u00e3o ao natal reuniu cerca de 150 meninos e meninas previamente cadastrados em escolas p\u00fablicas do munic\u00edpio.<br><\/p>\n\n\n\n<p>A festa aconteceu na sede do Subgrupamento do Corpo de Bombeiros, que fica no bairro do Derba, e contou com a presen\u00e7a do Papai Noel, que fez a distribui\u00e7\u00e3o de brinquedos para a crian\u00e7ada. Antes de receber os presentes, a garotada se divertiu nos brinquedos infl\u00e1veis e se deliciou de cachorros-quentes, picol\u00e9s, refrigerantes e doces.<br><\/p>\n\n\n\n<p><em>\u201cVer o brilho no olhar das crian\u00e7as \u00e9 muito bom. Melhor ainda \u00e9 poder compartilhar da alegria delas\u201d<\/em>, disse Elizete Alves Monteiro de Ara\u00fajo, presidente da Casa da Amizade.<br><\/p>\n\n\n\n<div class=\"wp-block-image\"><figure class=\"aligncenter is-resized\"><img data-recalc-dims=\"1\" decoding=\"async\" src=\"https:\/\/i0.wp.com\/blogdoeloiltoncajuhy.com.br\/site\/wp-content\/uploads\/2018\/12\/RotaryFestaCrian%C3%A7a_2018-02.jpg?resize=550%2C309\" alt=\"\" class=\"wp-image-30035\" width=\"550\" height=\"309\" srcset=\"https:\/\/i0.wp.com\/blogdoeloiltoncajuhy.com.br\/site\/wp-content\/uploads\/2018\/12\/RotaryFestaCrian%C3%A7a_2018-02.jpg?w=1024&amp;ssl=1 1024w, https:\/\/i0.wp.com\/blogdoeloiltoncajuhy.com.br\/site\/wp-content\/uploads\/2018\/12\/RotaryFestaCrian%C3%A7a_2018-02.jpg?resize=300%2C169&amp;ssl=1 300w, https:\/\/i0.wp.com\/blogdoeloiltoncajuhy.com.br\/site\/wp-content\/uploads\/2018\/12\/RotaryFestaCrian%C3%A7a_2018-02.jpg?resize=768%2C432&amp;ssl=1 768w, https:\/\/i0.wp.com\/blogdoeloiltoncajuhy.com.br\/site\/wp-content\/uploads\/2018\/12\/RotaryFestaCrian%C3%A7a_2018-02.jpg?resize=250%2C141&amp;ssl=1 250w\" sizes=\"(max-width: 550px) 100vw, 550px\" \/><\/figure><\/div>\n\n\n\n<p>O evento foi criado no final dos anos 80, por membros do Rotaract &#8211; um programa ligado ao Rotary Internacional. <em>\u201cEssa a\u00e7\u00e3o s\u00f3 acontece gra\u00e7as a participa\u00e7\u00e3o da comunidade e a parceria da sociedade. A gente fica muito feliz em garantir mais uma vez esse momento especial para nossas crian\u00e7as\u201d<\/em>, enfatizou o rotariano e ex-rotaractiano, Juarez Melo.<br><\/p>\n\n\n\n<p>Os brinquedos entregues para a crian\u00e7ada foram adquiridos com doa\u00e7\u00f5es de comerciantes. O presidente do Rotary, Jeorge Catatau, agradeceu todos os envolvidos no projeto e destacou que a miss\u00e3o foi cumprida, pois a sociedade abra\u00e7ou a causa. <em>\u201cO sentimento de todos os companheiros rotarianos \u00e9 de miss\u00e3o cumprida e gratid\u00e3o\u201d<\/em>, destacou Jeorge.<\/p>\n\n\n\n<p><strong><em>Assessoria Rotary Clube<\/em><\/strong><\/p>\n","protected":false},"excerpt":{"rendered":"<p>No \u00faltimo s\u00e1bado, 15 de dezembro, foi realizada a trig\u00e9sima edi\u00e7\u00e3o do \u201cNatal do Menor Carente\u201d pelo Rotary Club Senhor do Bonfim&#8211; Centro e Casa da Amizade. A a\u00e7\u00e3o em comemora\u00e7\u00e3o ao natal reuniu cerca de 150 meninos e meninas previamente cadastrados em escolas p\u00fablicas do munic\u00edpio. A festa aconteceu na sede do Subgrupamento do [&hellip;]<\/p>\n","protected":false},"author":2,"featured_media":30035,"comment_status":"open","ping_status":"open","sticky":false,"template":"","format":"standard","meta":{"_acf_changed":false,"_monsterinsights_skip_tracking":false,"_monsterinsights_sitenote_active":false,"_monsterinsights_sitenote_note":"","_monsterinsights_sitenote_category":0,"_jetpack_memberships_contains_paid_content":false,"footnotes":"","jetpack_publicize_message":"","jetpack_publicize_feature_enabled":true,"jetpack_social_post_already_shared":true,"jetpack_social_options":{"image_generator_settings":{"template":"highway","default_image_id":0,"font":"","enabled":false},"version":2}},"categories":[1,4],"tags":[],"class_list":["post-30033","post","type-post","status-publish","format-standard","has-post-thumbnail","hentry","category-noticias","category-local"],"acf":[],"jetpack_publicize_connections":[],"jetpack_featured_media_url":"https:\/\/i0.wp.com\/blogdoeloiltoncajuhy.com.br\/site\/wp-content\/uploads\/2018\/12\/RotaryFestaCrian%C3%A7a_2018-02.jpg?fit=1024%2C576&ssl=1","jetpack_sharing_enabled":true,"publishpress_future_workflow_manual_trigger":{"enabledWorkflows":[]},"_links":{"self":[{"href":"https:\/\/blogdoeloiltoncajuhy.com.br\/site\/wp-json\/wp\/v2\/posts\/30033","targetHints":{"allow":["GET"]}}],"collection":[{"href":"https:\/\/blogdoeloiltoncajuhy.com.br\/site\/wp-json\/wp\/v2\/posts"}],"about":[{"href":"https:\/\/blogdoeloiltoncajuhy.com.br\/site\/wp-json\/wp\/v2\/types\/post"}],"author":[{"embeddable":true,"href":"https:\/\/blogdoeloiltoncajuhy.com.br\/site\/wp-json\/wp\/v2\/users\/2"}],"replies":[{"embeddable":true,"href":"https:\/\/blogdoeloiltoncajuhy.com.br\/site\/wp-json\/wp\/v2\/comments?post=30033"}],"version-history":[{"count":1,"href":"https:\/\/blogdoeloiltoncajuhy.com.br\/site\/wp-json\/wp\/v2\/posts\/30033\/revisions"}],"predecessor-version":[{"id":30036,"href":"https:\/\/blogdoeloiltoncajuhy.com.br\/site\/wp-json\/wp\/v2\/posts\/30033\/revisions\/30036"}],"wp:featuredmedia":[{"embeddable":true,"href":"https:\/\/blogdoeloiltoncajuhy.com.br\/site\/wp-json\/wp\/v2\/media\/30035"}],"wp:attachment":[{"href":"https:\/\/blogdoeloiltoncajuhy.com.br\/site\/wp-json\/wp\/v2\/media?parent=30033"}],"wp:term":[{"taxonomy":"category","embeddable":true,"href":"https:\/\/blogdoeloiltoncajuhy.com.br\/site\/wp-json\/wp\/v2\/categories?post=30033"},{"taxonomy":"post_tag","embeddable":true,"href":"https:\/\/blogdoeloiltoncajuhy.com.br\/site\/wp-json\/wp\/v2\/tags?post=30033"}],"curies":[{"name":"wp","href":"https:\/\/api.w.org\/{rel}","templated":true}]}}