{"id":30028,"date":"2018-12-17T07:26:22","date_gmt":"2018-12-17T10:26:22","guid":{"rendered":"http:\/\/blogdoeloiltoncajuhy.com.br\/site\/?p=30028"},"modified":"2018-12-17T20:17:53","modified_gmt":"2018-12-17T23:17:53","slug":"bonfim-filha-de-casal-de-empresarios-morre-em-acidente-proximo-a-campo-formoso","status":"publish","type":"post","link":"https:\/\/blogdoeloiltoncajuhy.com.br\/site\/bonfim-filha-de-casal-de-empresarios-morre-em-acidente-proximo-a-campo-formoso\/","title":{"rendered":"BONFIM: Filha de casal de empres\u00e1rios morre em acidente pr\u00f3ximo a Campo Formoso"},"content":{"rendered":"\n<div class=\"wp-block-image\"><figure class=\"aligncenter is-resized\"><img data-recalc-dims=\"1\" fetchpriority=\"high\" decoding=\"async\" src=\"https:\/\/i0.wp.com\/blogdoeloiltoncajuhy.com.br\/site\/wp-content\/uploads\/2018\/12\/ana-paula-morato.jpg?resize=521%2C521\" alt=\"\" class=\"wp-image-30029\" width=\"521\" height=\"521\" srcset=\"https:\/\/i0.wp.com\/blogdoeloiltoncajuhy.com.br\/site\/wp-content\/uploads\/2018\/12\/ana-paula-morato.jpg?w=960&amp;ssl=1 960w, https:\/\/i0.wp.com\/blogdoeloiltoncajuhy.com.br\/site\/wp-content\/uploads\/2018\/12\/ana-paula-morato.jpg?resize=150%2C150&amp;ssl=1 150w, https:\/\/i0.wp.com\/blogdoeloiltoncajuhy.com.br\/site\/wp-content\/uploads\/2018\/12\/ana-paula-morato.jpg?resize=300%2C300&amp;ssl=1 300w, https:\/\/i0.wp.com\/blogdoeloiltoncajuhy.com.br\/site\/wp-content\/uploads\/2018\/12\/ana-paula-morato.jpg?resize=768%2C768&amp;ssl=1 768w, https:\/\/i0.wp.com\/blogdoeloiltoncajuhy.com.br\/site\/wp-content\/uploads\/2018\/12\/ana-paula-morato.jpg?resize=250%2C250&amp;ssl=1 250w, https:\/\/i0.wp.com\/blogdoeloiltoncajuhy.com.br\/site\/wp-content\/uploads\/2018\/12\/ana-paula-morato.jpg?resize=48%2C48&amp;ssl=1 48w\" sizes=\"(max-width: 521px) 100vw, 521px\" \/><figcaption><em><strong>Foto: Reprodu\u00e7\u00e3o \/ Facebook<\/strong><\/em><\/figcaption><\/figure><\/div>\n\n\n\n<p>Um acidente registrado por volta de 00h10 da madrugada desta segunda-feira (17), deixou o saldo de uma pessoa morta. A v\u00edtima, trata-se de <strong>Ana Paula Morato Damasceno<\/strong>, de 36 anos, filha do casal Jos\u00e9 Damasceno e Auristela Morato, empres\u00e1rios de Senhor do Bonfim.<\/p>\n\n\n\n<p>Segundo informa\u00e7\u00f5es da Pol\u00edcia Militar de Campo Formoso, Ana Paula Morato dirigia um ve\u00edculo Corola, de cor preta, placa OME 0828, licen\u00e7a de Senhor do Bonfim, quando perdeu o controle do carro e este acabou capotando, fato ocorrido na BA-220, pr\u00f3ximo aquela cidade. Ela teve morte no local.<\/p>\n\n\n\n<p>A PM de Campo Formoso acionou o Servi\u00e7o de Atendimento M\u00f3vel de Urg\u00eancia (SAMU), que esteve no local, mas constatou que Ana Paula j\u00e1 estava morta. O Departamento de Pol\u00edcia T\u00e9cnica (DPT) de Senhor do Bonfim, foi acionado e removeu o corpo para o IML de nossa cidade.<\/p>\n\n\n\n<p>Os pais de Ana Paula, Z\u00e9 Masceno, como \u00e9 mais conhecido, e Auristela Morato, mais conhecida como Estela, s\u00e3o os propriet\u00e1rios das lojas Feir\u00e3o das Malhas e Stela Magazine, ambos localizados na Pra\u00e7a Augusto Sena Gomes, em nossa cidade.<\/p>\n\n\n\n<p>O corpo de Ana Paula Morato, que deixou duas filhas, est\u00e1 sendo velado no Memorial Vila Nova. Seu sepultamento ser\u00e1 realizado nesta ter\u00e7a-feira (18), \u00e0s 9h, no cemit\u00e9rio Jardim da Saudade, Alto do Cigano, em Senhor do Bonfim.<\/p>\n\n\n\n<p><strong><em>BLOG DO ELOILTON CAJUHY<\/em><\/strong>&nbsp;<\/p>\n","protected":false},"excerpt":{"rendered":"<p>Um acidente registrado por volta de 00h10 da madrugada desta segunda-feira (17), deixou o saldo de uma pessoa morta. A v\u00edtima, trata-se de Ana Paula Morato Damasceno, de 36 anos, filha do casal Jos\u00e9 Damasceno e Auristela Morato, empres\u00e1rios de Senhor do Bonfim. Segundo informa\u00e7\u00f5es da Pol\u00edcia Militar de Campo Formoso, Ana Paula Morato dirigia [&hellip;]<\/p>\n","protected":false},"author":2,"featured_media":30029,"comment_status":"open","ping_status":"open","sticky":false,"template":"","format":"standard","meta":{"_acf_changed":false,"_monsterinsights_skip_tracking":false,"_monsterinsights_sitenote_active":false,"_monsterinsights_sitenote_note":"","_monsterinsights_sitenote_category":0,"_jetpack_memberships_contains_paid_content":false,"footnotes":"","jetpack_publicize_message":"","jetpack_publicize_feature_enabled":true,"jetpack_social_post_already_shared":true,"jetpack_social_options":{"image_generator_settings":{"template":"highway","default_image_id":0,"font":"","enabled":false},"version":2}},"categories":[1,4],"tags":[],"class_list":["post-30028","post","type-post","status-publish","format-standard","has-post-thumbnail","hentry","category-noticias","category-local"],"acf":[],"jetpack_publicize_connections":[],"jetpack_featured_media_url":"https:\/\/i0.wp.com\/blogdoeloiltoncajuhy.com.br\/site\/wp-content\/uploads\/2018\/12\/ana-paula-morato.jpg?fit=960%2C960&ssl=1","jetpack_sharing_enabled":true,"publishpress_future_workflow_manual_trigger":{"enabledWorkflows":[]},"_links":{"self":[{"href":"https:\/\/blogdoeloiltoncajuhy.com.br\/site\/wp-json\/wp\/v2\/posts\/30028","targetHints":{"allow":["GET"]}}],"collection":[{"href":"https:\/\/blogdoeloiltoncajuhy.com.br\/site\/wp-json\/wp\/v2\/posts"}],"about":[{"href":"https:\/\/blogdoeloiltoncajuhy.com.br\/site\/wp-json\/wp\/v2\/types\/post"}],"author":[{"embeddable":true,"href":"https:\/\/blogdoeloiltoncajuhy.com.br\/site\/wp-json\/wp\/v2\/users\/2"}],"replies":[{"embeddable":true,"href":"https:\/\/blogdoeloiltoncajuhy.com.br\/site\/wp-json\/wp\/v2\/comments?post=30028"}],"version-history":[{"count":5,"href":"https:\/\/blogdoeloiltoncajuhy.com.br\/site\/wp-json\/wp\/v2\/posts\/30028\/revisions"}],"predecessor-version":[{"id":30069,"href":"https:\/\/blogdoeloiltoncajuhy.com.br\/site\/wp-json\/wp\/v2\/posts\/30028\/revisions\/30069"}],"wp:featuredmedia":[{"embeddable":true,"href":"https:\/\/blogdoeloiltoncajuhy.com.br\/site\/wp-json\/wp\/v2\/media\/30029"}],"wp:attachment":[{"href":"https:\/\/blogdoeloiltoncajuhy.com.br\/site\/wp-json\/wp\/v2\/media?parent=30028"}],"wp:term":[{"taxonomy":"category","embeddable":true,"href":"https:\/\/blogdoeloiltoncajuhy.com.br\/site\/wp-json\/wp\/v2\/categories?post=30028"},{"taxonomy":"post_tag","embeddable":true,"href":"https:\/\/blogdoeloiltoncajuhy.com.br\/site\/wp-json\/wp\/v2\/tags?post=30028"}],"curies":[{"name":"wp","href":"https:\/\/api.w.org\/{rel}","templated":true}]}}