{"id":30018,"date":"2018-12-16T19:37:24","date_gmt":"2018-12-16T22:37:24","guid":{"rendered":"http:\/\/blogdoeloiltoncajuhy.com.br\/site\/?p=30018"},"modified":"2018-12-16T19:37:31","modified_gmt":"2018-12-16T22:37:31","slug":"joao-de-deus-acusado-de-abusos-sexuais-se-entrega-a-policia-em-goias-video","status":"publish","type":"post","link":"https:\/\/blogdoeloiltoncajuhy.com.br\/site\/joao-de-deus-acusado-de-abusos-sexuais-se-entrega-a-policia-em-goias-video\/","title":{"rendered":"Jo\u00e3o de Deus, acusado de abusos sexuais, se entrega \u00e0 pol\u00edcia em Goi\u00e1s; v\u00eddeo"},"content":{"rendered":"\n<h5 class=\"wp-block-heading\" style=\"text-align:center\"><em>Ele teve pris\u00e3o preventiva decretada na sexta-feira (14) e era procurado pela pol\u00edcia. Ele foi levado a delegacia em Goi\u00e2nia. Mais de 300 mulheres denunciaram terem sido v\u00edtimas de abuso<\/em><\/h5>\n\n\n\n<div class=\"wp-block-image\"><figure class=\"aligncenter\"><img data-recalc-dims=\"1\" fetchpriority=\"high\" decoding=\"async\" width=\"800\" height=\"533\" src=\"https:\/\/i0.wp.com\/blogdoeloiltoncajuhy.com.br\/site\/wp-content\/uploads\/2018\/12\/joao-deus_prisao_01.jpg?resize=800%2C533\" alt=\"\" class=\"wp-image-30019\" srcset=\"https:\/\/i0.wp.com\/blogdoeloiltoncajuhy.com.br\/site\/wp-content\/uploads\/2018\/12\/joao-deus_prisao_01.jpg?w=984&amp;ssl=1 984w, https:\/\/i0.wp.com\/blogdoeloiltoncajuhy.com.br\/site\/wp-content\/uploads\/2018\/12\/joao-deus_prisao_01.jpg?resize=300%2C200&amp;ssl=1 300w, https:\/\/i0.wp.com\/blogdoeloiltoncajuhy.com.br\/site\/wp-content\/uploads\/2018\/12\/joao-deus_prisao_01.jpg?resize=768%2C512&amp;ssl=1 768w, https:\/\/i0.wp.com\/blogdoeloiltoncajuhy.com.br\/site\/wp-content\/uploads\/2018\/12\/joao-deus_prisao_01.jpg?resize=250%2C167&amp;ssl=1 250w\" sizes=\"(max-width: 800px) 100vw, 800px\" \/><figcaption><strong><em>Jo\u00e3o de Deus chega a delegacia em Goi\u00e2nia ap\u00f3s se entregar \u00e0 pol\u00edcia neste domingo (16) \u2014 Foto: REUTERS\/Metropoles\/Igo Estrela<\/em><\/strong><\/figcaption><\/figure><\/div>\n\n\n\n<p>O m\u00e9dium Jo\u00e3o de Deus se entregou \u00e0 pol\u00edcia neste domingo (16), \u00e0s 16h20, em uma estrada de terra em Abadi\u00e2nia, na regi\u00e3o central de Goi\u00e1s. Jo\u00e3o de Deus \u00e9 suspeito de abusos sexuais durante tratamentos espirituais e sua pris\u00e3o foi determinada pela Justi\u00e7a na tarde de sexta (14), a pedido do Minist\u00e9rio P\u00fablico (MP-GO) e da Pol\u00edcia Civil de Goi\u00e1s.<\/p>\n\n\n\n<p>Jo\u00e3o de Deus foi levado para a Delegacia Estadual de Investiga\u00e7\u00f5es Criminais (Deic) e chegou por volta das 18h.\u00a0Mais de 300 mulheres afirmam ter sido v\u00edtimas do religioso. A defesa nega. A pris\u00e3o \u00e9 preventiva \u2013 ou seja, sem prazo para terminar.<\/p>\n\n\n\n<div class=\"wp-block-image\"><figure class=\"aligncenter\"><img data-recalc-dims=\"1\" decoding=\"async\" width=\"800\" height=\"533\" src=\"https:\/\/i0.wp.com\/blogdoeloiltoncajuhy.com.br\/site\/wp-content\/uploads\/2018\/12\/joao-deus_prisao_2.jpg?resize=800%2C533\" alt=\"\" class=\"wp-image-30020\" srcset=\"https:\/\/i0.wp.com\/blogdoeloiltoncajuhy.com.br\/site\/wp-content\/uploads\/2018\/12\/joao-deus_prisao_2.jpg?w=984&amp;ssl=1 984w, https:\/\/i0.wp.com\/blogdoeloiltoncajuhy.com.br\/site\/wp-content\/uploads\/2018\/12\/joao-deus_prisao_2.jpg?resize=300%2C200&amp;ssl=1 300w, https:\/\/i0.wp.com\/blogdoeloiltoncajuhy.com.br\/site\/wp-content\/uploads\/2018\/12\/joao-deus_prisao_2.jpg?resize=768%2C512&amp;ssl=1 768w, https:\/\/i0.wp.com\/blogdoeloiltoncajuhy.com.br\/site\/wp-content\/uploads\/2018\/12\/joao-deus_prisao_2.jpg?resize=250%2C167&amp;ssl=1 250w\" sizes=\"(max-width: 800px) 100vw, 800px\" \/><figcaption><strong><em>Jo\u00e3o de Deus chega a delegacia em Goi\u00e2nia ap\u00f3s se entregar \u00e0 pol\u00edcia neste domingo (16) \u2014 Foto: REUTERS\/Metropoles\/Igo Estrela<\/em><\/strong><\/figcaption><\/figure><\/div>\n\n\n\n<p>A Pol\u00edcia Civil disse que Jo\u00e3o de Deus se apresentou espontaneamente ao delegado-geral, Andr\u00e9 Fernandes, e ao delegado titular da Deic. Ele estava acompanhado de advogados e ainda n\u00e3o existe decis\u00e3o sobre o local onde ele ficar\u00e1 detido.<\/p>\n\n\n\n<p>A pol\u00edcia tamb\u00e9m informou que n\u00e3o foram usadas algemas na opera\u00e7\u00e3o e que o m\u00e9dium vai dormir no N\u00facleo de Cust\u00f3dia, no Complexo Prisional de Aparecida de Goi\u00e2nia, nesta primeira noite.<\/p>\n\n\n\n<p><em>\\&#8221;Na hora em que eu fiquei sabendo, eu me entrego \u00e0 justi\u00e7a divina e a Justi\u00e7a \\da Terra, que eu prometi, e estou indo agora me entregar, porque eu fiquei \\sabendo pelo meu advogado que est\u00e1 aqui presente, o doutor Toron&#8221;<\/em>, disse Jo\u00e3o de Deus \u00e0 jornalista M\u00f4nica Bergamo, do jornal &#8220;Folha de S. Paulo&#8221;.<br><\/p>\n\n\n\n<p>Ele deu a declara\u00e7\u00e3o quando questionado pela jornalista sobre o motivo de estar se entregando neste domingo, e n\u00e3o anteriormente. Logo depois, ele entrou em um carro junto com seu advogado para se entregar.<\/p>\n\n\n\n<p>Em entrevista em frente \u00e0 Deic, para onde Jo\u00e3o de Deus foi levado, o advogado Alberto Toron afirmou que pretende entrar com o pedido de habeas corpus nesta segunda-feira (17), para <em>&#8220;discutir a legalidade da pris\u00e3o&#8221;<\/em>, e tamb\u00e9m citou como alternativas poss\u00edveis uma pris\u00e3o domiciliar e o uso de tornozeleira eletr\u00f4nica.<\/p>\n\n\n\n<p>Na ocasi\u00e3o, ele tamb\u00e9m negou inten\u00e7\u00e3o de fuga, disse que os R$ 35 milh\u00f5es movimentados em contas foram <em>&#8220;apenas tirados de aplica\u00e7\u00f5es&#8221;<\/em> e declarou desconhecer o teor dos depoimentos das mulheres que denunciaram o m\u00e9dium.<\/p>\n\n\n\n<p><em>&#8220;O senhor Jo\u00e3o nega essas acusa\u00e7\u00f5es. N\u00f3s, com o tempo, poderemos demonstrar o que aconteceu&#8221;<\/em>, afirmou o defensor. <em>&#8220;[Ele deu] Mostras claras de que respeita a Justi\u00e7a, respeita o judici\u00e1rio&#8221;.<\/em><\/p>\n\n\n\n<p class=\"has-medium-font-size\"><strong>Veja no v\u00eddeo abaixo imagens do momento em que ele se entrega \u00e0 pol\u00edcia:<\/strong><\/p>\n\n\n\n<figure class=\"wp-block-embed-youtube wp-block-embed is-type-video is-provider-youtube wp-embed-aspect-16-9 wp-has-aspect-ratio\"><div class=\"wp-block-embed__wrapper\">\n<iframe title=\"Jo\u00e3o de Deus se entrega a Pol\u00edcia.\" width=\"800\" height=\"450\" src=\"https:\/\/www.youtube.com\/embed\/FlEDW6UEFNg?feature=oembed\" frameborder=\"0\" allow=\"accelerometer; autoplay; encrypted-media; gyroscope; picture-in-picture\" allowfullscreen><\/iframe>\n<\/div><\/figure>\n\n\n\n<p>Tamb\u00e9m em entrevista coletiva no local, o delegado-geral deu detalhes sobre os rumos da investiga\u00e7\u00e3o. <em>\u201cEle vai ser ouvido caso por caso. Vai ser um depoimento longo [o do Jo\u00e3o de Deus], mas a Pol\u00edcia Civil se preparou para isso. S\u00e3o 15 casos que chegaram at\u00e9 a n\u00f3s\u201d.<\/em><\/p>\n\n\n\n<p><em>\u201cAl\u00e9m do interrogat\u00f3rio do Jo\u00e3o de Deus, devem ser ouvidas outras pessoas para apurarmos outras situa\u00e7\u00f5es. E com a pris\u00e3o devem aparecer mais v\u00edtimas\u201d<\/em>, completou o delegado.<\/p>\n\n\n\n<p>Segundo o delegado-geral, ainda n\u00e3o h\u00e1 como definir exatamente por quais crimes ele vai responder, porque os depoimentos tratam de crimes distintos. <em>\u201cDe maneira geral, s\u00e3o crimes contra os costumes mediante fraude\u201d<\/em>, disse.<\/p>\n\n\n\n<p><strong><em>Por G1 GO e GloboNews<\/em><\/strong><\/p>\n","protected":false},"excerpt":{"rendered":"<p>Ele teve pris\u00e3o preventiva decretada na sexta-feira (14) e era procurado pela pol\u00edcia. Ele foi levado a delegacia em Goi\u00e2nia. Mais de 300 mulheres denunciaram terem sido v\u00edtimas de abuso O m\u00e9dium Jo\u00e3o de Deus se entregou \u00e0 pol\u00edcia neste domingo (16), \u00e0s 16h20, em uma estrada de terra em Abadi\u00e2nia, na regi\u00e3o central de [&hellip;]<\/p>\n","protected":false},"author":2,"featured_media":30020,"comment_status":"open","ping_status":"open","sticky":false,"template":"","format":"standard","meta":{"_acf_changed":false,"_monsterinsights_skip_tracking":false,"_monsterinsights_sitenote_active":false,"_monsterinsights_sitenote_note":"","_monsterinsights_sitenote_category":0,"_jetpack_memberships_contains_paid_content":false,"footnotes":"","jetpack_publicize_message":"","jetpack_publicize_feature_enabled":true,"jetpack_social_post_already_shared":true,"jetpack_social_options":{"image_generator_settings":{"template":"highway","default_image_id":0,"font":"","enabled":false},"version":2}},"categories":[5,1],"tags":[],"class_list":["post-30018","post","type-post","status-publish","format-standard","has-post-thumbnail","hentry","category-cotidiano","category-noticias"],"acf":[],"jetpack_publicize_connections":[],"jetpack_featured_media_url":"https:\/\/i0.wp.com\/blogdoeloiltoncajuhy.com.br\/site\/wp-content\/uploads\/2018\/12\/joao-deus_prisao_2.jpg?fit=984%2C656&ssl=1","jetpack_sharing_enabled":true,"publishpress_future_workflow_manual_trigger":{"enabledWorkflows":[]},"_links":{"self":[{"href":"https:\/\/blogdoeloiltoncajuhy.com.br\/site\/wp-json\/wp\/v2\/posts\/30018","targetHints":{"allow":["GET"]}}],"collection":[{"href":"https:\/\/blogdoeloiltoncajuhy.com.br\/site\/wp-json\/wp\/v2\/posts"}],"about":[{"href":"https:\/\/blogdoeloiltoncajuhy.com.br\/site\/wp-json\/wp\/v2\/types\/post"}],"author":[{"embeddable":true,"href":"https:\/\/blogdoeloiltoncajuhy.com.br\/site\/wp-json\/wp\/v2\/users\/2"}],"replies":[{"embeddable":true,"href":"https:\/\/blogdoeloiltoncajuhy.com.br\/site\/wp-json\/wp\/v2\/comments?post=30018"}],"version-history":[{"count":1,"href":"https:\/\/blogdoeloiltoncajuhy.com.br\/site\/wp-json\/wp\/v2\/posts\/30018\/revisions"}],"predecessor-version":[{"id":30021,"href":"https:\/\/blogdoeloiltoncajuhy.com.br\/site\/wp-json\/wp\/v2\/posts\/30018\/revisions\/30021"}],"wp:featuredmedia":[{"embeddable":true,"href":"https:\/\/blogdoeloiltoncajuhy.com.br\/site\/wp-json\/wp\/v2\/media\/30020"}],"wp:attachment":[{"href":"https:\/\/blogdoeloiltoncajuhy.com.br\/site\/wp-json\/wp\/v2\/media?parent=30018"}],"wp:term":[{"taxonomy":"category","embeddable":true,"href":"https:\/\/blogdoeloiltoncajuhy.com.br\/site\/wp-json\/wp\/v2\/categories?post=30018"},{"taxonomy":"post_tag","embeddable":true,"href":"https:\/\/blogdoeloiltoncajuhy.com.br\/site\/wp-json\/wp\/v2\/tags?post=30018"}],"curies":[{"name":"wp","href":"https:\/\/api.w.org\/{rel}","templated":true}]}}