{"id":30011,"date":"2018-12-16T08:59:13","date_gmt":"2018-12-16T11:59:13","guid":{"rendered":"http:\/\/blogdoeloiltoncajuhy.com.br\/site\/?p=30011"},"modified":"2018-12-16T08:59:19","modified_gmt":"2018-12-16T11:59:19","slug":"moto-tomada-em-assalto-e-recuperada-pela-pm-de-bonfim","status":"publish","type":"post","link":"https:\/\/blogdoeloiltoncajuhy.com.br\/site\/moto-tomada-em-assalto-e-recuperada-pela-pm-de-bonfim\/","title":{"rendered":"Moto tomada em assalto \u00e9 recuperada pela PM de Bonfim"},"content":{"rendered":"\n<div class=\"wp-block-image\"><figure class=\"aligncenter is-resized\"><img data-recalc-dims=\"1\" fetchpriority=\"high\" decoding=\"async\" src=\"https:\/\/i0.wp.com\/blogdoeloiltoncajuhy.com.br\/site\/wp-content\/uploads\/2018\/12\/moto-recuperada.jpg?resize=541%2C304\" alt=\"\" class=\"wp-image-30012\" width=\"541\" height=\"304\" srcset=\"https:\/\/i0.wp.com\/blogdoeloiltoncajuhy.com.br\/site\/wp-content\/uploads\/2018\/12\/moto-recuperada.jpg?resize=1024%2C576&amp;ssl=1 1024w, https:\/\/i0.wp.com\/blogdoeloiltoncajuhy.com.br\/site\/wp-content\/uploads\/2018\/12\/moto-recuperada.jpg?resize=300%2C169&amp;ssl=1 300w, https:\/\/i0.wp.com\/blogdoeloiltoncajuhy.com.br\/site\/wp-content\/uploads\/2018\/12\/moto-recuperada.jpg?resize=768%2C432&amp;ssl=1 768w, https:\/\/i0.wp.com\/blogdoeloiltoncajuhy.com.br\/site\/wp-content\/uploads\/2018\/12\/moto-recuperada.jpg?resize=250%2C141&amp;ssl=1 250w, https:\/\/i0.wp.com\/blogdoeloiltoncajuhy.com.br\/site\/wp-content\/uploads\/2018\/12\/moto-recuperada.jpg?w=1280&amp;ssl=1 1280w\" sizes=\"(max-width: 541px) 100vw, 541px\" \/><\/figure><\/div>\n\n\n\n<p>Policiais da 2\u00b0 Cia. da PM em Andorinha, foram informados por v\u00edtima de assalto que teve sua moto tomada em assalto na \u00faltima quinta-feira (13), por dois indiv\u00edduos armados.<\/p>\n\n\n\n<p>Ap\u00f3s informa\u00e7\u00f5es,  a Guarni\u00e7\u00e3o chegou na casa de um suspeito, na sexta-feira e, em contato com a m\u00e3e do acusado e a sua permiss\u00e3o,   identificaram a moto pelo chassi e motor.<\/p>\n\n\n\n<p>O ve\u00edculo foi devolvido ao propriet\u00e1rio ap\u00f3s a guarni\u00e7\u00e3o levar ao conhecimento da autoridade plantonista civil, na cidade de Andorinha.<\/p>\n\n\n\n<p><strong><em>BLOG DO ELOILTON CAJUHY &#8211; Com informa\u00e7\u00f5es do 6\u00ba BPM\/Senhor do Bonfim<\/em><\/strong><\/p>\n","protected":false},"excerpt":{"rendered":"<p>Policiais da 2\u00b0 Cia. da PM em Andorinha, foram informados por v\u00edtima de assalto que teve sua moto tomada em assalto na \u00faltima quinta-feira (13), por dois indiv\u00edduos armados. Ap\u00f3s informa\u00e7\u00f5es, a Guarni\u00e7\u00e3o chegou na casa de um suspeito, na sexta-feira e, em contato com a m\u00e3e do acusado e a sua permiss\u00e3o, identificaram a [&hellip;]<\/p>\n","protected":false},"author":2,"featured_media":30012,"comment_status":"open","ping_status":"open","sticky":false,"template":"","format":"standard","meta":{"_acf_changed":false,"_monsterinsights_skip_tracking":false,"_monsterinsights_sitenote_active":false,"_monsterinsights_sitenote_note":"","_monsterinsights_sitenote_category":0,"_jetpack_memberships_contains_paid_content":false,"footnotes":"","jetpack_publicize_message":"","jetpack_publicize_feature_enabled":true,"jetpack_social_post_already_shared":true,"jetpack_social_options":{"image_generator_settings":{"template":"highway","default_image_id":0,"font":"","enabled":false},"version":2}},"categories":[5,1,11],"tags":[],"class_list":["post-30011","post","type-post","status-publish","format-standard","has-post-thumbnail","hentry","category-cotidiano","category-noticias","category-regional"],"acf":[],"jetpack_publicize_connections":[],"jetpack_featured_media_url":"https:\/\/i0.wp.com\/blogdoeloiltoncajuhy.com.br\/site\/wp-content\/uploads\/2018\/12\/moto-recuperada.jpg?fit=1280%2C720&ssl=1","jetpack_sharing_enabled":true,"publishpress_future_workflow_manual_trigger":{"enabledWorkflows":[]},"_links":{"self":[{"href":"https:\/\/blogdoeloiltoncajuhy.com.br\/site\/wp-json\/wp\/v2\/posts\/30011","targetHints":{"allow":["GET"]}}],"collection":[{"href":"https:\/\/blogdoeloiltoncajuhy.com.br\/site\/wp-json\/wp\/v2\/posts"}],"about":[{"href":"https:\/\/blogdoeloiltoncajuhy.com.br\/site\/wp-json\/wp\/v2\/types\/post"}],"author":[{"embeddable":true,"href":"https:\/\/blogdoeloiltoncajuhy.com.br\/site\/wp-json\/wp\/v2\/users\/2"}],"replies":[{"embeddable":true,"href":"https:\/\/blogdoeloiltoncajuhy.com.br\/site\/wp-json\/wp\/v2\/comments?post=30011"}],"version-history":[{"count":1,"href":"https:\/\/blogdoeloiltoncajuhy.com.br\/site\/wp-json\/wp\/v2\/posts\/30011\/revisions"}],"predecessor-version":[{"id":30013,"href":"https:\/\/blogdoeloiltoncajuhy.com.br\/site\/wp-json\/wp\/v2\/posts\/30011\/revisions\/30013"}],"wp:featuredmedia":[{"embeddable":true,"href":"https:\/\/blogdoeloiltoncajuhy.com.br\/site\/wp-json\/wp\/v2\/media\/30012"}],"wp:attachment":[{"href":"https:\/\/blogdoeloiltoncajuhy.com.br\/site\/wp-json\/wp\/v2\/media?parent=30011"}],"wp:term":[{"taxonomy":"category","embeddable":true,"href":"https:\/\/blogdoeloiltoncajuhy.com.br\/site\/wp-json\/wp\/v2\/categories?post=30011"},{"taxonomy":"post_tag","embeddable":true,"href":"https:\/\/blogdoeloiltoncajuhy.com.br\/site\/wp-json\/wp\/v2\/tags?post=30011"}],"curies":[{"name":"wp","href":"https:\/\/api.w.org\/{rel}","templated":true}]}}