{"id":30002,"date":"2018-12-15T21:44:36","date_gmt":"2018-12-16T00:44:36","guid":{"rendered":"http:\/\/blogdoeloiltoncajuhy.com.br\/site\/?p=30002"},"modified":"2018-12-15T21:44:42","modified_gmt":"2018-12-16T00:44:42","slug":"operacao-rodovida-comecou-nas-estradas-brasileiras","status":"publish","type":"post","link":"https:\/\/blogdoeloiltoncajuhy.com.br\/site\/operacao-rodovida-comecou-nas-estradas-brasileiras\/","title":{"rendered":"Opera\u00e7\u00e3o Rodovida come\u00e7ou nas estradas brasileiras"},"content":{"rendered":"\n<h5 class=\"wp-block-heading\" style=\"text-align:center\"><em>Saiba como vai funcionar a for\u00e7a-tarefa que, neste ano, ter\u00e1 atua\u00e7\u00e3o voltada para a redu\u00e7\u00e3o da viol\u00eancia no tr\u00e2nsito<\/em><\/h5>\n\n\n\n<div class=\"wp-block-image\"><figure class=\"aligncenter is-resized\"><img data-recalc-dims=\"1\" fetchpriority=\"high\" decoding=\"async\" src=\"https:\/\/i0.wp.com\/blogdoeloiltoncajuhy.com.br\/site\/wp-content\/uploads\/2018\/12\/PRF_operacao-rodovida_2018.jpeg?resize=641%2C313\" alt=\"\" class=\"wp-image-30003\" width=\"641\" height=\"313\" srcset=\"https:\/\/i0.wp.com\/blogdoeloiltoncajuhy.com.br\/site\/wp-content\/uploads\/2018\/12\/PRF_operacao-rodovida_2018.jpeg?w=960&amp;ssl=1 960w, https:\/\/i0.wp.com\/blogdoeloiltoncajuhy.com.br\/site\/wp-content\/uploads\/2018\/12\/PRF_operacao-rodovida_2018.jpeg?resize=300%2C147&amp;ssl=1 300w, https:\/\/i0.wp.com\/blogdoeloiltoncajuhy.com.br\/site\/wp-content\/uploads\/2018\/12\/PRF_operacao-rodovida_2018.jpeg?resize=768%2C376&amp;ssl=1 768w, https:\/\/i0.wp.com\/blogdoeloiltoncajuhy.com.br\/site\/wp-content\/uploads\/2018\/12\/PRF_operacao-rodovida_2018.jpeg?resize=250%2C122&amp;ssl=1 250w\" sizes=\"(max-width: 641px) 100vw, 641px\" \/><figcaption><em><strong>A Opera\u00e7\u00e3o Rodovida vai ocorrer em dois per\u00edodos nos quais costuma haver aumento do fluxo de ve\u00edculos e passageiros nas rodovias federais: f\u00e9rias escolares, Natal, Ano Novo e Carnaval &#8211; Foto: Pedro Ventura\/Ag\u00eancia Bras\u00edlia<\/strong><\/em><\/figcaption><\/figure><\/div>\n\n\n\n<p>A Pol\u00edcia Rodovi\u00e1ria Federal (PRF) iniciou, nesta sexta-feira (14), a Opera\u00e7\u00e3o Integrada Rodovida 2018\/2019, uma for\u00e7a-tarefa do governo federal comandada pela PRF com participa\u00e7\u00e3o da Presid\u00eancia da Rep\u00fablica, da Casa Civil e dos minist\u00e9rios das Cidades, da Sa\u00fade e dos Transportes.<\/p>\n\n\n\n<p>A Opera\u00e7\u00e3o Rodovida vai ocorrer em dois per\u00edodos nos quais costuma haver aumento do fluxo de ve\u00edculos e passageiros nas rodovias federais. O primeiro compreende as f\u00e9rias escolares, Natal e Ano Novo. As a\u00e7\u00f5es tiveram in\u00edcio nesta sexta-feira (14) e v\u00e3o at\u00e9 31 de janeiro. O segundo per\u00edodo \u00e9 o do Carnaval. A atua\u00e7\u00e3o da PRF ser\u00e1 intensificada entre 22 de fevereiro e 9 de mar\u00e7o de 2019.<\/p>\n\n\n\n<p class=\"has-medium-font-size\"><strong>Consci\u00eancia e fiscaliza\u00e7\u00e3o<\/strong><br><\/p>\n\n\n\n<p>A Opera\u00e7\u00e3o Rodovida consiste, de forma resumida, em per\u00edodos de fiscaliza\u00e7\u00e3o intensificada, com o intuito de coibir pr\u00e1ticas perigosas nas rodovias. Isso vale, de modo especial, para ultrapassagens irregulares, excesso de velocidade, consumo de \u00e1lcool, atropelamento de pedestres e tr\u00e2nsito irregular de motocicletas. Paralelamente, o Minist\u00e9rio da Justi\u00e7a e os outros \u00f3rg\u00e3os participantes promover\u00e3o campanhas publicit\u00e1rias de conscientiza\u00e7\u00e3o em todo o Brasil.<\/p>\n\n\n\n<p><em>\u201cA Pol\u00edcia Rodovi\u00e1ria Federal est\u00e1 engajada tamb\u00e9m no Programa da Organiza\u00e7\u00e3o das Na\u00e7\u00f5es Unidas (ONU), D\u00e9cada Mundial de Seguran\u00e7a no Tr\u00e2nsito 2011-2020, cuja meta priorit\u00e1ria \u00e9 reduzir em 50% o n\u00famero de mortos e de feridos em decorr\u00eancia de acidentes de tr\u00e2nsito, recepcionado pelo governo brasileiro em maio de 2011, por interm\u00e9dio do Pacto Nacional pela Redu\u00e7\u00e3o de Acidentes no Tr\u00e2nsito (Pacto pela Vida)\u201d<\/em>, informou, em nota, a PRF.<\/p>\n\n\n\n<p><strong><em>Fonte: Governo do Brasil, com informa\u00e7\u00f5es da PRF<\/em><\/strong><\/p>\n","protected":false},"excerpt":{"rendered":"<p>Saiba como vai funcionar a for\u00e7a-tarefa que, neste ano, ter\u00e1 atua\u00e7\u00e3o voltada para a redu\u00e7\u00e3o da viol\u00eancia no tr\u00e2nsito A Pol\u00edcia Rodovi\u00e1ria Federal (PRF) iniciou, nesta sexta-feira (14), a Opera\u00e7\u00e3o Integrada Rodovida 2018\/2019, uma for\u00e7a-tarefa do governo federal comandada pela PRF com participa\u00e7\u00e3o da Presid\u00eancia da Rep\u00fablica, da Casa Civil e dos minist\u00e9rios das Cidades, [&hellip;]<\/p>\n","protected":false},"author":2,"featured_media":30003,"comment_status":"open","ping_status":"open","sticky":false,"template":"","format":"standard","meta":{"_acf_changed":false,"_monsterinsights_skip_tracking":false,"_monsterinsights_sitenote_active":false,"_monsterinsights_sitenote_note":"","_monsterinsights_sitenote_category":0,"_jetpack_memberships_contains_paid_content":false,"footnotes":"","jetpack_publicize_message":"","jetpack_publicize_feature_enabled":true,"jetpack_social_post_already_shared":true,"jetpack_social_options":{"image_generator_settings":{"template":"highway","default_image_id":0,"font":"","enabled":false},"version":2}},"categories":[5,1],"tags":[],"class_list":["post-30002","post","type-post","status-publish","format-standard","has-post-thumbnail","hentry","category-cotidiano","category-noticias"],"acf":[],"jetpack_publicize_connections":[],"jetpack_featured_media_url":"https:\/\/i0.wp.com\/blogdoeloiltoncajuhy.com.br\/site\/wp-content\/uploads\/2018\/12\/PRF_operacao-rodovida_2018.jpeg?fit=960%2C470&ssl=1","jetpack_sharing_enabled":true,"publishpress_future_workflow_manual_trigger":{"enabledWorkflows":[]},"_links":{"self":[{"href":"https:\/\/blogdoeloiltoncajuhy.com.br\/site\/wp-json\/wp\/v2\/posts\/30002","targetHints":{"allow":["GET"]}}],"collection":[{"href":"https:\/\/blogdoeloiltoncajuhy.com.br\/site\/wp-json\/wp\/v2\/posts"}],"about":[{"href":"https:\/\/blogdoeloiltoncajuhy.com.br\/site\/wp-json\/wp\/v2\/types\/post"}],"author":[{"embeddable":true,"href":"https:\/\/blogdoeloiltoncajuhy.com.br\/site\/wp-json\/wp\/v2\/users\/2"}],"replies":[{"embeddable":true,"href":"https:\/\/blogdoeloiltoncajuhy.com.br\/site\/wp-json\/wp\/v2\/comments?post=30002"}],"version-history":[{"count":1,"href":"https:\/\/blogdoeloiltoncajuhy.com.br\/site\/wp-json\/wp\/v2\/posts\/30002\/revisions"}],"predecessor-version":[{"id":30004,"href":"https:\/\/blogdoeloiltoncajuhy.com.br\/site\/wp-json\/wp\/v2\/posts\/30002\/revisions\/30004"}],"wp:featuredmedia":[{"embeddable":true,"href":"https:\/\/blogdoeloiltoncajuhy.com.br\/site\/wp-json\/wp\/v2\/media\/30003"}],"wp:attachment":[{"href":"https:\/\/blogdoeloiltoncajuhy.com.br\/site\/wp-json\/wp\/v2\/media?parent=30002"}],"wp:term":[{"taxonomy":"category","embeddable":true,"href":"https:\/\/blogdoeloiltoncajuhy.com.br\/site\/wp-json\/wp\/v2\/categories?post=30002"},{"taxonomy":"post_tag","embeddable":true,"href":"https:\/\/blogdoeloiltoncajuhy.com.br\/site\/wp-json\/wp\/v2\/tags?post=30002"}],"curies":[{"name":"wp","href":"https:\/\/api.w.org\/{rel}","templated":true}]}}