{"id":29998,"date":"2018-12-15T21:34:34","date_gmt":"2018-12-16T00:34:34","guid":{"rendered":"http:\/\/blogdoeloiltoncajuhy.com.br\/site\/?p=29998"},"modified":"2018-12-15T21:35:29","modified_gmt":"2018-12-16T00:35:29","slug":"base-nacional-comum-curricular-esta-completa","status":"publish","type":"post","link":"https:\/\/blogdoeloiltoncajuhy.com.br\/site\/base-nacional-comum-curricular-esta-completa\/","title":{"rendered":"Base Nacional Comum Curricular est\u00e1 completa"},"content":{"rendered":"\n<h5 class=\"wp-block-heading\" style=\"text-align:center\"><em>Etapa do ensino m\u00e9dio foi homologada. Agora, todos os n\u00edveis da educa\u00e7\u00e3o b\u00e1sica possuem conte\u00fados definidos que ser\u00e3o ensinados aos alunos<\/em><\/h5>\n\n\n\n<figure class=\"wp-block-image is-resized\"><img data-recalc-dims=\"1\" fetchpriority=\"high\" decoding=\"async\" src=\"https:\/\/i0.wp.com\/blogdoeloiltoncajuhy.com.br\/site\/wp-content\/uploads\/2018\/12\/BNCC_dez-2018.jpeg?resize=592%2C289\" alt=\"\" class=\"wp-image-29999\" width=\"592\" height=\"289\" srcset=\"https:\/\/i0.wp.com\/blogdoeloiltoncajuhy.com.br\/site\/wp-content\/uploads\/2018\/12\/BNCC_dez-2018.jpeg?w=960&amp;ssl=1 960w, https:\/\/i0.wp.com\/blogdoeloiltoncajuhy.com.br\/site\/wp-content\/uploads\/2018\/12\/BNCC_dez-2018.jpeg?resize=300%2C147&amp;ssl=1 300w, https:\/\/i0.wp.com\/blogdoeloiltoncajuhy.com.br\/site\/wp-content\/uploads\/2018\/12\/BNCC_dez-2018.jpeg?resize=768%2C376&amp;ssl=1 768w, https:\/\/i0.wp.com\/blogdoeloiltoncajuhy.com.br\/site\/wp-content\/uploads\/2018\/12\/BNCC_dez-2018.jpeg?resize=250%2C122&amp;ssl=1 250w\" sizes=\"(max-width: 592px) 100vw, 592px\" \/><figcaption><strong><em>A BNCC do Ensino M\u00e9dio foi entregue pelo MEC ao CNE em abril de 2018 e a aprova\u00e7\u00e3o no colegiado ocorreu em 5 de dezembro &#8211; Foto: Tony Winston\/Ag\u00eancia Bras\u00edlia<\/em><\/strong><\/figcaption><\/figure>\n\n\n\n<p>A etapa do ensino m\u00e9dio da Base Nacional Comum Curricular (BNCC) foi homologada nesta sexta-feira (14) pelo ministro da Educa\u00e7\u00e3o, Rossieli Soares. Com isso, a BNCC da educa\u00e7\u00e3o b\u00e1sica no Brasil est\u00e1 completa, e todas as etapas j\u00e1 possuem defini\u00e7\u00e3o dos conte\u00fados que todos os alunos t\u00eam o direito de aprender no decorrer do percurso escolar. O documento soma-se \u00e0s etapas da educa\u00e7\u00e3o infantil e do ensino fundamental, homologadas em dezembro de 2017.<\/p>\n\n\n\n<p>A partir de agora, os curr\u00edculos dever\u00e3o estar estruturados at\u00e9 junho de 2019. Entre julho e setembro, haver\u00e1 consultas p\u00fablicas regionais nos estados. Os novos documentos dever\u00e3o ser analisados e aprovados pelos conselhos estaduais de educa\u00e7\u00e3o entre outubro e dezembro, para serem aplicados a partir do in\u00edcio do ano letivo de 2020.<\/p>\n\n\n\n<p>Durante a solenidade, realizada no Conselho Nacional de Educa\u00e7\u00e3o (CNE), em Bras\u00edlia, o ministro anunciou a libera\u00e7\u00e3o de R$ 58 milh\u00f5es aos estados e ao Distrito Federal, por meio do Programa de Apoio \u00e0 Implementa\u00e7\u00e3o da Base Nacional Comum Curricular (ProBNCC) do Ensino M\u00e9dio, para que comecem o processo de implementa\u00e7\u00e3o dessa etapa.<\/p>\n\n\n\n<p>Na ocasi\u00e3o, ele tamb\u00e9m lan\u00e7ou o Portal Novo Ensino M\u00e9dio, que re\u00fane informa\u00e7\u00f5es sobre todas as pol\u00edticas e a\u00e7\u00f5es que t\u00eam sido organizadas pelo MEC nesse per\u00edodo e que est\u00e3o \u00e0 disposi\u00e7\u00e3o dos gestores e da comunidade em geral.<\/p>\n\n\n\n<p>Para a secret\u00e1ria de Educa\u00e7\u00e3o B\u00e1sica do MEC, K\u00e1tia Smole, o foco est\u00e1 na continuidade de um trabalho conjunto entre os estados e o MEC. <em>\u201cO ensino m\u00e9dio como um todo vai exigir bastante da sociedade, dos educadores. Chegamos aqui com um documento robusto que precisa virar curr\u00edculo, a\u00e7\u00e3o afirmativa junto aos estados e institui\u00e7\u00f5es formadoras. O Brasil avan\u00e7ou em educa\u00e7\u00e3o nos \u00faltimos anos de jeito maduro, trazendo estados e munic\u00edpios para junto do Minist\u00e9rio da Educa\u00e7\u00e3o\u201d<\/em>, afirmou.<\/p>\n\n\n\n<p class=\"has-medium-font-size\"><strong>Sobre a Base<\/strong><br><\/p>\n\n\n\n<p>A BNCC do Ensino M\u00e9dio foi entregue pelo MEC ao CNE em abril de 2018 e a aprova\u00e7\u00e3o no colegiado ocorreu em 5 de dezembro. O texto homologado foi aprimorado com as contribui\u00e7\u00f5es dos segmentos sociais, secretarias e conselhos estaduais de educa\u00e7\u00e3o, gestores escolares, professores e alunos. As altera\u00e7\u00f5es buscaram dar maior clareza ao documento, tanto em rela\u00e7\u00e3o \u00e0s compet\u00eancias e habilidades, quanto a aspectos como a progress\u00e3o de aprendizagem, projeto de vida, trabalho e mundo digital.<\/p>\n\n\n\n<p>Com o objetivo de alinhamento \u00e0 Base, dever\u00e1 ser implementada a Pol\u00edtica Nacional de Forma\u00e7\u00e3o de Professores e revisados o Exame Nacional do Ensino M\u00e9dio (Enem), o Programa Nacional do Livro e do Material Did\u00e1tico (PNLD) e o Sistema Nacional de Avalia\u00e7\u00e3o da Educa\u00e7\u00e3o B\u00e1sica (Saeb).<\/p>\n\n\n\n<p><strong><em>Fonte: Minist\u00e9rio da Educa\u00e7\u00e3o<\/em><\/strong><\/p>\n","protected":false},"excerpt":{"rendered":"<p>Etapa do ensino m\u00e9dio foi homologada. Agora, todos os n\u00edveis da educa\u00e7\u00e3o b\u00e1sica possuem conte\u00fados definidos que ser\u00e3o ensinados aos alunos A etapa do ensino m\u00e9dio da Base Nacional Comum Curricular (BNCC) foi homologada nesta sexta-feira (14) pelo ministro da Educa\u00e7\u00e3o, Rossieli Soares. Com isso, a BNCC da educa\u00e7\u00e3o b\u00e1sica no Brasil est\u00e1 completa, e [&hellip;]<\/p>\n","protected":false},"author":2,"featured_media":29999,"comment_status":"open","ping_status":"open","sticky":false,"template":"","format":"standard","meta":{"_acf_changed":false,"_monsterinsights_skip_tracking":false,"_monsterinsights_sitenote_active":false,"_monsterinsights_sitenote_note":"","_monsterinsights_sitenote_category":0,"_jetpack_memberships_contains_paid_content":false,"footnotes":"","jetpack_publicize_message":"","jetpack_publicize_feature_enabled":true,"jetpack_social_post_already_shared":true,"jetpack_social_options":{"image_generator_settings":{"template":"highway","default_image_id":0,"font":"","enabled":false},"version":2}},"categories":[14,1],"tags":[],"class_list":["post-29998","post","type-post","status-publish","format-standard","has-post-thumbnail","hentry","category-educacao","category-noticias"],"acf":[],"jetpack_publicize_connections":[],"jetpack_featured_media_url":"https:\/\/i0.wp.com\/blogdoeloiltoncajuhy.com.br\/site\/wp-content\/uploads\/2018\/12\/BNCC_dez-2018.jpeg?fit=960%2C470&ssl=1","jetpack_sharing_enabled":true,"publishpress_future_workflow_manual_trigger":{"enabledWorkflows":[]},"_links":{"self":[{"href":"https:\/\/blogdoeloiltoncajuhy.com.br\/site\/wp-json\/wp\/v2\/posts\/29998","targetHints":{"allow":["GET"]}}],"collection":[{"href":"https:\/\/blogdoeloiltoncajuhy.com.br\/site\/wp-json\/wp\/v2\/posts"}],"about":[{"href":"https:\/\/blogdoeloiltoncajuhy.com.br\/site\/wp-json\/wp\/v2\/types\/post"}],"author":[{"embeddable":true,"href":"https:\/\/blogdoeloiltoncajuhy.com.br\/site\/wp-json\/wp\/v2\/users\/2"}],"replies":[{"embeddable":true,"href":"https:\/\/blogdoeloiltoncajuhy.com.br\/site\/wp-json\/wp\/v2\/comments?post=29998"}],"version-history":[{"count":2,"href":"https:\/\/blogdoeloiltoncajuhy.com.br\/site\/wp-json\/wp\/v2\/posts\/29998\/revisions"}],"predecessor-version":[{"id":30001,"href":"https:\/\/blogdoeloiltoncajuhy.com.br\/site\/wp-json\/wp\/v2\/posts\/29998\/revisions\/30001"}],"wp:featuredmedia":[{"embeddable":true,"href":"https:\/\/blogdoeloiltoncajuhy.com.br\/site\/wp-json\/wp\/v2\/media\/29999"}],"wp:attachment":[{"href":"https:\/\/blogdoeloiltoncajuhy.com.br\/site\/wp-json\/wp\/v2\/media?parent=29998"}],"wp:term":[{"taxonomy":"category","embeddable":true,"href":"https:\/\/blogdoeloiltoncajuhy.com.br\/site\/wp-json\/wp\/v2\/categories?post=29998"},{"taxonomy":"post_tag","embeddable":true,"href":"https:\/\/blogdoeloiltoncajuhy.com.br\/site\/wp-json\/wp\/v2\/tags?post=29998"}],"curies":[{"name":"wp","href":"https:\/\/api.w.org\/{rel}","templated":true}]}}