{"id":29992,"date":"2018-12-15T10:04:33","date_gmt":"2018-12-15T13:04:33","guid":{"rendered":"http:\/\/blogdoeloiltoncajuhy.com.br\/site\/?p=29992"},"modified":"2018-12-15T10:04:39","modified_gmt":"2018-12-15T13:04:39","slug":"jorge-e-mateus-nao-se-falam-mais-e-clima-e-tenso-nos-bastidores","status":"publish","type":"post","link":"https:\/\/blogdoeloiltoncajuhy.com.br\/site\/jorge-e-mateus-nao-se-falam-mais-e-clima-e-tenso-nos-bastidores\/","title":{"rendered":"Jorge e Mateus n\u00e3o se falam mais e clima \u00e9 tenso nos bastidores"},"content":{"rendered":"\n<div class=\"wp-block-image\"><figure class=\"aligncenter\"><img data-recalc-dims=\"1\" fetchpriority=\"high\" decoding=\"async\" width=\"640\" height=\"360\" src=\"https:\/\/i0.wp.com\/blogdoeloiltoncajuhy.com.br\/site\/wp-content\/uploads\/2018\/12\/jorgemateus2.jpg?resize=640%2C360\" alt=\"\" class=\"wp-image-29993\" srcset=\"https:\/\/i0.wp.com\/blogdoeloiltoncajuhy.com.br\/site\/wp-content\/uploads\/2018\/12\/jorgemateus2.jpg?w=640&amp;ssl=1 640w, https:\/\/i0.wp.com\/blogdoeloiltoncajuhy.com.br\/site\/wp-content\/uploads\/2018\/12\/jorgemateus2.jpg?resize=300%2C169&amp;ssl=1 300w, https:\/\/i0.wp.com\/blogdoeloiltoncajuhy.com.br\/site\/wp-content\/uploads\/2018\/12\/jorgemateus2.jpg?resize=250%2C141&amp;ssl=1 250w\" sizes=\"(max-width: 640px) 100vw, 640px\" \/><figcaption><em>Jorge e Mateus: crise de relacionamento (Foto: Divulga\u00e7\u00e3o)<\/em><\/figcaption><\/figure><\/div>\n\n\n\n<p>O clima anda a cada dia mais tenso entre Jorge e Mateus. Os dois nem se falam mais e os encontros t\u00eam se restringido ao palco, nos shows da dupla. Quem esteve no Festival de Salvador, no \u00faltimo domingo, p\u00f4de perceber a tens\u00e3o entre eles nos bastidores. A produ\u00e7\u00e3o dos cantores criou at\u00e9 um esquema especial para que os artistas n\u00e3o precisem passar tanto tempo juntos. At\u00e9 elevadores eles pegam separados. S\u00f3 n\u00e3o viajam em jatinhos diferentes porque o custo sairia muito alto, mas j\u00e1 chegaram a viajar cada um no seu.<\/p>\n\n\n\n<p>O clima \u00e9 ruim tamb\u00e9m entre os familiares de cada um deles, que trabalham como funcion\u00e1rios no escrit\u00f3rio da dupla. A diverg\u00eancia em rela\u00e7\u00e3o \u00e0 carreira \u00e9 um dos motivos do fim da amizade. Mateus quer tirar o p\u00e9 do acelerador e diminuir o ritmo de shows. Al\u00e9m disso, ele leva uma vida mais reservada e \u00e9 avesso a badala\u00e7\u00f5es. Jorge \u00e9 o oposto e quer manter a agenda lotada. <em>\u201cA separa\u00e7\u00e3o seria radical. Eles fizeram muitos investimentos e o retorno n\u00e3o foi o esperado. A dupla rende muito dinheiro\u201d<\/em>, diz um produtor.<\/p>\n\n\n\n<p><strong><em>Extra<\/em><\/strong><\/p>\n","protected":false},"excerpt":{"rendered":"<p>O clima anda a cada dia mais tenso entre Jorge e Mateus. Os dois nem se falam mais e os encontros t\u00eam se restringido ao palco, nos shows da dupla. Quem esteve no Festival de Salvador, no \u00faltimo domingo, p\u00f4de perceber a tens\u00e3o entre eles nos bastidores. A produ\u00e7\u00e3o dos cantores criou at\u00e9 um esquema [&hellip;]<\/p>\n","protected":false},"author":2,"featured_media":29993,"comment_status":"open","ping_status":"open","sticky":false,"template":"","format":"standard","meta":{"_acf_changed":false,"_monsterinsights_skip_tracking":false,"_monsterinsights_sitenote_active":false,"_monsterinsights_sitenote_note":"","_monsterinsights_sitenote_category":0,"_jetpack_memberships_contains_paid_content":false,"footnotes":"","jetpack_publicize_message":"","jetpack_publicize_feature_enabled":true,"jetpack_social_post_already_shared":true,"jetpack_social_options":{"image_generator_settings":{"template":"highway","default_image_id":0,"font":"","enabled":false},"version":2}},"categories":[8,1],"tags":[],"class_list":["post-29992","post","type-post","status-publish","format-standard","has-post-thumbnail","hentry","category-cultura","category-noticias"],"acf":[],"jetpack_publicize_connections":[],"jetpack_featured_media_url":"https:\/\/i0.wp.com\/blogdoeloiltoncajuhy.com.br\/site\/wp-content\/uploads\/2018\/12\/jorgemateus2.jpg?fit=640%2C360&ssl=1","jetpack_sharing_enabled":true,"publishpress_future_workflow_manual_trigger":{"enabledWorkflows":[]},"_links":{"self":[{"href":"https:\/\/blogdoeloiltoncajuhy.com.br\/site\/wp-json\/wp\/v2\/posts\/29992","targetHints":{"allow":["GET"]}}],"collection":[{"href":"https:\/\/blogdoeloiltoncajuhy.com.br\/site\/wp-json\/wp\/v2\/posts"}],"about":[{"href":"https:\/\/blogdoeloiltoncajuhy.com.br\/site\/wp-json\/wp\/v2\/types\/post"}],"author":[{"embeddable":true,"href":"https:\/\/blogdoeloiltoncajuhy.com.br\/site\/wp-json\/wp\/v2\/users\/2"}],"replies":[{"embeddable":true,"href":"https:\/\/blogdoeloiltoncajuhy.com.br\/site\/wp-json\/wp\/v2\/comments?post=29992"}],"version-history":[{"count":1,"href":"https:\/\/blogdoeloiltoncajuhy.com.br\/site\/wp-json\/wp\/v2\/posts\/29992\/revisions"}],"predecessor-version":[{"id":29994,"href":"https:\/\/blogdoeloiltoncajuhy.com.br\/site\/wp-json\/wp\/v2\/posts\/29992\/revisions\/29994"}],"wp:featuredmedia":[{"embeddable":true,"href":"https:\/\/blogdoeloiltoncajuhy.com.br\/site\/wp-json\/wp\/v2\/media\/29993"}],"wp:attachment":[{"href":"https:\/\/blogdoeloiltoncajuhy.com.br\/site\/wp-json\/wp\/v2\/media?parent=29992"}],"wp:term":[{"taxonomy":"category","embeddable":true,"href":"https:\/\/blogdoeloiltoncajuhy.com.br\/site\/wp-json\/wp\/v2\/categories?post=29992"},{"taxonomy":"post_tag","embeddable":true,"href":"https:\/\/blogdoeloiltoncajuhy.com.br\/site\/wp-json\/wp\/v2\/tags?post=29992"}],"curies":[{"name":"wp","href":"https:\/\/api.w.org\/{rel}","templated":true}]}}