{"id":29989,"date":"2018-12-15T09:51:54","date_gmt":"2018-12-15T12:51:54","guid":{"rendered":"http:\/\/blogdoeloiltoncajuhy.com.br\/site\/?p=29989"},"modified":"2018-12-15T09:52:00","modified_gmt":"2018-12-15T12:52:00","slug":"senhor-do-bonfim-esta-realizando-cadastramento-para-o-programa-garantia-safra-e-renovacao-do-dap","status":"publish","type":"post","link":"https:\/\/blogdoeloiltoncajuhy.com.br\/site\/senhor-do-bonfim-esta-realizando-cadastramento-para-o-programa-garantia-safra-e-renovacao-do-dap\/","title":{"rendered":"Senhor do Bonfim est\u00e1 realizando cadastramento para o Programa Garantia-Safra e renova\u00e7\u00e3o do DAP"},"content":{"rendered":"\n<div class=\"wp-block-image\"><figure class=\"aligncenter is-resized\"><img data-recalc-dims=\"1\" fetchpriority=\"high\" decoding=\"async\" src=\"https:\/\/i0.wp.com\/blogdoeloiltoncajuhy.com.br\/site\/wp-content\/uploads\/2018\/12\/garantia-safra_2018.jpg?resize=482%2C284\" alt=\"\" class=\"wp-image-29990\" width=\"482\" height=\"284\" srcset=\"https:\/\/i0.wp.com\/blogdoeloiltoncajuhy.com.br\/site\/wp-content\/uploads\/2018\/12\/garantia-safra_2018.jpg?w=690&amp;ssl=1 690w, https:\/\/i0.wp.com\/blogdoeloiltoncajuhy.com.br\/site\/wp-content\/uploads\/2018\/12\/garantia-safra_2018.jpg?resize=300%2C177&amp;ssl=1 300w, https:\/\/i0.wp.com\/blogdoeloiltoncajuhy.com.br\/site\/wp-content\/uploads\/2018\/12\/garantia-safra_2018.jpg?resize=250%2C148&amp;ssl=1 250w\" sizes=\"(max-width: 482px) 100vw, 482px\" \/><\/figure><\/div>\n\n\n\n<p>A Prefeitura de Senhor do Bonfim, por meio da Secretaria de Desenvolvimento da Agricultura Familiar (Sedaf), est\u00e1 realizando cadastramento para o Programa Garantia-Safra 2018\/2019 e renova\u00e7\u00e3o da Declara\u00e7\u00e3o de Aptid\u00e3o ao PRONAF (DAP).<\/p>\n\n\n\n<p>O programa beneficia agricultores familiares que tiveram perda na safra em decorr\u00eancia de seca ou enchente. No munic\u00edpio de Senhor do Bonfim cerca 1.500 fam\u00edlias ser\u00e3o beneficiadas.<br><br>As inscri\u00e7\u00f5es est\u00e3o sendo realizadas de forma itinerante nos distritos e comunidades rurais, na sede da Sedaf \u2013 ao lado da Prefeitura, no Sindicato dos Trabalhadores Rurais e na SETAF BAHIATER, at\u00e9 o m\u00eas de janeiro de 2019.<\/p>\n\n\n\n<p>Para realizar a inscri\u00e7\u00e3o no programa Garantia-Safra \u00e9 necess\u00e1rio apresentar os seguintes documentos: CPF, RG, NIS, DAP, comprovante de resid\u00eancia e documento da propriedade rural.<\/p>\n\n\n\n<p>O valor do benef\u00edcio \u00e9 de R$ 850,00, pago em 5 parcelas de R$ 170,00. A medida \u00e9 uma forma de contribuir com a seguran\u00e7a alimentar da fam\u00edlia do agricultor em \u00e9pocas de perda de suas lavouras. Em 2018, o programa liberou  mais de R$ 1 milh\u00e3o  para os agricultores de Senhor do Bonfim.<\/p>\n\n\n\n<p><strong><em>ASCOM &#8211; Prefeitura Municipal de Senhor do Bonfim &#8211; BA<\/em><\/strong><br><em>Telefones: 74 3541-8366<br>Endere\u00e7o: Pra\u00e7a Juracy Magalh\u00e3es, 126<br>E-MAIL: ascom@pmsb.ba.gov.br   <br>SITE OFICIAL: www.pmsb.ba.gov.br<br>FAN PAGE: www.facebook.com\/oficialpmsb<\/em><\/p>\n\n\n\n<p> <\/p>\n","protected":false},"excerpt":{"rendered":"<p>A Prefeitura de Senhor do Bonfim, por meio da Secretaria de Desenvolvimento da Agricultura Familiar (Sedaf), est\u00e1 realizando cadastramento para o Programa Garantia-Safra 2018\/2019 e renova\u00e7\u00e3o da Declara\u00e7\u00e3o de Aptid\u00e3o ao PRONAF (DAP). O programa beneficia agricultores familiares que tiveram perda na safra em decorr\u00eancia de seca ou enchente. No munic\u00edpio de Senhor do Bonfim [&hellip;]<\/p>\n","protected":false},"author":2,"featured_media":29990,"comment_status":"open","ping_status":"open","sticky":false,"template":"","format":"standard","meta":{"_acf_changed":false,"_monsterinsights_skip_tracking":false,"_monsterinsights_sitenote_active":false,"_monsterinsights_sitenote_note":"","_monsterinsights_sitenote_category":0,"_jetpack_memberships_contains_paid_content":false,"footnotes":"","jetpack_publicize_message":"","jetpack_publicize_feature_enabled":true,"jetpack_social_post_already_shared":true,"jetpack_social_options":{"image_generator_settings":{"template":"highway","default_image_id":0,"font":"","enabled":false},"version":2}},"categories":[1,4],"tags":[],"class_list":["post-29989","post","type-post","status-publish","format-standard","has-post-thumbnail","hentry","category-noticias","category-local"],"acf":[],"jetpack_publicize_connections":[],"jetpack_featured_media_url":"https:\/\/i0.wp.com\/blogdoeloiltoncajuhy.com.br\/site\/wp-content\/uploads\/2018\/12\/garantia-safra_2018.jpg?fit=690%2C408&ssl=1","jetpack_sharing_enabled":true,"publishpress_future_workflow_manual_trigger":{"enabledWorkflows":[]},"_links":{"self":[{"href":"https:\/\/blogdoeloiltoncajuhy.com.br\/site\/wp-json\/wp\/v2\/posts\/29989","targetHints":{"allow":["GET"]}}],"collection":[{"href":"https:\/\/blogdoeloiltoncajuhy.com.br\/site\/wp-json\/wp\/v2\/posts"}],"about":[{"href":"https:\/\/blogdoeloiltoncajuhy.com.br\/site\/wp-json\/wp\/v2\/types\/post"}],"author":[{"embeddable":true,"href":"https:\/\/blogdoeloiltoncajuhy.com.br\/site\/wp-json\/wp\/v2\/users\/2"}],"replies":[{"embeddable":true,"href":"https:\/\/blogdoeloiltoncajuhy.com.br\/site\/wp-json\/wp\/v2\/comments?post=29989"}],"version-history":[{"count":1,"href":"https:\/\/blogdoeloiltoncajuhy.com.br\/site\/wp-json\/wp\/v2\/posts\/29989\/revisions"}],"predecessor-version":[{"id":29991,"href":"https:\/\/blogdoeloiltoncajuhy.com.br\/site\/wp-json\/wp\/v2\/posts\/29989\/revisions\/29991"}],"wp:featuredmedia":[{"embeddable":true,"href":"https:\/\/blogdoeloiltoncajuhy.com.br\/site\/wp-json\/wp\/v2\/media\/29990"}],"wp:attachment":[{"href":"https:\/\/blogdoeloiltoncajuhy.com.br\/site\/wp-json\/wp\/v2\/media?parent=29989"}],"wp:term":[{"taxonomy":"category","embeddable":true,"href":"https:\/\/blogdoeloiltoncajuhy.com.br\/site\/wp-json\/wp\/v2\/categories?post=29989"},{"taxonomy":"post_tag","embeddable":true,"href":"https:\/\/blogdoeloiltoncajuhy.com.br\/site\/wp-json\/wp\/v2\/tags?post=29989"}],"curies":[{"name":"wp","href":"https:\/\/api.w.org\/{rel}","templated":true}]}}