{"id":29987,"date":"2018-12-15T09:38:32","date_gmt":"2018-12-15T12:38:32","guid":{"rendered":"http:\/\/blogdoeloiltoncajuhy.com.br\/site\/?p=29987"},"modified":"2018-12-15T09:38:39","modified_gmt":"2018-12-15T12:38:39","slug":"prazo-de-implementacao-das-placas-do-mercosul-na-bahia-e-novamente-prorrogado","status":"publish","type":"post","link":"https:\/\/blogdoeloiltoncajuhy.com.br\/site\/prazo-de-implementacao-das-placas-do-mercosul-na-bahia-e-novamente-prorrogado\/","title":{"rendered":"Prazo de implementa\u00e7\u00e3o das placas do Mercosul na Bahia \u00e9 novamente prorrogado"},"content":{"rendered":"\n<h5 class=\"wp-block-heading\" style=\"text-align:center\">Novas placas estavam previstas para entrar em vigor no estado em 3 de dezembro. Data foi adiada para 17 de dezembro e, nesta sexta, foi prorrogada para 24<\/h5>\n\n\n\n<div class=\"wp-block-image\"><figure class=\"aligncenter is-resized\"><img data-recalc-dims=\"1\" fetchpriority=\"high\" decoding=\"async\" src=\"https:\/\/i0.wp.com\/blogdoeloiltoncajuhy.com.br\/site\/wp-content\/uploads\/2018\/11\/placa-Mercosul.jpeg?resize=491%2C327\" alt=\"\" class=\"wp-image-28935\" width=\"491\" height=\"327\" srcset=\"https:\/\/i0.wp.com\/blogdoeloiltoncajuhy.com.br\/site\/wp-content\/uploads\/2018\/11\/placa-Mercosul.jpeg?w=678&amp;ssl=1 678w, https:\/\/i0.wp.com\/blogdoeloiltoncajuhy.com.br\/site\/wp-content\/uploads\/2018\/11\/placa-Mercosul.jpeg?resize=300%2C200&amp;ssl=1 300w, https:\/\/i0.wp.com\/blogdoeloiltoncajuhy.com.br\/site\/wp-content\/uploads\/2018\/11\/placa-Mercosul.jpeg?resize=250%2C167&amp;ssl=1 250w\" sizes=\"(max-width: 491px) 100vw, 491px\" \/><\/figure><\/div>\n\n\n\n<p>O prazo de implanta\u00e7\u00e3o na Bahia da placa veicular padr\u00e3o Mercosul foi prorrogado pela segunda vez. Prevista para entrar em vigor originalmente em 3 de dezembro, a implanta\u00e7\u00e3o primeiro foi adiada para 17 de dezembro e, nesta sexta-feira (14), o prazo foi estendido novamente at\u00e9 24 de dezembro.<\/p>\n\n\n\n<p>De acordo com informa\u00e7\u00f5es do Departamento Estadual de Tr\u00e2nsito (Detran), a nova mudan\u00e7a foi definida por meio de um acordo entre o \u00f3rg\u00e3o, o Denatran e o Servi\u00e7o Federal de Processamento de Dados (Serpro).<\/p>\n\n\n\n<p>O objetivo do adiamento \u00e9 conceder tempo para que o Serpro finalize a integra\u00e7\u00e3o do novo sistema de emplacamento, com a amplia\u00e7\u00e3o do n\u00famero de fabricantes de placas que ir\u00e3o atuar em territ\u00f3rio baiano.<\/p>\n\n\n\n<p>Ainda de acordo com o Detran, at\u00e9 o momento, mais de 100 empresas estampadoras de placas j\u00e1 est\u00e3o credenciadas ao Denatran para oferecer o servi\u00e7o na Bahia.<\/p>\n\n\n\n<p class=\"has-medium-font-size\"><strong>Placas Mercosul<\/strong><br><\/p>\n\n\n\n<p>A nova placa ser\u00e1 obrigat\u00f3ria para os ve\u00edculos zero quil\u00f4metro e nos casos de transfer\u00eancia de propriedade, de jurisdi\u00e7\u00e3o e de munic\u00edpio e altera\u00e7\u00e3o de categoria do ve\u00edculo.<\/p>\n\n\n\n<p>O valor m\u00e9dio cobrado pelas placas atuais no estado \u00e9 de R$ 195. Conforme o Detran, a previs\u00e3o \u00e9 de que o pre\u00e7o n\u00e3o sofra altera\u00e7\u00e3o. No entanto, o Detran explica que esse valor n\u00e3o \u00e9 regulado pelo departamento, e sim estipulado pelas empresas que fazem e estampam as placas.<\/p>\n\n\n\n<p>A placa ter\u00e1 quatro letras e tr\u00eas n\u00fameros, emblema do Mercosul, bandeira do Brasil, marca d&#8217;\u00e1gua e c\u00f3digo de barras bidimensional (QR-Code).<\/p>\n\n\n\n<p><strong><em>Por G1 BA<\/em><\/strong><\/p>\n","protected":false},"excerpt":{"rendered":"<p>Novas placas estavam previstas para entrar em vigor no estado em 3 de dezembro. Data foi adiada para 17 de dezembro e, nesta sexta, foi prorrogada para 24 O prazo de implanta\u00e7\u00e3o na Bahia da placa veicular padr\u00e3o Mercosul foi prorrogado pela segunda vez. Prevista para entrar em vigor originalmente em 3 de dezembro, a [&hellip;]<\/p>\n","protected":false},"author":2,"featured_media":0,"comment_status":"open","ping_status":"open","sticky":false,"template":"","format":"standard","meta":{"_acf_changed":false,"_monsterinsights_skip_tracking":false,"_monsterinsights_sitenote_active":false,"_monsterinsights_sitenote_note":"","_monsterinsights_sitenote_category":0,"_jetpack_memberships_contains_paid_content":false,"footnotes":"","jetpack_publicize_message":"","jetpack_publicize_feature_enabled":true,"jetpack_social_post_already_shared":true,"jetpack_social_options":{"image_generator_settings":{"template":"highway","default_image_id":0,"font":"","enabled":false},"version":2}},"categories":[5,1],"tags":[],"class_list":["post-29987","post","type-post","status-publish","format-standard","hentry","category-cotidiano","category-noticias"],"acf":[],"jetpack_publicize_connections":[],"jetpack_featured_media_url":"","jetpack_sharing_enabled":true,"publishpress_future_workflow_manual_trigger":{"enabledWorkflows":[]},"_links":{"self":[{"href":"https:\/\/blogdoeloiltoncajuhy.com.br\/site\/wp-json\/wp\/v2\/posts\/29987","targetHints":{"allow":["GET"]}}],"collection":[{"href":"https:\/\/blogdoeloiltoncajuhy.com.br\/site\/wp-json\/wp\/v2\/posts"}],"about":[{"href":"https:\/\/blogdoeloiltoncajuhy.com.br\/site\/wp-json\/wp\/v2\/types\/post"}],"author":[{"embeddable":true,"href":"https:\/\/blogdoeloiltoncajuhy.com.br\/site\/wp-json\/wp\/v2\/users\/2"}],"replies":[{"embeddable":true,"href":"https:\/\/blogdoeloiltoncajuhy.com.br\/site\/wp-json\/wp\/v2\/comments?post=29987"}],"version-history":[{"count":1,"href":"https:\/\/blogdoeloiltoncajuhy.com.br\/site\/wp-json\/wp\/v2\/posts\/29987\/revisions"}],"predecessor-version":[{"id":29988,"href":"https:\/\/blogdoeloiltoncajuhy.com.br\/site\/wp-json\/wp\/v2\/posts\/29987\/revisions\/29988"}],"wp:attachment":[{"href":"https:\/\/blogdoeloiltoncajuhy.com.br\/site\/wp-json\/wp\/v2\/media?parent=29987"}],"wp:term":[{"taxonomy":"category","embeddable":true,"href":"https:\/\/blogdoeloiltoncajuhy.com.br\/site\/wp-json\/wp\/v2\/categories?post=29987"},{"taxonomy":"post_tag","embeddable":true,"href":"https:\/\/blogdoeloiltoncajuhy.com.br\/site\/wp-json\/wp\/v2\/tags?post=29987"}],"curies":[{"name":"wp","href":"https:\/\/api.w.org\/{rel}","templated":true}]}}